{"id":523180,"date":"2025-11-09T17:22:11","date_gmt":"2025-11-09T17:22:11","guid":{"rendered":"https:\/\/www.europesays.com\/fr\/523180\/"},"modified":"2025-11-09T17:22:11","modified_gmt":"2025-11-09T17:22:11","slug":"meme-a-la-retraite-en-ille-et-vilaine-les-agriculteurs-ne-rangent-pas-leurs-bottes","status":"publish","type":"post","link":"https:\/\/www.europesays.com\/fr\/523180\/","title":{"rendered":"M\u00eame \u00e0 la retraite, en Ille-et-Vilaine, les agriculteurs ne rangent pas leurs bottes"},"content":{"rendered":"<p>            Par<br \/>\n        <strong><br \/>\n            <a href=\"https:\/\/actu.fr\/auteur\/bertrand-dumarche\" title=\"Consulter tous les articles de Bertrand Dumarch\u00e9\" rel=\"nofollow noopener\" target=\"_blank\">Bertrand Dumarch\u00e9<\/a><br \/>\n        <\/strong><\/p>\n<p>        Publi\u00e9 le<\/p>\n<p>            9 nov. 2025 \u00e0 18h00        <\/p>\n<p><b>Jean-Yves Riault<\/b> arrive avec cinq minutes de retard au rendez-vous. Le temps d\u2019enlever ses bottes et sa tenue d\u2019agriculteur. Il vient de donner un coup de main \u00e0 son fils, qui a repris l\u2019exploitation laiti\u00e8re familiale \u00e0 <b>Guipry-Messac<\/b>. Retrait\u00e9 depuis cinq ans, l\u2019ancien \u00e9leveur n\u2019a pas perdu la main ni la passion. \u00ab C\u2019est plus fort que moi, avoue-t-il en souriant. Quand on a v\u00e9cu toute sa vie dans les champs, c\u2019est difficile de rester inactif. \u00bb Cette m\u00eame \u00e9nergie, il la met aujourd\u2019hui au service des anciens exploitants d\u2019Ille-et-Vilaine, en tant que pr\u00e9sident de leur section \u00e0 la FDSEA 35.<\/p>\n<p>Assembl\u00e9e g\u00e9n\u00e9rale \u00e0 Guipry-Messac<\/p>\n<p class=\" wall-content\">La <b>Section des Anciens Exploitants de la FDSEA d\u2019Ille-et-Vilaine<\/b> tiendra son assembl\u00e9e g\u00e9n\u00e9rale le lundi 17 novembre 2025 \u00e0 9 h 45, \u00e0 l\u2019Espace Claude Michel (34 rue de la R\u00e9sistance, c\u00f4t\u00e9 Messac). Un moment fort de l\u2019ann\u00e9e pour \u00e9changer, s\u2019informer et faire entendre la voix de ceux qui ont port\u00e9, durant des d\u00e9cennies, l\u2019agriculture du d\u00e9partement.<\/p>\n<p class=\" wall-content\">Au programme : rapport d\u2019activit\u00e9s et d\u2019orientation, interventions du Cr\u00e9dit Agricole sur la s\u00e9curit\u00e9 des paiements, de la MSA sur le calcul des retraites, et de Jo\u00ebl Limouzin, pr\u00e9sident de la Section nationale des anciens exploitants (SNAE). \u00ab C\u2019est toujours un temps de rencontres et de partages, souligne Jean-Yves Riault. On y aborde les sujets concrets qui touchent nos adh\u00e9rents au quotidien. \u00bb<\/p>\n<p>Au service de ses adh\u00e9rents<\/p>\n<p class=\" wall-content\">Cr\u00e9\u00e9e pour d\u00e9fendre les int\u00e9r\u00eats des retrait\u00e9s agricoles, la section compte aujourd\u2019hui plusieurs centaines d\u2019adh\u00e9rents r\u00e9partis dans tout le d\u00e9partement. R\u00e9unions d\u00e9centralis\u00e9es, voyages, informations pratiques : le programme est riche. \u00ab Nous travaillons sur de nombreux th\u00e8mes : retraites, s\u00e9curit\u00e9 bancaire, compl\u00e9mentaire sant\u00e9, bien vivre chez soi, d\u00e9taille le pr\u00e9sident. Nous devons informer, conseiller et accompagner. \u00bb<\/p>\n<p class=\" wall-content\">Prochaine destination pour les membres : la Chine, avant sans doute un projet en Roumanie ou dans le Gard. Mais au-del\u00e0 de la convivialit\u00e9, le r\u00f4le syndical reste essentiel. \u00ab Il faut toujours d\u00e9fendre ce que nous avons obtenu. Par exemple, il a fallu 25\u00a0ans pour atteindre 85 % du SMIC pour les retraites agricoles. C\u2019est un combat de tous les jours, notamment pour les femmes qui n\u2019avaient pas de statut. \u00bb<\/p>\n<p>Vid\u00e9os : en ce moment sur ActuTransmission et avenir du monde agricole<\/p>\n<p class=\" wall-content\">Engag\u00e9 dans le syndicalisme depuis 1999, ancien tr\u00e9sorier d\u00e9partemental de la FDSEA, Jean-Yves Riault conna\u00eet bien les r\u00e9alit\u00e9s de la profession. Et ses inqui\u00e9tudes demeurent. \u00ab Je pr\u00f4ne l\u2019installation, insiste-t-il. Mais je m\u2019interroge : est-ce que l\u2019agriculture qui arrive est celle qu\u2019on souhaite ? Celle des agrandissements ? Il faut des structures viables ; l\u2019agriculture n\u2019est pas faite pour les r\u00eaveurs. \u00bb<\/p>\n<p>Votre r\u00e9gion, votre actu !<\/p>\n<p>Recevez chaque jour les infos qui comptent pour vous.<\/p>\n<p>\t<a href=\"https:\/\/actu.fr\/newsletter\" class=\"ac-btn ac-btn--corner ac-btn--medium ac-btn--blue800\" rel=\"nofollow noopener\" target=\"_blank\">S&rsquo;incrire<\/a><\/p>\n<p class=\" wall-content\">Cette vigilance sur la transmission des exploitations reste un fil rouge pour les anciens exploitants : soutenir les jeunes, pr\u00e9server l\u2019\u00e9levage breton, encourager le renouvellement des g\u00e9n\u00e9rations. \u00ab Je suis inquiet pour l\u2019avenir de notre mod\u00e8le, mais malgr\u00e9 tout, il faut rester optimiste, ajoute-t-il. Notre r\u00f4le, c\u2019est aussi d\u2019accompagner et de soutenir nos actifs. \u00bb<\/p>\n<p>Une passion intacte<\/p>\n<p class=\" wall-content\">Pendant l\u2019entretien, son t\u00e9l\u00e9phone sonne : un appel pour discuter d\u2019un dossier foncier. La retraite, vraiment ? Jean-Yves Riault en rit : \u00ab On a la passion, alors on continue. C\u2019est pareil pour beaucoup d\u2019anciens agriculteurs. \u00bb Entre d\u00e9fense des droits, solidarit\u00e9 et projets collectifs, la section des anciens exploitants s\u2019affirme comme un maillon essentiel du r\u00e9seau syndical agricole.<\/p>\n<p class=\" wall-content\">Et le pr\u00e9sident le r\u00e9p\u00e8te : \u00ab Il faut capter les gens avant la retraite, qu\u2019ils restent dans le r\u00e9seau. Ce qu\u2019on fait a du sens. Nos combats ont \u00e9t\u00e9 utiles, et ils le seront encore demain \u00bb.<\/p>\n<p>Assembl\u00e9e g\u00e9n\u00e9rale de la Section des anciens exploitants \u2013 FDSEA 35 : lundi 17\u00a0novembre 2025 \u2013 Espace Claude Michel, 34 rue de la R\u00e9sistance, Guipry-Messac (c\u00f4t\u00e9 Messac) \u2013 Caf\u00e9 d\u2019accueil d\u00e8s 9 h 45 \u2013 Ouverture \u00e0 10 h 15<\/p>\n<p class=\" wall-content\">Personnalisez votre actualit\u00e9 en ajoutant vos villes et m\u00e9dias en favori avec <a href=\"https:\/\/moncompte.actu.fr\" title=\"D\u00e9couvez Mon Actu\" rel=\"nofollow noopener\" data-trk=\"{&quot;cta&quot;:{&quot;action&quot;:&quot;https:\\\/\\\/moncompte.actu.fr&quot;,&quot;category&quot;:&quot;mon compte&quot;,&quot;from&quot;:&quot;article footer&quot;,&quot;name&quot;:&quot;Mon actu&quot;,&quot;type&quot;:&quot;cta&quot;}}\" target=\"_blank\">Mon Actu<\/a>.<\/p>\n","protected":false},"excerpt":{"rendered":"Par Bertrand Dumarch\u00e9 Publi\u00e9 le 9 nov. 2025 \u00e0 18h00 Jean-Yves Riault arrive avec cinq minutes de retard&hellip;\n","protected":false},"author":2,"featured_media":523181,"comment_status":"","ping_status":"","sticky":false,"template":"","format":"standard","meta":{"footnotes":""},"categories":[2821],"tags":[1111,11,327,829,33,1777,674,1011,27,12,584,25,137],"class_list":{"0":"post-523180","1":"post","2":"type-post","3":"status-publish","4":"format-standard","5":"has-post-thumbnail","7":"category-rennes","8":"tag-actu","9":"tag-actualites","10":"tag-agriculture","11":"tag-bretagne","12":"tag-economie","13":"tag-eu","14":"tag-europe","15":"tag-fr","16":"tag-france","17":"tag-news","18":"tag-rennes","19":"tag-republique-francaise","20":"tag-retraite"},"share_on_mastodon":{"url":"https:\/\/pubeurope.com\/@fr\/115520900077905952","error":""},"_links":{"self":[{"href":"https:\/\/www.europesays.com\/fr\/wp-json\/wp\/v2\/posts\/523180","targetHints":{"allow":["GET"]}}],"collection":[{"href":"https:\/\/www.europesays.com\/fr\/wp-json\/wp\/v2\/posts"}],"about":[{"href":"https:\/\/www.europesays.com\/fr\/wp-json\/wp\/v2\/types\/post"}],"author":[{"embeddable":true,"href":"https:\/\/www.europesays.com\/fr\/wp-json\/wp\/v2\/users\/2"}],"replies":[{"embeddable":true,"href":"https:\/\/www.europesays.com\/fr\/wp-json\/wp\/v2\/comments?post=523180"}],"version-history":[{"count":0,"href":"https:\/\/www.europesays.com\/fr\/wp-json\/wp\/v2\/posts\/523180\/revisions"}],"wp:featuredmedia":[{"embeddable":true,"href":"https:\/\/www.europesays.com\/fr\/wp-json\/wp\/v2\/media\/523181"}],"wp:attachment":[{"href":"https:\/\/www.europesays.com\/fr\/wp-json\/wp\/v2\/media?parent=523180"}],"wp:term":[{"taxonomy":"category","embeddable":true,"href":"https:\/\/www.europesays.com\/fr\/wp-json\/wp\/v2\/categories?post=523180"},{"taxonomy":"post_tag","embeddable":true,"href":"https:\/\/www.europesays.com\/fr\/wp-json\/wp\/v2\/tags?post=523180"}],"curies":[{"name":"wp","href":"https:\/\/api.w.org\/{rel}","templated":true}]}}