{"id":523192,"date":"2025-11-09T17:28:16","date_gmt":"2025-11-09T17:28:16","guid":{"rendered":"https:\/\/www.europesays.com\/fr\/523192\/"},"modified":"2025-11-09T17:28:16","modified_gmt":"2025-11-09T17:28:16","slug":"un-nouveau-restaurant-dans-la-rue-foure-a-nantes","status":"publish","type":"post","link":"https:\/\/www.europesays.com\/fr\/523192\/","title":{"rendered":"un nouveau restaurant dans la rue Four\u00e9 \u00e0 Nantes"},"content":{"rendered":"<p>            Par<br \/>\n        <strong><br \/>\n            <a href=\"https:\/\/actu.fr\/auteur\/thomas-bernard\" title=\"Consulter tous les articles de Thomas Bernard\" target=\"_blank\" rel=\"noopener\">Thomas Bernard<\/a><br \/>\n        <\/strong><\/p>\n<p>        Publi\u00e9 le<\/p>\n<p>            9 nov. 2025 \u00e0 17h16        <\/p>\n<p>\u00c0 quelques pas de la Cit\u00e9 des Congr\u00e8s, la rue Four\u00e9 ravit les papilles des Nantais. Cuisine fran\u00e7aise, italienne, asiatique, l\u2019offre gastronomique est \u00e9clectique. Depuis <b>le mercredi 29\u00a0octobre 2025<\/b>, un petit nouveau a fait son apparition dans le quartier.<\/p>\n<p class=\" wall-content\">Avec sa devanture jaune, <a href=\"https:\/\/www.instagram.com\/boucan.nantes\/\" target=\"_blank\" rel=\"noopener\">Boucan<\/a> a ouvert ses portes au 32 bis rue Four\u00e9. Une nouvelle adresse m\u00ealant <b>bar de comptoir, brasserie et piste de d\u00e9fouloir<\/b>. Rencontre avec <b>Camille Dalibard et Emrick Le Corre,<\/b> les deux g\u00e9rants de Boucan.<\/p>\n<p>Restaurant, bar et piste de danse<\/p>\n<p class=\" wall-content\">Bouteilles de vin, miroirs, d\u00e9corations color\u00e9es ornent les murs du restaurant pouvant accueillir jusqu\u2019\u00e0 70 couverts. <b>Saucisse au muscadet, ris de veau, poitrine de cochon ou encore croque Boucan gourmand<\/b> figurent sur la carte.<\/p>\n<p class=\" wall-content\">Comme le pr\u00e9sente Camille, les g\u00e9rants veulent faire de Boucan un endroit \u00ab\u2009o\u00f9 les gens <b>mangent comme dans un restaurant, boivent comme dans un bar puis font la f\u00eate\u2009\u00bb<\/b>.<br \/>Positionn\u00e9 \u00e0 quelques pas de la Cit\u00e9 des Congr\u00e8s, le quartier est plus dynamique \u00e0 l\u2019heure du d\u00e9jeuner que du d\u00eener. En m\u00e9langeant les genres,\u00a0 Camille et Emrick veulent proposer une offre suppl\u00e9mentaire dans la rue Four\u00e9.<\/p>\n<p><a class=\"jo-module-caroussel__img-container\" href=\"https:\/\/static.actu.fr\/uploads\/2025\/11\/a9d6690bbc096bdd6690bbc0991e66v-1.jpeg\" title=\"Agrandir la photo Le restaurant est ouvert depuis le 29\u00a0octobre. (\u00a9 Thomas Bernard \/ actu Nantes)\" data-idx=\"1\" target=\"_blank\" rel=\"noopener\"><br \/>\n    <img decoding=\"async\" class=\"jo-module-caroussel__img\" loading=\"lazy\" src=\"https:\/\/www.europesays.com\/fr\/wp-content\/uploads\/2025\/11\/a9d6690bbc096bdd6690bbc0991e66v-1-640x427.jpeg\" alt=\"Le restaurant est ouvert depuis le 29\u00a0octobre. (\u00a9 Thomas Bernard \/ actu Nantes)\" width=\"640\" height=\"427\"\/><\/a><a class=\"jo-module-caroussel__img-container\" href=\"https:\/\/static.actu.fr\/uploads\/2025\/11\/d595690bbc096d995690bbc0900a56v-1.jpeg\" title=\"Agrandir la photo La salle peut accueillir jusqu\u2019\u00e0 70 couverts. (\u00a9 Thomas Bernard \/ actu Nantes)\" data-idx=\"2\" target=\"_blank\" rel=\"noopener\"><br \/>\n    <img decoding=\"async\" class=\"jo-module-caroussel__img\" loading=\"lazy\" src=\"https:\/\/www.europesays.com\/fr\/wp-content\/uploads\/2025\/11\/d595690bbc096d995690bbc0900a56v-1-640x427.jpeg\" alt=\"La salle peut accueillir jusqu\u2019\u00e0 70 couverts. (\u00a9 Thomas Bernard \/ actu Nantes)\" width=\"640\" height=\"427\"\/><\/a><\/p>\n<p class=\" wall-content\">Outre l\u2019offre de restauration, Boucan propose des <b>soir\u00e9es musicales<\/b>, avec des concerts le vendredi soir mais aussi des soir\u00e9es o\u00f9 le lieu se transforme en piste de danse apr\u00e8s le service. Les amateurs de fl\u00e9chettes peuvent se d\u00e9fier en martyrisant la cible. En somme, une adresse prot\u00e9iforme.<\/p>\n<p class=\" wall-content\">\u00ab\u2009J\u2019aime bien le m\u00e9lange entre un pub, un bistro et un bar. Tout \u00e7a accoud\u00e9 au coin du comptoir\u2009\u00bb, r\u00e9sume Emrick.<\/p>\n<p>Votre r\u00e9gion, votre actu !<\/p>\n<p>Recevez chaque jour les infos qui comptent pour vous.<\/p>\n<p>\t<a href=\"https:\/\/actu.fr\/newsletter\" class=\"ac-btn ac-btn--corner ac-btn--medium ac-btn--blue800\" target=\"_blank\" rel=\"noopener\">S&rsquo;incrire<\/a><br \/>\nBoucan, le \u00ab\u2009petit fr\u00e8re\u2009\u00bb de Guindaille<\/p>\n<p class=\" wall-content\">Camille a grandi en Bretagne o\u00f9 elle rencontre Emrick, d\u2019origine Belge et d\u2019un p\u00e8re breton. Le couple s\u2019installe dans le Plat Pays o\u00f9 Emrick va tenir un caf\u00e9 en Wallonie pendant plusieurs ann\u00e9es.<\/p>\n<p class=\" wall-content\">\u00ab\u2009J\u2019ai toujours fait de la restauration depuis mes 16\u00a0ans en tant qu\u2019\u00e9tudiante. En arrivant en Belgique, j\u2019ai commenc\u00e9 la restauration \u00e0 temps plein\u2009\u00bb, rembobine Camille.<\/p>\n<p class=\" wall-content\">Apr\u00e8s la Belgique, le couple d\u00e9cide de revenir en France et <b>a un coup de c\u0153ur pour Nantes<\/b>. Ancien \u00e9lectrom\u00e9canicien naval, Emrick plonge dans le milieu de la restauration et du bar. \u00ab\u2009J\u2019ai toujours aim\u00e9 recevoir du monde. J\u2019ai toujours aim\u00e9 bichonner (sic) les invit\u00e9s et j\u2019appr\u00e9cie le c\u00f4t\u00e9 ambianceur\u2009\u00bb, explique le trentenaire.<\/p>\n<p class=\" wall-content\">Il y a trois ans, Camille et Emrick ouvrent <a href=\"https:\/\/actu.fr\/pays-de-la-loire\/nantes_44109\/nantes-guindaille-le-nouveau-resto-branche-de-la-rue-foure_55375440.html\" target=\"_blank\" rel=\"noopener\">Guindaille<\/a>, un restaurant avec une carte bistronomique, situ\u00e9 au 36 rue Four\u00e9, soit \u00e0 <b>une trentaine de m\u00e8tres de Boucan<\/b>.<\/p>\n<p class=\" wall-content\">\u00ab\u2009\u00c0 la base, on voulait que Guindaille soit le mix parfait entre bar, \u00e9v\u00e9nementiel, et puis restaurant. Sauf qu\u2019on s\u2019est rendu compte que l\u2019agencement du restaurant emp\u00eachait un petit peu le d\u00e9veloppement de l\u2019\u00e9v\u00e9nementiel\u2009\u00bb, confie l\u2019ancien \u00e9lectrom\u00e9canicien naval.<\/p>\n<p>    <img   decoding=\"async\" loading=\"lazy\" class=\"size-large\" src=\"https:\/\/www.europesays.com\/fr\/wp-content\/uploads\/2025\/11\/97a43f808c0969ba43f808c097fa43v-1-960x640.jpeg\" alt=\"Une nouvelle brasserie a ouvert dans la rue Four\u00e9, \u00e0 Nantes.\" width=\"960\" height=\"640\"\/><br \/>\n    Une nouvelle brasserie a ouvert dans la rue Four\u00e9, \u00e0 Nantes. \u00a9Thomas Bernard \/ actu Nantes<\/p>\n<p class=\" wall-content\">Quand le local du 32 bis rue Four\u00e9 s\u2019est lib\u00e9r\u00e9, le duo a d\u00e9cid\u00e9 de saisir l\u2019opportunit\u00e9 pour concr\u00e9tiser leur projet et b\u00e9n\u00e9ficier d\u2019un espace suffisant. En ouvrant Boucan, les restaurateurs veulent proposer une \u00ab\u2009offre compl\u00e9mentaire\u2009\u00bb \u00e0 celle propos\u00e9e chez Guindaille.<\/p>\n<p class=\" wall-content\">Apr\u00e8s plus d\u2019une semaine d\u2019ouverture, les patrons ont fait part du retour positif de la client\u00e8le qui semble appr\u00e9cier le concept. \u00ab\u2009On veut que ce soit un Boucan qui fait du bien\u2009\u00bb, sourient Camille et Emrick.<\/p>\n<p><b>Infos pratiques<\/b>Boucan, 32 bis rue Four\u00e9, Nantes.Ouvert du mardi au samedi.Horaires\u2009:12\u2009h-14h \/ 17h30 \u2013 minuit, du mardi au jeudi.12h-14h \/ 17h30 \u2013 2h, le vendredi.17h30-2h le samedi.<\/p>\n<p class=\" wall-content\">Personnalisez votre actualit\u00e9 en ajoutant vos villes et m\u00e9dias en favori avec <a href=\"https:\/\/moncompte.actu.fr\" title=\"D\u00e9couvez Mon Actu\" rel=\"nofollow noopener\" data-trk=\"{&quot;cta&quot;:{&quot;action&quot;:&quot;https:\\\/\\\/moncompte.actu.fr&quot;,&quot;category&quot;:&quot;mon compte&quot;,&quot;from&quot;:&quot;article footer&quot;,&quot;name&quot;:&quot;Mon actu&quot;,&quot;type&quot;:&quot;cta&quot;}}\" target=\"_blank\">Mon Actu<\/a>.<\/p>\n<p>                    <script async src=\"\/\/www.instagram.com\/embed.js\"><\/script><\/p>\n","protected":false},"excerpt":{"rendered":"Par Thomas Bernard Publi\u00e9 le 9 nov. 2025 \u00e0 17h16 \u00c0 quelques pas de la Cit\u00e9 des Congr\u00e8s,&hellip;\n","protected":false},"author":2,"featured_media":523193,"comment_status":"","ping_status":"","sticky":false,"template":"","format":"standard","meta":{"footnotes":""},"categories":[2818],"tags":[1111,11,215,1777,674,1011,27,766,12,3147,2636,25,1340,104],"class_list":{"0":"post-523192","1":"post","2":"type-post","3":"status-publish","4":"format-standard","5":"has-post-thumbnail","7":"category-nantes","8":"tag-actu","9":"tag-actualites","10":"tag-commerce","11":"tag-eu","12":"tag-europe","13":"tag-fr","14":"tag-france","15":"tag-nantes","16":"tag-news","17":"tag-nouveaux-commerces","18":"tag-pays-de-la-loire","19":"tag-republique-francaise","20":"tag-restaurant","21":"tag-societe"},"share_on_mastodon":{"url":"https:\/\/pubeurope.com\/@fr\/115520925293146157","error":""},"_links":{"self":[{"href":"https:\/\/www.europesays.com\/fr\/wp-json\/wp\/v2\/posts\/523192","targetHints":{"allow":["GET"]}}],"collection":[{"href":"https:\/\/www.europesays.com\/fr\/wp-json\/wp\/v2\/posts"}],"about":[{"href":"https:\/\/www.europesays.com\/fr\/wp-json\/wp\/v2\/types\/post"}],"author":[{"embeddable":true,"href":"https:\/\/www.europesays.com\/fr\/wp-json\/wp\/v2\/users\/2"}],"replies":[{"embeddable":true,"href":"https:\/\/www.europesays.com\/fr\/wp-json\/wp\/v2\/comments?post=523192"}],"version-history":[{"count":0,"href":"https:\/\/www.europesays.com\/fr\/wp-json\/wp\/v2\/posts\/523192\/revisions"}],"wp:featuredmedia":[{"embeddable":true,"href":"https:\/\/www.europesays.com\/fr\/wp-json\/wp\/v2\/media\/523193"}],"wp:attachment":[{"href":"https:\/\/www.europesays.com\/fr\/wp-json\/wp\/v2\/media?parent=523192"}],"wp:term":[{"taxonomy":"category","embeddable":true,"href":"https:\/\/www.europesays.com\/fr\/wp-json\/wp\/v2\/categories?post=523192"},{"taxonomy":"post_tag","embeddable":true,"href":"https:\/\/www.europesays.com\/fr\/wp-json\/wp\/v2\/tags?post=523192"}],"curies":[{"name":"wp","href":"https:\/\/api.w.org\/{rel}","templated":true}]}}