{"id":523200,"date":"2025-11-09T17:32:09","date_gmt":"2025-11-09T17:32:09","guid":{"rendered":"https:\/\/www.europesays.com\/fr\/523200\/"},"modified":"2025-11-09T17:32:09","modified_gmt":"2025-11-09T17:32:09","slug":"pres-de-toulouse-une-maison-prend-feu-une-vingtaine-de-pompiers-mobilisee","status":"publish","type":"post","link":"https:\/\/www.europesays.com\/fr\/523200\/","title":{"rendered":"Pr\u00e8s de Toulouse, une maison prend feu, une vingtaine de pompiers mobilis\u00e9e"},"content":{"rendered":"<p>            Par<br \/>\n        <strong><br \/>\n            <a href=\"https:\/\/actu.fr\/auteur\/lucie-2\" title=\"Consulter tous les articles de Lucie Fraisse\" rel=\"nofollow noopener\" target=\"_blank\">Lucie Fraisse<\/a><br \/>\n        <\/strong><\/p>\n<p>        Publi\u00e9 le<\/p>\n<p>            9 nov. 2025 \u00e0 18h16        <\/p>\n<p>L\u2019alerte a \u00e9t\u00e9 donn\u00e9e peu apr\u00e8s 15\u00a0heures, ce dimanche 9\u00a0novembre, apr\u00e8s qu\u2019un feu de maison s\u2019est d\u00e9clar\u00e9 dans la commune de<strong> Grenade<\/strong>, non loin de <a href=\"https:\/\/actu.fr\/toulouse\/\" rel=\"nofollow noopener\" target=\"_blank\">Toulouse<\/a>.<\/p>\n<p>    <a href=\"https:\/\/www.google.com\/maps\/embed?pb=!1m18!1m12!1m3!1d92195.8858346994!2d1.196658065644564!3d43.77033806680765!2m3!1f0!2f0!3f0!3m2!1i1024!2i768!4f13.1!3m3!1m2!1s0x12aea9f0a7562e05%3A0xd245bc2fad147362!2s31330%20Grenade!5e0!3m2!1sfr!2sfr!4v1762708348433!5m2!1sfr!2sfr\" title=\"Ouvrie le lien\" rel=\"nofollow noopener\" target=\"_blank\">Cliquez ici pour visualiser le contenu<\/a><\/p>\n<p>Dans une maison individuelle<\/p>\n<p class=\" wall-content\">Un feu qui a pris dans une maison individuelle d\u2019environ 90 m\u00b2, comprenant un \u00e9tage et, par chance, vide de ses occupants. C\u2019est par un appel au 112 signalant de la fum\u00e9e s\u2019\u00e9chappant par les fen\u00eatres et la toiture que les pompiers ont \u00e9t\u00e9 pr\u00e9venus.<\/p>\n<p class=\" wall-content\">18 pompiers se sont rendus sur place, <strong>deux lances \u00e0 incendie ont \u00e9t\u00e9 d\u00e9ploy\u00e9es<\/strong>. Ils \u00e9taient toujours sur place pour d\u00e9blayer et surveiller les lieux \u00e0 18\u00a0heures.<\/p>\n<p class=\" wall-content\">Personnalisez votre actualit\u00e9 en ajoutant vos villes et m\u00e9dias en favori avec <a href=\"https:\/\/moncompte.actu.fr\" title=\"D\u00e9couvez Mon Actu\" rel=\"nofollow noopener\" data-trk=\"{&quot;cta&quot;:{&quot;action&quot;:&quot;https:\\\/\\\/moncompte.actu.fr&quot;,&quot;category&quot;:&quot;mon compte&quot;,&quot;from&quot;:&quot;article footer&quot;,&quot;name&quot;:&quot;Mon actu&quot;,&quot;type&quot;:&quot;cta&quot;}}\" target=\"_blank\">Mon Actu<\/a>.<\/p>\n","protected":false},"excerpt":{"rendered":"Par Lucie Fraisse Publi\u00e9 le 9 nov. 2025 \u00e0 18h16 L\u2019alerte a \u00e9t\u00e9 donn\u00e9e peu apr\u00e8s 15\u00a0heures, ce&hellip;\n","protected":false},"author":2,"featured_media":523201,"comment_status":"","ping_status":"","sticky":false,"template":"","format":"standard","meta":{"footnotes":""},"categories":[2816],"tags":[1111,11,1777,674,118,1011,27,12,2680,1311,25,2312],"class_list":{"0":"post-523200","1":"post","2":"type-post","3":"status-publish","4":"format-standard","5":"has-post-thumbnail","7":"category-toulouse","8":"tag-actu","9":"tag-actualites","10":"tag-eu","11":"tag-europe","12":"tag-faits-divers","13":"tag-fr","14":"tag-france","15":"tag-news","16":"tag-occitanie","17":"tag-pompiers","18":"tag-republique-francaise","19":"tag-toulouse"},"share_on_mastodon":{"url":"https:\/\/pubeurope.com\/@fr\/115520939360800164","error":""},"_links":{"self":[{"href":"https:\/\/www.europesays.com\/fr\/wp-json\/wp\/v2\/posts\/523200","targetHints":{"allow":["GET"]}}],"collection":[{"href":"https:\/\/www.europesays.com\/fr\/wp-json\/wp\/v2\/posts"}],"about":[{"href":"https:\/\/www.europesays.com\/fr\/wp-json\/wp\/v2\/types\/post"}],"author":[{"embeddable":true,"href":"https:\/\/www.europesays.com\/fr\/wp-json\/wp\/v2\/users\/2"}],"replies":[{"embeddable":true,"href":"https:\/\/www.europesays.com\/fr\/wp-json\/wp\/v2\/comments?post=523200"}],"version-history":[{"count":0,"href":"https:\/\/www.europesays.com\/fr\/wp-json\/wp\/v2\/posts\/523200\/revisions"}],"wp:featuredmedia":[{"embeddable":true,"href":"https:\/\/www.europesays.com\/fr\/wp-json\/wp\/v2\/media\/523201"}],"wp:attachment":[{"href":"https:\/\/www.europesays.com\/fr\/wp-json\/wp\/v2\/media?parent=523200"}],"wp:term":[{"taxonomy":"category","embeddable":true,"href":"https:\/\/www.europesays.com\/fr\/wp-json\/wp\/v2\/categories?post=523200"},{"taxonomy":"post_tag","embeddable":true,"href":"https:\/\/www.europesays.com\/fr\/wp-json\/wp\/v2\/tags?post=523200"}],"curies":[{"name":"wp","href":"https:\/\/api.w.org\/{rel}","templated":true}]}}