{"id":523206,"date":"2025-11-09T17:36:17","date_gmt":"2025-11-09T17:36:17","guid":{"rendered":"https:\/\/www.europesays.com\/fr\/523206\/"},"modified":"2025-11-09T17:36:17","modified_gmt":"2025-11-09T17:36:17","slug":"la-memoire-des-32-enfants-juifs-de-la-verdiere-commemoree-quartier-de-la-rose-a-marseille","status":"publish","type":"post","link":"https:\/\/www.europesays.com\/fr\/523206\/","title":{"rendered":"La m\u00e9moire des 32 enfants juifs de la Verdi\u00e8re comm\u00e9mor\u00e9e quartier de la Rose \u00e0 Marseille"},"content":{"rendered":"<p class=\"rev-margin-0 rev-text-xs-normal\">S&rsquo;ils se sont recueillis devant la st\u00e8le apr\u00e8s le d\u00e9p\u00f4t de gerbes, les nombreux \u00e9lus pr\u00e9sents n&rsquo;ont pas pris la parole, la laissant aux repr\u00e9sentants de la communaut\u00e9 juive.<\/p>\n<p class=\"rev-margin-0 rev-text-xs-bold\">\/ PHOTO L.M.<\/p>\n<p>\u00ab\u00a0Se souvenir, ce n\u2019est pas regarder le pass\u00e9, c\u2019est prot\u00e9ger l\u2019avenir.\u00a0\u00bb Jean-Jacques Zenou, pr\u00e9sident de la radio juive de <a href=\"https:\/\/www.laprovence.com\/bouches-du-rhone\/marseille-13055\" target=\"_blank\" rel=\"noopener\">Marseille<\/a> Radio JM, animait ce dimanche 9\u00a0novembre au matin la <a href=\"https:\/\/laprovence.com\/article\/region\/2395486315369715\/a-marseille-un-square-pour-garder-vive-la-memoire-des-enfants-de-la-verdiere\" target=\"_blank\" rel=\"noopener\">c\u00e9r\u00e9monie comm\u00e9morative pour les enfants juifs de la Verdi\u00e8re<\/a>, \u00e0 la Rose (13e). C\u2019est ici, au 40 avenue de la Rose, qu\u2019\u00e0 l\u2019automne\u00a01943, 32 enfants \u00e2g\u00e9s de 6 mois \u00e0 17\u00a0ans, 10\u00a0mamans et 5 autres adultes ont \u00e9t\u00e9 d\u00e9port\u00e9s vers le camp de Drancy avant d\u2019\u00eatre tu\u00e9s \u00e0 Auschwitz parce qu\u2019ils \u00e9taient juifs.<\/p>\n<p>Ils avaient trouv\u00e9 refuge en mai\u00a01943 dans ce \u00ab\u00a0ch\u00e2teau\u00a0\u00bb de la Verdi\u00e8re, dont il ne reste aujourd\u2019hui que le nom, le b\u00e2ti ayant \u00e9t\u00e9 ras\u00e9 en\u00a01994 pour laisser place \u00e0 un petit centre commercial. Cet h\u00f4tel-pension avait \u00e9t\u00e9 ouvert sur ordre de la Gestapo, pour y placer des enfants juifs et leurs m\u00e8res en r\u00e9tention apr\u00e8s les rafles du Vieux-Port et de l\u2019Op\u00e9ra de janvier\u00a01943. Ils y ont v\u00e9cu dans une sorte de bulle d\u2019innocence et de fra\u00eecheur, jusqu\u2019au <a href=\"https:\/\/www.laprovence.com\/article\/region\/1690213645343614\/rafle-de-la-verdiere-a-marseille-destination-auschwitz-pour-30-enfants-juifs\" target=\"_blank\" rel=\"noopener\">20\u00a0octobre\u00a01943, premier jour de leur d\u00e9portation<\/a>.<\/p>\n<p><img alt=\"La c\u00e9r\u00e9monie s'est achev\u00e9e par le d\u00e9p\u00f4t de roses blanches sur la st\u00e8le du 40, avenue de la Rose (13e) par les enfants pr\u00e9sents.\" loading=\"lazy\" decoding=\"async\" data-nimg=\"fill\" class=\" TwicCore_img__i9TC1 undefined  undefined\" style=\"position:absolute;height:100%;width:100%;left:0;top:0;right:0;bottom:0;color:transparent;background-size:cover;background-position:50% 50%;background-repeat:no-repeat;background-image:url(&quot;data:image\/svg+xml;charset=utf-8,%3Csvg xmlns='http:\/\/www.w3.org\/2000\/svg' %3E%3Cfilter id='b' color-interpolation-filters='sRGB'%3E%3CfeGaussianBlur stdDeviation='20'\/%3E%3CfeColorMatrix values='1 0 0 0 0 0 1 0 0 0 0 0 1 0 0 0 0 0 100 -1' result='s'\/%3E%3CfeFlood x='0' y='0' width='100%25' height='100%25'\/%3E%3CfeComposite operator='out' in='s'\/%3E%3CfeComposite in2='SourceGraphic'\/%3E%3CfeGaussianBlur stdDeviation='20'\/%3E%3C\/filter%3E%3Cimage width='100%25' height='100%25' x='0' y='0' preserveAspectRatio='none' style='filter: url(%23b);' href='https:\/\/pictures.laprovence.com\/cdn-cgi\/image\/blur=250\/media\/melody\/2025\/11\/09\/la-ceremonie-s-est-achevee-par-le-depot-de-roses-blanches-sur-la-stele-du-40-avenue-de-la-rose-13e-p-1762703667_73697411b0196a7697411b0197b697v_.jpg'\/%3E%3C\/svg%3E&quot;)\"   src=\"https:\/\/www.europesays.com\/fr\/wp-content\/uploads\/2025\/11\/la-ceremonie-s-est-achevee-par-le-depot-de-roses-blanches-sur-la-stele-du-40-avenue-de-la-rose-13e-p.jpeg\"\/>La c\u00e9r\u00e9monie s&rsquo;est achev\u00e9e par le d\u00e9p\u00f4t de roses blanches sur la st\u00e8le du 40, avenue de la Rose (13e) par les enfants pr\u00e9sents. \/ PHOTO L.M.<\/p>\n<p>Les \u00e9lus et repr\u00e9sentants institutionnels de la communaut\u00e9 juive de Marseille \u00e9taient nombreux ce dimanche pour prendre part \u00e0 cette comm\u00e9moration. Si Martine Vassal (DVD) \u00e9tait repr\u00e9sent\u00e9e par Denis Rossi pour l&#8230;<\/p>\n","protected":false},"excerpt":{"rendered":"S&rsquo;ils se sont recueillis devant la st\u00e8le apr\u00e8s le d\u00e9p\u00f4t de gerbes, les nombreux \u00e9lus pr\u00e9sents n&rsquo;ont pas&hellip;\n","protected":false},"author":2,"featured_media":523207,"comment_status":"","ping_status":"","sticky":false,"template":"","format":"standard","meta":{"footnotes":""},"categories":[2814],"tags":[17,1111,11,64352,154,1719,1777,674,1011,27,17198,884,280,12,882,5775,16,25,17197],"class_list":{"0":"post-523206","1":"post","2":"type-post","3":"status-publish","4":"format-standard","5":"has-post-thumbnail","7":"category-marseille","8":"tag-17","9":"tag-actu","10":"tag-actualites","11":"tag-commemoree","12":"tag-des","13":"tag-enfants","14":"tag-eu","15":"tag-europe","16":"tag-fr","17":"tag-france","18":"tag-juifs","19":"tag-marseille","20":"tag-memoire","21":"tag-news","22":"tag-provence-alpes-cote-dazur","23":"tag-quartier","24":"tag-region","25":"tag-republique-francaise","26":"tag-verdiere"},"share_on_mastodon":{"url":"https:\/\/pubeurope.com\/@fr\/115520955605077408","error":""},"_links":{"self":[{"href":"https:\/\/www.europesays.com\/fr\/wp-json\/wp\/v2\/posts\/523206","targetHints":{"allow":["GET"]}}],"collection":[{"href":"https:\/\/www.europesays.com\/fr\/wp-json\/wp\/v2\/posts"}],"about":[{"href":"https:\/\/www.europesays.com\/fr\/wp-json\/wp\/v2\/types\/post"}],"author":[{"embeddable":true,"href":"https:\/\/www.europesays.com\/fr\/wp-json\/wp\/v2\/users\/2"}],"replies":[{"embeddable":true,"href":"https:\/\/www.europesays.com\/fr\/wp-json\/wp\/v2\/comments?post=523206"}],"version-history":[{"count":0,"href":"https:\/\/www.europesays.com\/fr\/wp-json\/wp\/v2\/posts\/523206\/revisions"}],"wp:featuredmedia":[{"embeddable":true,"href":"https:\/\/www.europesays.com\/fr\/wp-json\/wp\/v2\/media\/523207"}],"wp:attachment":[{"href":"https:\/\/www.europesays.com\/fr\/wp-json\/wp\/v2\/media?parent=523206"}],"wp:term":[{"taxonomy":"category","embeddable":true,"href":"https:\/\/www.europesays.com\/fr\/wp-json\/wp\/v2\/categories?post=523206"},{"taxonomy":"post_tag","embeddable":true,"href":"https:\/\/www.europesays.com\/fr\/wp-json\/wp\/v2\/tags?post=523206"}],"curies":[{"name":"wp","href":"https:\/\/api.w.org\/{rel}","templated":true}]}}