{"id":523214,"date":"2025-11-09T17:41:10","date_gmt":"2025-11-09T17:41:10","guid":{"rendered":"https:\/\/www.europesays.com\/fr\/523214\/"},"modified":"2025-11-09T17:41:10","modified_gmt":"2025-11-09T17:41:10","slug":"attentat-dejoue-bataille-juridique-apres-un-avc-le-recap-de-linfo-du-week-end-a-paris-et-en-ile-de-france","status":"publish","type":"post","link":"https:\/\/www.europesays.com\/fr\/523214\/","title":{"rendered":"Attentat d\u00e9jou\u00e9, bataille juridique apr\u00e8s un AVC&#8230; Le r\u00e9cap de l&rsquo;info du week-end \u00e0 Paris et en \u00cele-de-France"},"content":{"rendered":"<p>            Par<br \/>\n        <strong><br \/>\n            <a href=\"https:\/\/actu.fr\/auteur\/glenn-gillet\" title=\"Consulter tous les articles de Glenn Gillet\" rel=\"nofollow noopener\" target=\"_blank\">Glenn Gillet<\/a><br \/>\n        <\/strong><\/p>\n<p>        Publi\u00e9 le<\/p>\n<p>            9 nov. 2025 \u00e0 18h04        <\/p>\n<p>Femmes mises en examen pour un projet d\u2019attentat, bataille juridique autour d\u2019une victime d\u2019AVC\u2026 L\u2019actualit\u00e9 a \u00e9t\u00e9 <strong>charg\u00e9e<\/strong> en \u00cele-de-France au cours de ce week-end du <strong>samedi\u00a08 et du dimanche 9\u00a0novembre 2025<\/strong>. Voici les principales informations des r\u00e9dactions d\u2019<strong>actu<\/strong> dans notre r\u00e9gion.<\/p>\n<p class=\" wall-content\"><a href=\"https:\/\/actu.fr\/ile-de-france\/paris_75056\/elles-visaient-une-salle-de-concert-ou-un-bar-a-paris-trois-femmes-interpellees-pour-un-projet-d-attentat_63413376.html\" rel=\"nofollow noopener\" target=\"_blank\">Paris\u2009: elles visaient une salle de concert ou un bar dans la capitale\u2009: trois femmes interpell\u00e9es pour un projet d\u2019attentat<\/a><br \/>Trois femmes islamistes radicalis\u00e9es de 18, 19 et 21\u00a0ans suspect\u00e9es d\u2019un projet d\u2019attentat suicide \u00e0 Paris ont \u00e9t\u00e9 mises en examen pour association de malfaiteurs terroristes et plac\u00e9es en d\u00e9tention provisoire le 10\u00a0octobre 2025. L\u2019information a \u00e9t\u00e9 r\u00e9v\u00e9l\u00e9e ce samedi 8\u00a0novembre.<\/p>\n<p class=\" wall-content\"><a href=\"https:\/\/actu.fr\/ile-de-france\/paris_75056\/paris-violences-a-la-philharmonie-une-rixe-a-la-sortie-de-la-garde-a-vue-des-suspects-des-interpellations_63415298.html\" rel=\"nofollow noopener\" target=\"_blank\">Fumig\u00e8nes et violences \u00e0 la Philharmonie de Paris\u2009: une rixe \u00e0 la sortie de la garde \u00e0 vue des suspects, des interpellations<\/a><br \/>Quarante-huit heures apr\u00e8s les perturbations du concert de l\u2019orchestre philharmonique isra\u00e9lien organis\u00e9 \u00e0 la Philharmonie de Paris, de nouveaux heurts ont eu lieu, samedi 8\u00a0novembre 2025, devant un commissariat du 19e arrondissement o\u00f9 \u00e9taient gard\u00e9s \u00e0 vue quatre militants pro-palestiniens soup\u00e7onn\u00e9s d\u2019avoir perturb\u00e9 la repr\u00e9sentation de jeudi soir.<\/p>\n<p class=\" wall-content\"><a href=\"https:\/\/actu.fr\/ile-de-france\/pontoise_95500\/val-doise-bataille-juridique-autour-dune-patiente-hospitalisee-dans-un-etat-desespere-apres-un-avc_63403033.html\" rel=\"nofollow noopener\" target=\"_blank\">Val-d\u2019Oise\u2009: bataille juridique autour d\u2019une patiente hospitalis\u00e9e dans un \u00e9tat d\u00e9sesp\u00e9r\u00e9 apr\u00e8s un AVC<\/a><br \/>Le juge des r\u00e9f\u00e9r\u00e9s du tribunal administratif de Cergy-Pontoise, dans le Val-d\u2019Oise, a rejet\u00e9, pour la troisi\u00e8me fois, la requ\u00eate du mari et des deux fils d\u2019une quinquag\u00e9naire hospitalis\u00e9e \u00e0 l\u2019h\u00f4pital Nord-Ouest Val-d\u2019Oise (Novo) apr\u00e8s avoir fait un AVC en janvier 2025.<\/p>\n<p class=\" wall-content\"><a href=\"https:\/\/actu.fr\/ile-de-france\/pierre-levee_77361\/seine-et-marne-cest-incoherent-lors-dun-controle-les-gendarmes-decouvrent-deux-moutons-dans-un-coffre_63415064.html\" rel=\"nofollow noopener\" target=\"_blank\">Seine-et-Marne. \u00ab\u2009C\u2019est incoh\u00e9rent\u2009\u00bb\u2009: lors d\u2019un contr\u00f4le, les gendarmes d\u00e9couvrent deux moutons dans un coffre<\/a><br \/>Deux moutons ont \u00e9t\u00e9 d\u00e9couverts dans le coffre d\u2019une voiture lors d\u2019un contr\u00f4le des flux anti-d\u00e9linquance de la gendarmerie de Coulommiers. Les deux personnes pr\u00e9sentes dans la voiture \u00ab\u2009n\u2019ont pas fourni d\u2019explications coh\u00e9rentes quant \u00e0 l\u2019origine des moutons\u2009\u00bb et ont \u00e9t\u00e9\u00a0plac\u00e9es en garde \u00e0 vue le temps que la provenance des animaux soit pr\u00e9cis\u00e9e.<\/p>\n<p class=\" wall-content\"><a href=\"https:\/\/actu.fr\/ile-de-france\/palaiseau_91477\/j-ai-pris-confiance-en-moi-marc-aurele-lyceen-en-essonne-a-remporte-un-concours-national-d-eloquence_63409703.html\" rel=\"nofollow noopener\" target=\"_blank\">\u00ab\u2009J\u2019ai pris confiance en moi\u2009\u00bb\u2009: Marc-Aur\u00e8le, lyc\u00e9en en Essonne, a remport\u00e9 un concours national d\u2019\u00e9loquence<\/a><br \/>Il y a un an, il ne connaissait rien \u00e0 l\u2019art oratoire. Et pourtant, le 1er\u00a0octobre 2025, Marc-Aur\u00e8le Ravon, \u00e9l\u00e8ve en terminale au lyc\u00e9e international de Palaiseau Paris-Saclay, a remport\u00e9 la finale de l\u2019\u00e9dition 2025 du Concours Lyc\u00e9ens Eloquentia x HEC, un concours national d\u2019\u00e9loquence ouvert \u00e0 tous les lyc\u00e9ens de France. L\u2019Essonnien de 17\u00a0ans a convaincu le jury apr\u00e8s avoir d\u00e9clam\u00e9 son discours sur la sc\u00e8ne du Bataclan \u00e0 Paris, devant plusieurs centaines de personnes.<\/p>\n<p class=\" wall-content\">Personnalisez votre actualit\u00e9 en ajoutant vos villes et m\u00e9dias en favori avec <a href=\"https:\/\/moncompte.actu.fr\" title=\"D\u00e9couvez Mon Actu\" rel=\"nofollow noopener\" data-trk=\"{&quot;cta&quot;:{&quot;action&quot;:&quot;https:\\\/\\\/moncompte.actu.fr&quot;,&quot;category&quot;:&quot;mon compte&quot;,&quot;from&quot;:&quot;article footer&quot;,&quot;name&quot;:&quot;Mon actu&quot;,&quot;type&quot;:&quot;cta&quot;}}\" target=\"_blank\">Mon Actu<\/a>.<\/p>\n","protected":false},"excerpt":{"rendered":"Par Glenn Gillet Publi\u00e9 le 9 nov. 2025 \u00e0 18h04 Femmes mises en examen pour un projet d\u2019attentat,&hellip;\n","protected":false},"author":2,"featured_media":508594,"comment_status":"","ping_status":"","sticky":false,"template":"","format":"standard","meta":{"footnotes":""},"categories":[1592],"tags":[1111,11,1777,674,1011,27,662,1310,12,626,25,71,104,1254],"class_list":{"0":"post-523214","1":"post","2":"type-post","3":"status-publish","4":"format-standard","5":"has-post-thumbnail","7":"category-ile-de-france","8":"tag-actu","9":"tag-actualites","10":"tag-eu","11":"tag-europe","12":"tag-fr","13":"tag-france","14":"tag-ile-de-france","15":"tag-incendie","16":"tag-news","17":"tag-paris","18":"tag-republique-francaise","19":"tag-sante","20":"tag-societe","21":"tag-terrorisme"},"share_on_mastodon":{"url":"https:\/\/pubeurope.com\/@fr\/115520974669496874","error":""},"_links":{"self":[{"href":"https:\/\/www.europesays.com\/fr\/wp-json\/wp\/v2\/posts\/523214","targetHints":{"allow":["GET"]}}],"collection":[{"href":"https:\/\/www.europesays.com\/fr\/wp-json\/wp\/v2\/posts"}],"about":[{"href":"https:\/\/www.europesays.com\/fr\/wp-json\/wp\/v2\/types\/post"}],"author":[{"embeddable":true,"href":"https:\/\/www.europesays.com\/fr\/wp-json\/wp\/v2\/users\/2"}],"replies":[{"embeddable":true,"href":"https:\/\/www.europesays.com\/fr\/wp-json\/wp\/v2\/comments?post=523214"}],"version-history":[{"count":0,"href":"https:\/\/www.europesays.com\/fr\/wp-json\/wp\/v2\/posts\/523214\/revisions"}],"wp:featuredmedia":[{"embeddable":true,"href":"https:\/\/www.europesays.com\/fr\/wp-json\/wp\/v2\/media\/508594"}],"wp:attachment":[{"href":"https:\/\/www.europesays.com\/fr\/wp-json\/wp\/v2\/media?parent=523214"}],"wp:term":[{"taxonomy":"category","embeddable":true,"href":"https:\/\/www.europesays.com\/fr\/wp-json\/wp\/v2\/categories?post=523214"},{"taxonomy":"post_tag","embeddable":true,"href":"https:\/\/www.europesays.com\/fr\/wp-json\/wp\/v2\/tags?post=523214"}],"curies":[{"name":"wp","href":"https:\/\/api.w.org\/{rel}","templated":true}]}}