{"id":523215,"date":"2025-11-09T17:42:13","date_gmt":"2025-11-09T17:42:13","guid":{"rendered":"https:\/\/www.europesays.com\/fr\/523215\/"},"modified":"2025-11-09T17:42:13","modified_gmt":"2025-11-09T17:42:13","slug":"accuse-du-viol-dune-stagiaire-lancien-avocat-de-guy-georges-risque-20-ans-de-reclusion-criminelle","status":"publish","type":"post","link":"https:\/\/www.europesays.com\/fr\/523215\/","title":{"rendered":"accus\u00e9 du viol d&rsquo;une stagiaire, l&rsquo;ancien avocat de Guy Georges risque 20 ans de r\u00e9clusion criminelle"},"content":{"rendered":"<p>            Par<br \/>\n        <strong><br \/>\n            <a href=\"https:\/\/actu.fr\/auteur\/thomas-martin\" title=\"Consulter tous les articles de Thomas Martin\" target=\"_blank\" rel=\"noopener\">Thomas Martin<\/a><br \/>\n        <\/strong><\/p>\n<p>        Publi\u00e9 le<\/p>\n<p>            9 nov. 2025 \u00e0 18h02        <\/p>\n<p>Un avocat parisien, <a href=\"https:\/\/actu.fr\/ile-de-france\/paris_75056\/alex-ursulet-ancien-avocat-de-guy-georges-va-bien-etre-juge-pour-viol_61845336.html\" target=\"_blank\" rel=\"noopener\">Alex Ursulet<\/a>, compara\u00eet \u00e0 partir du lundi 10 novembre devant la cour criminelle de Paris, accus\u00e9 d\u2019avoir viol\u00e9 une jeune femme lorsqu\u2019elle \u00e9tait en stage \u00e0 son cabinet en janvier 2018. Le proc\u00e8s doit durer jusqu\u2019\u00e0 vendredi. Ancien associ\u00e9 de Jacques Verg\u00e8s et avocat du tueur en s\u00e9rie <a href=\"https:\/\/actu.fr\/ile-de-france\/paris_75056\/quand-le-tueur-en-serie-guy-georges-semait-la-peur-dans-paris_38884716.html\" target=\"_blank\" rel=\"noopener\">Guy Georges<\/a>, Alex Ursulet, \u00e2g\u00e9 de 68 ans, conteste les faits all\u00e9gu\u00e9s par son ancienne stagiaire, alors \u00e2g\u00e9e de 23 ans et depuis devenue avocate, en l\u2019esp\u00e8ce lui avoir impos\u00e9 des p\u00e9n\u00e9trations digitales vaginales lorsqu\u2019ils se trouvaient seuls \u00e0 son cabinet.<\/p>\n<p>\u00ab\u00a0Un acte sexuel non consenti\u00a0\u00bb<\/p>\n<p class=\" wall-content\">Il est renvoy\u00e9 devant la juridiction criminelle pour viol commis par une personne abusant de l\u2019autorit\u00e9 que lui conf\u00e8re sa fonction. Il encourt vingt ans de r\u00e9clusion criminelle.<br \/>Pour justifier la mise en accusation de l\u2019avocat, la juge d\u2019instruction avait estim\u00e9 que, \u00ab\u00a0conscient du pouvoir que lui conf\u00e8re sa fonction de ma\u00eetre de stage et sa r\u00e9putation de p\u00e9naliste reconnu par ses pairs\u00a0\u00bb, Axel Ursulet avait mis en place avec sa stagiaire \u00ab\u00a0une relation alternant proximit\u00e9, r\u00e9primandes et compliments\u00a0\u00bb, \u00e9chang\u00e9 des messages \u00e9voquant \u00ab\u00a0la domination\u00a0\u00bb et \u00ab\u00a0s\u2019est insinu\u00e9 dans (sa) vie intime\u00a0\u00bb.<\/p>\n<p class=\" wall-content\">Selon cette m\u00eame magistrate, \u00ab\u00a0ce qui semble \u00eatre apparu pour la partie civile comme un jeu ou une connivence ma\u00eetrisable, n\u2019appara\u00eet en fait que comme un stratag\u00e8me mis en place par (l\u2019avocat) afin de la surprendre\u00a0\u00bb. Il \u00ab\u00a0a fini par la contraindre \u00e0 un acte sexuel non consenti\u00a0\u00bb, une sc\u00e8ne de viol d\u00e9crite de \u00ab\u00a0fa\u00e7on circonstanci\u00e9e et constante\u00a0\u00bb par la jeune femme.<\/p>\n<p>Radi\u00e9 du barreau de Paris<\/p>\n<p class=\" wall-content\">D\u2019abord t\u00e9moin assist\u00e9, Alex Ursulet avait finalement \u00e9t\u00e9 mis en examen en novembre 2021.<br \/>\u00ab\u00a0Ma cliente est extr\u00eamement d\u00e9termin\u00e9e. Elle s\u2019attend \u00e0 \u00eatre d\u00e9cr\u00e9dibilis\u00e9e comme elle l\u2019est depuis huit ans, mais elle a d\u00e9cid\u00e9 que \u00e7a n\u2019\u00e9tait plus \u00e0 elle d\u2019avoir honte\u00a0\u00bb, a fait valoir \u00e0 l\u2019AFP l\u2019avocat de la partie civile, Me Thibault Laforcade.<\/p>\n<p class=\" wall-content\">L\u2019accus\u00e9 avait par ailleurs fait appel de sa radiation fin 2019 du barreau de Paris, ce qui lui permettait d\u2019exercer. La cour d\u2019appel de Paris a d\u00e9cid\u00e9 en avril 2022 d\u2019attendre l\u2019issue de la proc\u00e9dure p\u00e9nale avant de se prononcer sur cette radiation.<\/p>\n<p class=\" wall-content\"><strong>AFP<\/strong><\/p>\n<p class=\" wall-content\">Personnalisez votre actualit\u00e9 en ajoutant vos villes et m\u00e9dias en favori avec <a href=\"https:\/\/moncompte.actu.fr\" title=\"D\u00e9couvez Mon Actu\" rel=\"nofollow noopener\" data-trk=\"{&quot;cta&quot;:{&quot;action&quot;:&quot;https:\\\/\\\/moncompte.actu.fr&quot;,&quot;category&quot;:&quot;mon compte&quot;,&quot;from&quot;:&quot;article footer&quot;,&quot;name&quot;:&quot;Mon actu&quot;,&quot;type&quot;:&quot;cta&quot;}}\" target=\"_blank\">Mon Actu<\/a>.<\/p>\n","protected":false},"excerpt":{"rendered":"Par Thomas Martin Publi\u00e9 le 9 nov. 2025 \u00e0 18h02 Un avocat parisien, Alex Ursulet, compara\u00eet \u00e0 partir&hellip;\n","protected":false},"author":2,"featured_media":523216,"comment_status":"","ping_status":"","sticky":false,"template":"","format":"standard","meta":{"footnotes":""},"categories":[1888],"tags":[1111,1928,11,1927,1777,674,118,1011,27,303,12,1926,626,1925,25,4595,799],"class_list":{"0":"post-523215","1":"post","2":"type-post","3":"status-publish","4":"format-standard","5":"has-post-thumbnail","7":"category-paris","8":"tag-actu","9":"tag-actu-paris","10":"tag-actualites","11":"tag-actualites-paris","12":"tag-eu","13":"tag-europe","14":"tag-faits-divers","15":"tag-fr","16":"tag-france","17":"tag-justice","18":"tag-news","19":"tag-news-paris","20":"tag-paris","21":"tag-paris-news","22":"tag-republique-francaise","23":"tag-tribunal-de-paris","24":"tag-violences-sexuelles"},"share_on_mastodon":{"url":"https:\/\/pubeurope.com\/@fr\/115520978699900543","error":""},"_links":{"self":[{"href":"https:\/\/www.europesays.com\/fr\/wp-json\/wp\/v2\/posts\/523215","targetHints":{"allow":["GET"]}}],"collection":[{"href":"https:\/\/www.europesays.com\/fr\/wp-json\/wp\/v2\/posts"}],"about":[{"href":"https:\/\/www.europesays.com\/fr\/wp-json\/wp\/v2\/types\/post"}],"author":[{"embeddable":true,"href":"https:\/\/www.europesays.com\/fr\/wp-json\/wp\/v2\/users\/2"}],"replies":[{"embeddable":true,"href":"https:\/\/www.europesays.com\/fr\/wp-json\/wp\/v2\/comments?post=523215"}],"version-history":[{"count":0,"href":"https:\/\/www.europesays.com\/fr\/wp-json\/wp\/v2\/posts\/523215\/revisions"}],"wp:featuredmedia":[{"embeddable":true,"href":"https:\/\/www.europesays.com\/fr\/wp-json\/wp\/v2\/media\/523216"}],"wp:attachment":[{"href":"https:\/\/www.europesays.com\/fr\/wp-json\/wp\/v2\/media?parent=523215"}],"wp:term":[{"taxonomy":"category","embeddable":true,"href":"https:\/\/www.europesays.com\/fr\/wp-json\/wp\/v2\/categories?post=523215"},{"taxonomy":"post_tag","embeddable":true,"href":"https:\/\/www.europesays.com\/fr\/wp-json\/wp\/v2\/tags?post=523215"}],"curies":[{"name":"wp","href":"https:\/\/api.w.org\/{rel}","templated":true}]}}