{"id":523220,"date":"2025-11-09T17:45:23","date_gmt":"2025-11-09T17:45:23","guid":{"rendered":"https:\/\/www.europesays.com\/fr\/523220\/"},"modified":"2025-11-09T17:45:23","modified_gmt":"2025-11-09T17:45:23","slug":"une-course-pour-la-liberte-sillonne-les-lieux-des-attentats-a-paris","status":"publish","type":"post","link":"https:\/\/www.europesays.com\/fr\/523220\/","title":{"rendered":"une \u00abcourse pour la libert\u00e9\u00bb sillonne les lieux des attentats \u00e0 Paris"},"content":{"rendered":"<p>\n    \u00c0 quelques jours de la comm\u00e9moration des attentats du 13 novembre 2015, plus de 1700 personnes ont pris part dimanche \u00e0 une course, pens\u00e9e comme \u00abune vague positive qui passe par l\u00e0, pour ajouter de la vie l\u00e0 o\u00f9 il y a eu des morts\u00bb, selon la vice-pr\u00e9sidente de l\u2019association fran\u00e7aise des victimes du terrorisme.<\/p>\n<p class=\"fig-paragraph\">Au pied du Stade de France embrum\u00e9, plus de 1700 personnes se sont \u00e9lanc\u00e9es dimanche matin dans une \u00abcourse pour la libert\u00e9\u00bb, reliant ensuite tous les lieux o\u00f9, le\u00a0<a href=\"http:\/\/www.lefigaro.fr\/dossier\/attentats-du-13-novembre-2015-ultimes-preparatifs-d-un-proces-hors-norme\" data-fig-type=\"Topic\" data-gtm-custom-categorie=\"navigation\" data-gtm-custom-action=\"crossclick\" data-gtm-custom-label=\"Contextuel\" data-gtm-event=\"customEventSPE\" data-fig-domain=\"LEFIGARO\" target=\"_blank\" rel=\"noopener\">13 novembre 2015<\/a>, des commandos du groupe terroriste \u00ab\u00c9tat islamique\u00bb tuaient 130 personnes et blessaient des centaines d&rsquo;autres. L&rsquo;arche de d\u00e9part a symboliquement \u00e9t\u00e9 plac\u00e9e devant la plaque rendant hommage \u00e0 Manuel Dias, tu\u00e9 devant l&rsquo;enceinte sportive, premi\u00e8re victime de\u00a0<a href=\"http:\/\/www.lefigaro.fr\/dossier\/attentats-du-13-novembre-2015-ultimes-preparatifs-d-un-proces-hors-norme\" data-fig-type=\"Topic\" data-gtm-custom-categorie=\"navigation\" data-gtm-custom-action=\"crossclick\" data-gtm-custom-label=\"Contextuel\" data-gtm-event=\"customEventSPE\" data-fig-domain=\"LEFIGARO\" target=\"_blank\" rel=\"noopener\">la s\u00e9rie d&rsquo;attaques perp\u00e9tr\u00e9es<\/a>\u00a0il y a quasiment dix ans.<\/p>\n<p class=\"fig-paragraph\">Tr\u00e8s \u00e9mue, Sophie Dias, sa fille, a \u00e9t\u00e9 longuement applaudie par la foule transie par le froid matinal. \u00abN&rsquo;oublions pas les valeurs de la R\u00e9publique,\u00bb a-t-elle sobrement plaid\u00e9 juste avant de donner le d\u00e9part. L&rsquo;Association fran\u00e7aise des victimes du terrorisme a \u00e9t\u00e9 \u00e0 l&rsquo;initiative de la manifestation, d\u00e9clin\u00e9e en une \u00abmarche de l&rsquo;\u00e9galit\u00e9\u00bb \u00e0 Paris dans l&rsquo;apr\u00e8s-midi et un \u00abvillage de la fraternit\u00e9\u00bb, install\u00e9 sur le parvis de l&rsquo;H\u00f4tel de ville de la capitale.<\/p>\n<p>                                    <a class=\"fig-a11y-skip a11y-hidden\" href=\"#fig-a11y-skip-main-inarticle\"><br \/>\n        Passer la publicit\u00e9<br \/>\n    <\/a><\/p>\n<p class=\"fig-paragraph\">L&rsquo;id\u00e9e de ce triptyque a germ\u00e9 dans l&rsquo;esprit de Catherine Bertrand, vice-pr\u00e9sidente de l&rsquo;association, dans le sillon des Jeux olympiques de Paris 2024, \u00abune euphorie collective\u00bb, constellation de \u00abmoments extr\u00eamement f\u00e9d\u00e9rateurs\u00bb qui fut r\u00e9confortante pour cette rescap\u00e9e des attentats de 2015. \u00abC&rsquo;est la France qui a \u00e9t\u00e9 attaqu\u00e9e ce soir-l\u00e0, ce n&rsquo;est pas moi. Tout le monde est concern\u00e9 de pr\u00e8s ou de loin par les attentats du 13-Novembre\u00bb, rappelle-t-elle.<\/p>\n<p>\u00abUne vague positive\u00bb<\/p>\n<p class=\"fig-paragraph\">Contre la d\u00e9ferlante mortif\u00e8re des djihadistes d&rsquo;il y a dix ans, la course a \u00e9t\u00e9 pens\u00e9e comme \u00abune vague positive qui passe par l\u00e0, pour ajouter de la vie l\u00e0 o\u00f9 il y a eu des morts\u00bb, explique Catherine Bertrand. Elle tient \u00e9galement \u00e0 \u00abne jamais oublier les victimes des attentats des terrasses et du Stade de France, qu&rsquo;on oublie trop souvent\u00bb, contrairement \u00e0 celles du Bataclan. Dans la nu\u00e9e de coureurs qui s&rsquo;\u00e9chauffent avant le d\u00e9part, Julie Leblanc prend en photo son dossard, aur\u00e9ole du Stade de France en perspective.<\/p>\n<p class=\"fig-body-link\">\n            \u00c0 lire aussi<br \/>\n        <a class=\"fig-body-link__link\" href=\"http:\/\/www.lefigaro.fr\/sports\/football\/coupe-du-monde\/si-on-avait-pu-eviter-de-jouer-le-13-novembre-deschamps-evoque-le-10e-anniversaire-des-attentats-de-2015-20251106\" target=\"_blank\" data-fig-type=\"NewsFlash\" rel=\"noopener\" data-gtm-custom-categorie=\"navigation\" data-gtm-custom-action=\"crossclick\" data-gtm-custom-label=\"Contextuel\" data-gtm-event=\"customEventSPE\" data-fig-domain=\"LEFIGARO\"><\/p>\n<p>        \u00abSi on avait pu \u00e9viter de jouer le 13 novembre\u2026\u00bb\u00a0: Deschamps \u00e9voque le 10e anniversaire des attentats de 2015<br \/>\n    <\/a>\n<\/p>\n<p class=\"fig-paragraph\">\u00abCela passe tr\u00e8s vite dix ans et \u00e7a a \u00e9t\u00e9 marquant pour tout le monde, donc il ne faut pas l&rsquo;oublier et on court pour \u00e7a\u00bb, t\u00e9moigne la jeune femme de 30 ans portant l&rsquo;uniforme du jour: T-shirt orange floqu\u00e9 du logo \u00ab13-Unis\u00bb, nom donn\u00e9 \u00e0 la manifestation sportive. Le Petit Cambodge et le Carillon, la Bonne Bi\u00e8re et Casa Nostra, le Bataclan, le Comptoir Voltaire, la Belle \u00c9quipe: la course de 16 kilom\u00e8tres est pass\u00e9e par les zones m\u00e9morielles.<\/p>\n<p class=\"fig-paragraph\">Sur la place de la R\u00e9publique, Jean-Marc Domart, 80 ans, d\u00e9pose une petite bougie pour rendre hommage aux victimes et \u00abdire plus jamais \u00e7a\u00bb. Quelques minutes plus tard, vers 14h00, la \u00abmarche de l&rsquo;\u00e9galit\u00e9\u00bb s&rsquo;\u00e9lance, sous le soleil et en musique, rassemblant entre 2.000 et 3.000 personnes. \u00abJe voulais juste pr\u00e9ciser aux victimes d&rsquo;attentats qui sont avec nous aujourd&rsquo;hui qu&rsquo;il y a un dispositif de psychologues s&rsquo;il y a besoin\u00bb, rappelle au micro Catherine Bertrand. Leslie marche vers le Bataclan, o\u00f9 90 vies ont \u00e9t\u00e9 fauch\u00e9es. \u00abC&rsquo;est important de montrer de la solidarit\u00e9 face \u00e0 ce genre d&rsquo;\u00e9v\u00e9nement, impensable et terrible\u00bb, estime cette femme de 37 ans.<\/p>\n<p>\u00abCoh\u00e9sion\u00bb<\/p>\n<p class=\"fig-paragraph\">Pour Bruno Cuaz, 66 ans, ces attentats repr\u00e9sentent le \u00abcomble de l&rsquo;inhumanit\u00e9\u00bb. \u00abJe suis l\u00e0 parce que c&rsquo;est un \u00e9v\u00e9nement qui m&rsquo;a \u00e9norm\u00e9ment marqu\u00e9 il y a dix ans\u00bb, confie ce journaliste, tr\u00e8s \u00e9mu. Claire Resonnet, \u00e9tudiante de 20 ans, est venue pour \u00abse souvenir\u00bb et trouve qu&rsquo;une telle marche \u00abmontre la coh\u00e9sion\u00bb qui reste malgr\u00e9 le temps qui passe. Arriv\u00e9e devant le Bataclan, la foule s&rsquo;arr\u00eate, marque un long silence. Les visages sont graves, l&rsquo;\u00e9motion vive, les yeux tourn\u00e9s vers la salle de spectacle o\u00f9 certains d\u00e9posent des bougies ou des fleurs.<\/p>\n<p class=\"fig-body-link\">\n            \u00c0 lire aussi<br \/>\n        <a class=\"fig-body-link__link\" href=\"https:\/\/www.lefigaro.fr\/story\/13-novembre-2015--au-bataclan-je-suis-alle-en-enfer-on-ne-ressort-pas-indemne-de-tout-ca-17424\" target=\"_blank\" data-fig-type=\"Story\" rel=\"noopener\" data-gtm-custom-categorie=\"navigation\" data-gtm-custom-action=\"crossclick\" data-gtm-custom-label=\"Contextuel\" data-gtm-event=\"customEventSPE\" data-fig-domain=\"LEFIGARO\"><\/p>\n<p>        13 novembre 2015\u00a0: \u00abAu Bataclan, je suis all\u00e9 en enfer. On ne ressort pas indemne de tout \u00e7a\u00bb<br \/>\n    <\/a>\n<\/p>\n<p>                                    <a class=\"fig-a11y-skip a11y-hidden\" href=\"#fig-a11y-skip-main-inarticle_mtf\"><br \/>\n        Passer la publicit\u00e9<br \/>\n    <\/a><\/p>\n<p class=\"fig-paragraph\">Des applaudissements nourris interrompent le silence et la foule repart vers l&rsquo;ancien caf\u00e9 Comptoir Voltaire et la Belle \u00c9quipe. \u00abJ&rsquo;ai perdu mon compagnon au Bataclan. L\u00e0, au moment o\u00f9 je vous parle, autour de moi, il y a ses copines de lyc\u00e9e. Il y a sa cousine\u00bb, \u00e9num\u00e8re Aur\u00e9lie Silvestre, \u00e9voquant aussi la pr\u00e9sence des siens: sa s\u0153ur, son p\u00e8re \u00abqui n&rsquo;est jamais venu\u00bb, et son fr\u00e8re \u00abqui n&rsquo;est jamais pass\u00e9 devant le Bataclan\u00bb.<\/p>\n<p class=\"fig-paragraph\">\u00abIl y a tous ces gens-l\u00e0 autour de moi. C&rsquo;est in\u00e9dit. C&rsquo;est super beau\u00bb, dit-elle \u00e0 l&rsquo;AFP. Et ses enfants eux non plus n&rsquo;\u00e9taient encore jamais venus devant le Bataclan. \u00abMa fille avait une petite rose, elle l&rsquo;a d\u00e9pos\u00e9e devant la salle, et il y avait toute la famille autour. C&rsquo;\u00e9tait tr\u00e8s beau.\u00bb<\/p>\n","protected":false},"excerpt":{"rendered":"\u00c0 quelques jours de la comm\u00e9moration des attentats du 13 novembre 2015, plus de 1700 personnes ont pris&hellip;\n","protected":false},"author":2,"featured_media":523221,"comment_status":"","ping_status":"","sticky":false,"template":"","format":"standard","meta":{"footnotes":""},"categories":[1888],"tags":[64188,11,7712,1777,674,1011,27,12,626,25],"class_list":{"0":"post-523220","1":"post","2":"type-post","3":"status-publish","4":"format-standard","5":"has-post-thumbnail","7":"category-paris","8":"tag-13-novembre","9":"tag-actualites","10":"tag-course-a-pied","11":"tag-eu","12":"tag-europe","13":"tag-fr","14":"tag-france","15":"tag-news","16":"tag-paris","17":"tag-republique-francaise"},"share_on_mastodon":{"url":"https:\/\/pubeurope.com\/@fr\/115520990896192010","error":""},"_links":{"self":[{"href":"https:\/\/www.europesays.com\/fr\/wp-json\/wp\/v2\/posts\/523220","targetHints":{"allow":["GET"]}}],"collection":[{"href":"https:\/\/www.europesays.com\/fr\/wp-json\/wp\/v2\/posts"}],"about":[{"href":"https:\/\/www.europesays.com\/fr\/wp-json\/wp\/v2\/types\/post"}],"author":[{"embeddable":true,"href":"https:\/\/www.europesays.com\/fr\/wp-json\/wp\/v2\/users\/2"}],"replies":[{"embeddable":true,"href":"https:\/\/www.europesays.com\/fr\/wp-json\/wp\/v2\/comments?post=523220"}],"version-history":[{"count":0,"href":"https:\/\/www.europesays.com\/fr\/wp-json\/wp\/v2\/posts\/523220\/revisions"}],"wp:featuredmedia":[{"embeddable":true,"href":"https:\/\/www.europesays.com\/fr\/wp-json\/wp\/v2\/media\/523221"}],"wp:attachment":[{"href":"https:\/\/www.europesays.com\/fr\/wp-json\/wp\/v2\/media?parent=523220"}],"wp:term":[{"taxonomy":"category","embeddable":true,"href":"https:\/\/www.europesays.com\/fr\/wp-json\/wp\/v2\/categories?post=523220"},{"taxonomy":"post_tag","embeddable":true,"href":"https:\/\/www.europesays.com\/fr\/wp-json\/wp\/v2\/tags?post=523220"}],"curies":[{"name":"wp","href":"https:\/\/api.w.org\/{rel}","templated":true}]}}