{"id":523224,"date":"2025-11-09T17:47:15","date_gmt":"2025-11-09T17:47:15","guid":{"rendered":"https:\/\/www.europesays.com\/fr\/523224\/"},"modified":"2025-11-09T17:47:15","modified_gmt":"2025-11-09T17:47:15","slug":"guerre-en-ukraine-plus-de-100-000-personnes-sans-electricite-ni-eau-ni-chauffage-apres-les-frappes-russes","status":"publish","type":"post","link":"https:\/\/www.europesays.com\/fr\/523224\/","title":{"rendered":"Guerre en Ukraine : Plus de 100.000 personnes sans \u00e9lectricit\u00e9, ni eau, ni chauffage apr\u00e8s les frappes russes"},"content":{"rendered":"<p class=\"mb-4 text-lg md:leading-8 break-words\"><strong>R\u00e9cap &#8211; \u00ab\u00a020 Minutes\u00a0\u00bb fait le point pour vous tous les soirs sur le conflit en Ukraine. Ce dimanche, 100.000 Ukrainiens et Ukrainiennes sont sans \u00e9lectricit\u00e9, eau et chauffage apr\u00e8s des frappes russes samedi qui ont fait des \u00ab\u00a0destructions consid\u00e9rables\u00a0\u00bb<\/strong><\/p>\n<p class=\"mb-4 text-lg md:leading-8 break-words\">Vous avez rat\u00e9 les derniers \u00e9v\u00e9nements sur la <a href=\"https:\/\/www.20minutes.fr\/monde\/ukraine\/?at_medium=RSS%20feed&amp;at_campaign=ynews&amp;utm_source=yahoo&amp;utm_medium=rss&amp;utm_campaign=news_feed&amp;utm_content=in_article_link\" rel=\"nofollow noopener\" target=\"_blank\" data-ylk=\"slk:guerre en Ukraine;elm:context_link;itc:0;sec:content-canvas\" class=\"link \">guerre en Ukraine<\/a>\u00a0? 20 Minutes fait le point pour vous tous les soirs. Voici l\u2019essentiel de ce dimanche 9\u00a0novembre, 1.355e jour du conflit.<\/p>\n<p>Le chiffre du jour<\/p>\n<p class=\"mb-4 text-lg md:leading-8 break-words\"><strong>100.000<\/strong>. Personnes toujours sans \u00e9lectricit\u00e9, eau et chauffage dans la r\u00e9gion de Kharkiv, au nord-est de l\u2019Ukraine. La Russie multiplie depuis des semaines les bombardements sur les infrastructures \u00e9nerg\u00e9tiques et le r\u00e9seau ferroviaire ukrainien, faisant craindre un hiver difficile. Selon le vice-Premier ministre ukrainien en charge de la reconstruction, Dmytro Kouleba, <a href=\"https:\/\/www.20minutes.fr\/monde\/ukraine\/4184448-20251108-guerre-ukraine-mort-coupures-courant-attaque-russe-contre-infrastructures-energetiques?at_medium=RSS%20feed&amp;at_campaign=ynews&amp;utm_source=yahoo&amp;utm_medium=rss&amp;utm_campaign=news_feed&amp;utm_content=in_article_link\" rel=\"nofollow noopener\" target=\"_blank\" data-ylk=\"slk:les frappes russes de samedi;elm:context_link;itc:0;sec:content-canvas\" class=\"link \">les frappes russes de samedi<\/a> ont provoqu\u00e9 des \u00ab\u00a0destructions consid\u00e9rables\u00a0\u00bb. Et ont un impact sur le quotidien des milliers de personnes.<\/p>\n<p>La phrase du jour<\/p>\n<blockquote class=\"mb-4 border-l-2 pl-5 italic text-tertiary\">\n<p class=\"mb-4 text-lg md:leading-8 break-words\">Les \u00e9quipes de r\u00e9paration poursuivent les travaux de reconstruction apr\u00e8s les frappes russes de [samedi].<\/p>\n<\/blockquote>\n<p class=\"mb-4 text-lg md:leading-8 break-words\">C\u2019est ce qu\u2019a affirm\u00e9 dimanche le vice-Premier ministre ukrainien en charge de la reconstruction, Dmytro Kouleba.<\/p>\n<p>La tendance<\/p>\n<p class=\"mb-4 text-lg md:leading-8 break-words\">A 1.000 km de Moscou, on trouve <a href=\"https:\/\/www.20minutes.fr\/monde\/4175138-20251002-guerre-ukraine-pourquoi-exclave-russe-kaliningrad-surveillee-comme-lait-feu-europe?at_medium=RSS%20feed&amp;at_campaign=ynews&amp;utm_source=yahoo&amp;utm_medium=rss&amp;utm_campaign=news_feed&amp;utm_content=in_article_link\" rel=\"nofollow noopener\" target=\"_blank\" data-ylk=\"slk:l\u2019enclave russe de Kaliningrad;elm:context_link;itc:0;sec:content-canvas\" class=\"link \">l\u2019enclave russe de Kaliningrad<\/a> qui partage des fronti\u00e8res avec la Pologne et la Lituanie. Le territoire de 15.000 km2 abrite le QG de la flotte russe de la Baltique mais aussi des Iskander, un type de missiles balistiques que Moscou utilise beaucoup en Ukraine.<\/p>\n<p class=\"mb-4 text-lg md:leading-8 break-words\">Kaliningrad et son million d\u2019habitants est encore plus isol\u00e9 qu\u2019avant le d\u00e9but de la guerre, en f\u00e9vrier\u00a02022. Les avions civils qui la relient au reste de la Russie sont oblig\u00e9s de faire un long d\u00e9tour par le Golfe de Finlande pour \u00e9vite(&#8230;)<\/p>\n<p class=\"mb-4 text-lg md:leading-8 break-words\"><a href=\"https:\/\/www.20minutes.fr\/monde\/ukraine\/4184550-20251109-guerre-ukraine-plus-100-000-personnes-electricite-ni-eau-ni-chauffage-apres-frappes-russes?at_medium=RSS%20feed&amp;at_campaign=ynews&amp;utm_source=yahoo&amp;utm_medium=rss&amp;utm_campaign=news_feed&amp;utm_content=read_more_link&quot;\" rel=\"nofollow noopener\" target=\"_blank\" data-ylk=\"slk:Lire la suite sur 20minutes;elm:context_link;itc:0;sec:content-canvas\" class=\"link \">Lire la suite sur 20minutes<\/a><\/p>\n<p>\u00c0 lire aussi :<br \/><a href=\"https:\/\/www.20minutes.fr\/monde\/ukraine\/4184483-20251108-guerre-ukraine-quatre-morts-nouvelles-frappes-zelensky-appelle-durcir-sanctions-contre-russie?at_medium=RSS%20feed&amp;at_campaign=ynews&amp;utm_source=yahoo&amp;utm_medium=rss&amp;utm_campaign=news_feed&amp;utm_content=related_content_link\" rel=\"nofollow noopener\" target=\"_blank\" data-ylk=\"slk:Guerre en Ukraine\u00a0: Quatre morts dans de nouvelles frappes, Zelensky appelle \u00e0 durcir les sanctions contre la Russie;elm:context_link;itc:0;sec:content-canvas\" class=\"link \">Guerre en Ukraine\u00a0: Quatre morts dans de nouvelles frappes, Zelensky appelle \u00e0 durcir les sanctions contre la Russie<\/a><br \/><a href=\"https:\/\/www.20minutes.fr\/monde\/russie\/4184326-20251108-sait-nouvelle-zemble-archipel-pourrait-servir-terrain-essais-nucleaires-russes?at_medium=RSS%20feed&amp;at_campaign=ynews&amp;utm_source=yahoo&amp;utm_medium=rss&amp;utm_campaign=news_feed&amp;utm_content=related_content_link\" rel=\"nofollow noopener\" target=\"_blank\" data-ylk=\"slk:Que sait-on de la Nouvelle-Zemble, cet archipel qui pourrait servir de terrain pour les essais nucl\u00e9aires russes\u00a0?;elm:context_link;itc:0;sec:content-canvas\" class=\"link \">Que sait-on de la Nouvelle-Zemble, cet archipel qui pourrait servir de terrain pour les essais nucl\u00e9aires russes\u00a0?<\/a><\/p>\n","protected":false},"excerpt":{"rendered":"R\u00e9cap &#8211; \u00ab\u00a020 Minutes\u00a0\u00bb fait le point pour vous tous les soirs sur le conflit en Ukraine. Ce&hellip;\n","protected":false},"author":2,"featured_media":523225,"comment_status":"","ping_status":"","sticky":false,"template":"","format":"standard","meta":{"footnotes":""},"categories":[1590],"tags":[642,11,64353,1777,674,2489,12,220],"class_list":{"0":"post-523224","1":"post","2":"type-post","3":"status-publish","4":"format-standard","5":"has-post-thumbnail","7":"category-ukraine","8":"tag-20-minutes","9":"tag-actualites","10":"tag-dmytro-kouleba","11":"tag-eu","12":"tag-europe","13":"tag-la-russie","14":"tag-news","15":"tag-ukraine"},"share_on_mastodon":{"url":"https:\/\/pubeurope.com\/@fr\/115520998301837360","error":""},"_links":{"self":[{"href":"https:\/\/www.europesays.com\/fr\/wp-json\/wp\/v2\/posts\/523224","targetHints":{"allow":["GET"]}}],"collection":[{"href":"https:\/\/www.europesays.com\/fr\/wp-json\/wp\/v2\/posts"}],"about":[{"href":"https:\/\/www.europesays.com\/fr\/wp-json\/wp\/v2\/types\/post"}],"author":[{"embeddable":true,"href":"https:\/\/www.europesays.com\/fr\/wp-json\/wp\/v2\/users\/2"}],"replies":[{"embeddable":true,"href":"https:\/\/www.europesays.com\/fr\/wp-json\/wp\/v2\/comments?post=523224"}],"version-history":[{"count":0,"href":"https:\/\/www.europesays.com\/fr\/wp-json\/wp\/v2\/posts\/523224\/revisions"}],"wp:featuredmedia":[{"embeddable":true,"href":"https:\/\/www.europesays.com\/fr\/wp-json\/wp\/v2\/media\/523225"}],"wp:attachment":[{"href":"https:\/\/www.europesays.com\/fr\/wp-json\/wp\/v2\/media?parent=523224"}],"wp:term":[{"taxonomy":"category","embeddable":true,"href":"https:\/\/www.europesays.com\/fr\/wp-json\/wp\/v2\/categories?post=523224"},{"taxonomy":"post_tag","embeddable":true,"href":"https:\/\/www.europesays.com\/fr\/wp-json\/wp\/v2\/tags?post=523224"}],"curies":[{"name":"wp","href":"https:\/\/api.w.org\/{rel}","templated":true}]}}