{"id":523226,"date":"2025-11-09T17:48:16","date_gmt":"2025-11-09T17:48:16","guid":{"rendered":"https:\/\/www.europesays.com\/fr\/523226\/"},"modified":"2025-11-09T17:48:16","modified_gmt":"2025-11-09T17:48:16","slug":"le-trafic-aerien-aux-etats-unis-va-se-reduire-a-peau-de-chagrin-a-cause-de-la-paralysie-budgetaire-menace-le-gouvernement-americain","status":"publish","type":"post","link":"https:\/\/www.europesays.com\/fr\/523226\/","title":{"rendered":"Le trafic a\u00e9rien aux Etats-Unis \u00ab\u00a0va se r\u00e9duire \u00e0 peau de chagrin\u00a0\u00bb \u00e0 cause de la paralysie budg\u00e9taire, menace le gouvernement am\u00e9ricain"},"content":{"rendered":"\n<p class=\"c-chapo \">\n  Faute de contr\u00f4leurs a\u00e9riens pay\u00e9s par l&rsquo;administration, \u00ab\u00a0il n&rsquo;y aura qu&rsquo;une poign\u00e9e de vols qui vont d\u00e9coller et atterrir\u00a0\u00bb \u00e0 l&rsquo;approche des c\u00e9l\u00e9brations de Thanksgiving, fin novembre, selon le ministre des Transports.\n<\/p>\n<p>      lire plus tard<\/p>\n<p id=\"dialog__title\" class=\"dialog__title\">Pour sauvegarder cet article, connectez-vous ou cr\u00e9ez un compte franceinfo<\/p>\n<p class=\"dialog__description\">Sans paiement. Sans abonnement.<\/p>\n<p>        Fermer la fen\u00eatre d\u2019activation des notifications France Info<\/p>\n<p>      cr\u00e9er votre compte<\/p>\n<p>      se connecter<\/p>\n<p>        Fermer la fen\u00eatre de pr\u00e9sentation<\/p>\n<p>    <img loading=\"lazy\" decoding=\"async\" class=\"signature__image lazyload\" width=\"100\" height=\"100\" data- alt=\"\" src=\"https:\/\/www.europesays.com\/fr\/wp-content\/uploads\/2025\/05\/64a68815cd1a7_placeholder-36b69ec8.png\"\/><\/p>\n<p>    Publi\u00e9 le 09\/11\/2025 18:29<\/p>\n<p>        Temps de lecture : 3min<\/p>\n<p>    <img decoding=\"async\"  alt=\"Des avions de la compagnie am\u00e9ricaine United Airlines stationnent \u00e0 l'a\u00e9roport de Denver (Colorado), le 8 novembre 2025. (MICHAEL CIAGLO \/ GETTY IMAGES NORTH AMERICA \/ AFP)\" width=\"432\" height=\"243\" src=\"https:\/\/www.europesays.com\/fr\/wp-content\/uploads\/2025\/11\/063-2245161165-6910cf3bc8292465895269.jpg\" fetchpriority=\"high\"\/><\/p>\n<p>      Des avions de la compagnie am\u00e9ricaine United Airlines stationnent \u00e0 l&rsquo;a\u00e9roport de Denver (Colorado), le 8 novembre 2025. (MICHAEL CIAGLO \/ GETTY IMAGES NORTH AMERICA \/ AFP)<\/p>\n<p>Les avions vont-ils d\u00e9serter le ciel des Etats-Unis\u00a0?\u00a0Le ministre am\u00e9ricain des Transports,\u00a0Sean Duffy, a averti, dimanche 9 novembre, que le trafic a\u00e9rien allait se r\u00e9duire significativement en raison du blocage budg\u00e9taire qui s&rsquo;\u00e9tire outre-Atlantique. \u00ab\u00a0Vous allez voir moins de contr\u00f4leurs a\u00e9riens venir au travail, ce qui signifie qu&rsquo;il n&rsquo;y aura qu&rsquo;une poign\u00e9e de vols qui vont d\u00e9coller et atterrir\u00a0\u00bb, a-t-il pr\u00e9venu sur <a href=\"https:\/\/www.foxnews.com\/video\/6384870015112\" target=\"_blank\" rel=\"noopener nofollow\">Fox News<\/a>.<\/p>\n<p>Depuis vendredi, le r\u00e9gulateur am\u00e9ricain de l&rsquo;aviation demande aux compagnies de <a href=\"https:\/\/www.franceinfo.fr\/monde\/usa\/les-etats-unis-s-attendent-a-la-pagaille-dans-les-aeroports-des-vendredi-en-raison-de-la-paralysie-budgetaire_7601303.html\" rel=\"nofollow noopener\" target=\"_blank\">r\u00e9duire progressivement leur programme de vols int\u00e9rieurs<\/a>.\u00a0La r\u00e9duction doit atteindre 10% de vols annul\u00e9s vendredi prochain, contre environ 4% \u00e0 ce stade, a pr\u00e9cis\u00e9 le ministre de Donald Trump, alors qu&rsquo;un grand chass\u00e9-crois\u00e9 se profile dans le pays. \u00ab\u00a0Le trafic a\u00e9rien va se r\u00e9duire \u00e0 peau de chagrin alors que tout le monde veut voyager pour voir sa famille\u00a0\u00bb \u00e0 l&rsquo;occasion de la traditionnelle f\u00eate de Thanksgiving fin novembre, a alert\u00e9 Sean Duffy.\u00a0\u00ab\u00a0Ca va \u00eatre des perturbations massives et les Am\u00e9ricains vont \u00eatre \u00e9nerv\u00e9s par cela.\u00a0\u00bb<\/p>\n<p>Ces perturbations sont devenues le principal point d&rsquo;attention de la bataille politique qui se joue entre r\u00e9publicains et d\u00e9mocrates autour du budget f\u00e9d\u00e9ral. Chaque camp cherche \u00e0 rejeter sur l&rsquo;autre la responsabilit\u00e9 des gal\u00e8res v\u00e9cues par les voyageurs \u00e0 travers le pays.\u00a0Plus de 1\u00a0400\u00a0vols ont \u00e9t\u00e9 annul\u00e9s dimanche aux Etats-Unis, selon le site sp\u00e9cialis\u00e9 Flightaware, pour une moyenne de 44\u00a0000 vols quotidiens. Ces perturbations s&rsquo;ajoutent aux files d&rsquo;attente qui s&rsquo;allongent aux points de contr\u00f4le des a\u00e9roports g\u00e9r\u00e9s par des agents de s\u00e9curit\u00e9, \u00e9galement priv\u00e9s de salaire depuis plus d&rsquo;un mois.<\/p>\n<p>Faute d&rsquo;accord politique au Congr\u00e8s, l&rsquo;Etat am\u00e9ricain est, depuis d\u00e9but octobre, en situation de paralysie budg\u00e9taire, le \u00ab\u00a0shutdown\u00a0\u00bb le plus long de l&rsquo;histoire du pays. Des centaines de milliers de fonctionnaires f\u00e9d\u00e9raux travaillent sans \u00eatre pay\u00e9s, dont les contr\u00f4leurs a\u00e9riens.\u00a0Certains d&rsquo;entre eux \u00ab\u00a0vont \u00eatre confront\u00e9s \u00e0 l&rsquo;id\u00e9e (&#8230;) de trouver un boulot en plus pour boucler les fins de mois\u00a0\u00bb, a regrett\u00e9 le ministre sur CNN dimanche. \u00ab\u00a0Hier, \u00e0 Atlanta, 18 contr\u00f4leurs sur 22 ne sont pas venus\u00a0\u00bb au travail, a-t-il donn\u00e9 comme exemple.<\/p>\n<p>Selon des \u00e9lus d\u00e9mocrates, la r\u00e9duction du trafic a\u00e9rien est une strat\u00e9gie du gouvernement de Donald Trump consistant \u00e0 empirer la situation pour faire porter le chapeau aux d\u00e9mocrates, qui refusent \u00e0 ce stade de se joindre aux s\u00e9nateurs r\u00e9publicains pour adopter un texte budg\u00e9taire et sortir de l&rsquo;impasse.\u00a0Depuis des semaines, sa minorit\u00e9 de blocage ne veut pas approuver un budget sans voter, en m\u00eame temps, une prolongation de subventions pour des programmes d&rsquo;assurance sant\u00e9 \u00e0 destination de m\u00e9nages \u00e0 bas revenus.<\/p>\n","protected":false},"excerpt":{"rendered":"Faute de contr\u00f4leurs a\u00e9riens pay\u00e9s par l&rsquo;administration, \u00ab\u00a0il n&rsquo;y aura qu&rsquo;une poign\u00e9e de vols qui vont d\u00e9coller et&hellip;\n","protected":false},"author":2,"featured_media":523227,"comment_status":"","ping_status":"","sticky":false,"template":"","format":"standard","meta":{"footnotes":""},"categories":[1589],"tags":[11,73,1866,12,1864,1865,1863,308],"class_list":{"0":"post-523226","1":"post","2":"type-post","3":"status-publish","4":"format-standard","5":"has-post-thumbnail","7":"category-etats-unis","8":"tag-actualites","9":"tag-etats-unis","10":"tag-etats-unis-damerique","11":"tag-news","12":"tag-united-states","13":"tag-united-states-of-america","14":"tag-us","15":"tag-usa"},"share_on_mastodon":{"url":"https:\/\/pubeurope.com\/@fr\/115521003578478705","error":""},"_links":{"self":[{"href":"https:\/\/www.europesays.com\/fr\/wp-json\/wp\/v2\/posts\/523226","targetHints":{"allow":["GET"]}}],"collection":[{"href":"https:\/\/www.europesays.com\/fr\/wp-json\/wp\/v2\/posts"}],"about":[{"href":"https:\/\/www.europesays.com\/fr\/wp-json\/wp\/v2\/types\/post"}],"author":[{"embeddable":true,"href":"https:\/\/www.europesays.com\/fr\/wp-json\/wp\/v2\/users\/2"}],"replies":[{"embeddable":true,"href":"https:\/\/www.europesays.com\/fr\/wp-json\/wp\/v2\/comments?post=523226"}],"version-history":[{"count":0,"href":"https:\/\/www.europesays.com\/fr\/wp-json\/wp\/v2\/posts\/523226\/revisions"}],"wp:featuredmedia":[{"embeddable":true,"href":"https:\/\/www.europesays.com\/fr\/wp-json\/wp\/v2\/media\/523227"}],"wp:attachment":[{"href":"https:\/\/www.europesays.com\/fr\/wp-json\/wp\/v2\/media?parent=523226"}],"wp:term":[{"taxonomy":"category","embeddable":true,"href":"https:\/\/www.europesays.com\/fr\/wp-json\/wp\/v2\/categories?post=523226"},{"taxonomy":"post_tag","embeddable":true,"href":"https:\/\/www.europesays.com\/fr\/wp-json\/wp\/v2\/tags?post=523226"}],"curies":[{"name":"wp","href":"https:\/\/api.w.org\/{rel}","templated":true}]}}