{"id":523228,"date":"2025-11-09T17:49:17","date_gmt":"2025-11-09T17:49:17","guid":{"rendered":"https:\/\/www.europesays.com\/fr\/523228\/"},"modified":"2025-11-09T17:49:17","modified_gmt":"2025-11-09T17:49:17","slug":"en-bonne-forme-charles-iii-mene-les-traditionnelles-commemorations-pour-les-soldats-morts-au-combat","status":"publish","type":"post","link":"https:\/\/www.europesays.com\/fr\/523228\/","title":{"rendered":"En bonne forme, Charles III m\u00e8ne les traditionnelles comm\u00e9morations pour les soldats morts au combat"},"content":{"rendered":"<p class=\"paragraph text_align_left lp-f-body-02\">Il tient son rang. <a href=\"https:\/\/www.leparisien.fr\/international\/roi-charles-iii\/\" target=\"_self\" rel=\"nofollow noopener\">Le roi Charles III<\/a>, suivi de son fils le <a href=\"https:\/\/www.leparisien.fr\/international\/william\/\" target=\"_self\" rel=\"nofollow noopener\">prince William<\/a>, a d\u00e9pos\u00e9 dimanche une couronne de coquelicots lors de la traditionnelle c\u00e9r\u00e9monie devant le C\u00e9notaphe, le m\u00e9morial d\u00e9di\u00e9 aux soldats \u00e0 Londres, sous les yeux de <a href=\"https:\/\/www.leparisien.fr\/faits-divers\/un-coup-de-talon-dans-les-testicules-la-reine-camilla-a-fait-fuir-un-agresseur-sexuel-pendant-son-adolescence-01-09-2025-HXH4KAXELRAKTAQ4W6E7YWVNCE.php\" target=\"_self\" rel=\"nofollow noopener\">la reine Camilla<\/a> et de <a href=\"https:\/\/www.leparisien.fr\/international\/kate-middleton\/\" target=\"_self\" rel=\"nofollow noopener\">la princesse Kate<\/a>.<\/p>\n<p class=\"paragraph text_align_left lp-f-body-02\">Le monarque de 76 ans, en tenue militaire comme son fils, avait auparavant fait observer deux minutes de silence \u00e0 la m\u00e9moire des soldats morts au combat. Quelque 10 000 anciens combattants \u00e9taient pr\u00e9sents, dont une vingtaine ayant particip\u00e9 \u00e0 la Seconde Guerre mondiale, 80 ans apr\u00e8s la fin de ce conflit.<\/p>\n<p class=\"paragraph text_align_left lp-f-body-02\"><a href=\"https:\/\/www.leparisien.fr\/international\/legislatives-au-royaume-uni-keir-starmer-le-monsieur-ennuyeux-qui-a-revolutionne-la-gauche-britannique-04-07-2024-LLQHNO4VHVDDBLFMK7JWDJQM5E.php\" target=\"_self\" rel=\"nofollow noopener\">Le Premier ministre Keir Starmer<\/a> et d\u2019autres responsables politiques ont aussi d\u00e9pos\u00e9 des couronnes de coquelicots, fleurs symbolisant les soldats d\u00e9funts et port\u00e9es \u00e0 la boutonni\u00e8re par de nombreux Britanniques en novembre. Huit anciens chefs de gouvernement britannique \u00e9taient pr\u00e9sents.<\/p>\n<p>Camilla et Kate v\u00eatues de noir<\/p>\n<p class=\"paragraph text_align_left lp-f-body-02\">La reine Camilla et la princesse Kate, v\u00eatues de noir, ont assist\u00e9 \u00e0 cette c\u00e9r\u00e9monie du \u00ab Remembrance Sunday \u00bb (\u00ab Dimanche du souvenir \u00bb) depuis un balcon du minist\u00e8re des Affaires \u00e9trang\u00e8res situ\u00e9 en face du m\u00e9morial, en compagnie d\u2019autres membres de la famille royale.<\/p>\n<p class=\"paragraph text_align_left lp-f-body-02\">Comme c\u2019est le cas depuis plusieurs ann\u00e9es, <a href=\"https:\/\/www.leparisien.fr\/international\/empetre-dans-laffaire-epstein-le-prince-andrew-perd-son-titre-de-prince-et-va-devoir-quitter-le-royal-lodge-30-10-2025-SARLEQU2BZDSTNRLD66XRSEBNQ.php\" target=\"_self\" rel=\"nofollow noopener\">l\u2019ex-prince Andrew \u00e9tait absent<\/a>. D\u00e9j\u00e0 mis \u00e0 l\u2019\u00e9cart depuis 2019 en raison de ses liens avec l\u2019ancien criminel sexuel Jeffrey Epstein, le fr\u00e8re du roi a r\u00e9cemment \u00e9t\u00e9 d\u00e9chu de l\u2019ensemble de ses titres &#8211; dont celui de prince -, et somm\u00e9 de quitter sa luxueuse demeure de Royal Lodge dans le domaine de Windsor, \u00e0 la suite de nouvelles r\u00e9v\u00e9lations dans cette affaire.<\/p>\n<p class=\"title-embed-dailymotion lp-color-text lp-f-subtitle-04\">Vid\u00e9oLe roi Charles quitte l&rsquo;h\u00f4pital : \u00ab C&rsquo;est juste un incident de parcours \u00bb<\/p>\n<p class=\"paragraph text_align_left lp-f-body-02\">\u00c9tait \u00e9galement absent le prince Harry, qui a rompu avec la famille royale et d\u00e9m\u00e9nag\u00e9 avec son \u00e9pouse Meghan aux \u00c9tats-Unis en 2020. Le fils cadet de Charles III a publi\u00e9 cette semaine un texte dans lequel il raconte sa fiert\u00e9 d\u2019avoir servi dans l\u2019arm\u00e9e de son pays et rend un vibrant hommage \u00e0 l\u2019identit\u00e9 britannique.<\/p>\n<p class=\"paragraph text_align_left lp-f-body-02\">Le \u00ab Remembrance Sunday \u00bb est organis\u00e9 le dimanche le plus proche du 11 novembre, qui c\u00e9l\u00e8bre l\u2019armistice sign\u00e9 en 1918 entre l\u2019Allemagne et les Alli\u00e9s. Les comm\u00e9morations au Royaume-Uni d\u00e9marrent traditionnellement le samedi par un concert au Royal Albert Hall. Cette ann\u00e9e pour la premi\u00e8re fois, le prince George, 12 ans, fils de William et Kate et deuxi\u00e8me dans l\u2019ordre de succession au tr\u00f4ne, y a assist\u00e9.<\/p>\n","protected":false},"excerpt":{"rendered":"Il tient son rang. Le roi Charles III, suivi de son fils le prince William, a d\u00e9pos\u00e9 dimanche&hellip;\n","protected":false},"author":2,"featured_media":523229,"comment_status":"","ping_status":"","sticky":false,"template":"","format":"standard","meta":{"footnotes":""},"categories":[1588],"tags":[11,1777,674,14,12,473,1853,1851,1850,1852],"class_list":{"0":"post-523228","1":"post","2":"type-post","3":"status-publish","4":"format-standard","5":"has-post-thumbnail","7":"category-royaume-uni","8":"tag-actualites","9":"tag-eu","10":"tag-europe","11":"tag-international","12":"tag-news","13":"tag-royaume-uni","14":"tag-royaume-uni-de-grande-bretagne-et-dirlande-du-nord","15":"tag-uk","16":"tag-united-kingdom","17":"tag-united-kingdom-of-great-britain-and-northern-ireland"},"share_on_mastodon":{"url":"https:\/\/pubeurope.com\/@fr\/115521006034645119","error":""},"_links":{"self":[{"href":"https:\/\/www.europesays.com\/fr\/wp-json\/wp\/v2\/posts\/523228","targetHints":{"allow":["GET"]}}],"collection":[{"href":"https:\/\/www.europesays.com\/fr\/wp-json\/wp\/v2\/posts"}],"about":[{"href":"https:\/\/www.europesays.com\/fr\/wp-json\/wp\/v2\/types\/post"}],"author":[{"embeddable":true,"href":"https:\/\/www.europesays.com\/fr\/wp-json\/wp\/v2\/users\/2"}],"replies":[{"embeddable":true,"href":"https:\/\/www.europesays.com\/fr\/wp-json\/wp\/v2\/comments?post=523228"}],"version-history":[{"count":0,"href":"https:\/\/www.europesays.com\/fr\/wp-json\/wp\/v2\/posts\/523228\/revisions"}],"wp:featuredmedia":[{"embeddable":true,"href":"https:\/\/www.europesays.com\/fr\/wp-json\/wp\/v2\/media\/523229"}],"wp:attachment":[{"href":"https:\/\/www.europesays.com\/fr\/wp-json\/wp\/v2\/media?parent=523228"}],"wp:term":[{"taxonomy":"category","embeddable":true,"href":"https:\/\/www.europesays.com\/fr\/wp-json\/wp\/v2\/categories?post=523228"},{"taxonomy":"post_tag","embeddable":true,"href":"https:\/\/www.europesays.com\/fr\/wp-json\/wp\/v2\/tags?post=523228"}],"curies":[{"name":"wp","href":"https:\/\/api.w.org\/{rel}","templated":true}]}}