{"id":523234,"date":"2025-11-09T17:52:14","date_gmt":"2025-11-09T17:52:14","guid":{"rendered":"https:\/\/www.europesays.com\/fr\/523234\/"},"modified":"2025-11-09T17:52:14","modified_gmt":"2025-11-09T17:52:14","slug":"cest-en-france-que-lon-a-eu-le-plus-de-mal-a-tourner","status":"publish","type":"post","link":"https:\/\/www.europesays.com\/fr\/523234\/","title":{"rendered":"C&rsquo;est en France que l&rsquo;on a eu le plus de mal \u00e0 tourner"},"content":{"rendered":"<p>Depuis deux d\u00e9cennies, <a href=\"https:\/\/www.programme-tv.net\/news\/tv\/336977-exclu-enquete-exclusive-m6-une-femme-de-narcotrafiquant-enchaine-sa-vingtieme-operation-de-chirurgie-esthetique-video\/\" data-api-deeplink=\"teleloisirs:\/\/news\/336977\" rel=\"nofollow noopener\" target=\"_blank\">Enqu\u00eate Exclusive<\/a> s\u2019est impos\u00e9 comme l\u2019un des rendez-vous incontournables du journalisme d\u2019investigation, du grand reportage \u00e0 l&rsquo;international \u00e0 la t\u00e9l\u00e9vision. Cr\u00e9\u00e9e en 2005, apr\u00e8s quelques ann\u00e9es avec Les Docs de Zone Interdite en deuxi\u00e8me partie de soir\u00e9e, l\u2019\u00e9mission incarn\u00e9e par Bernard de La Villardi\u00e8re a parcouru la plan\u00e8te, parfois au p\u00e9ril des \u00e9quipes, pour tenter de raconter le monde, tant par ses d\u00e9rives, ses violences, que par ses r\u00e9ussites, ses unions, quelles qu&rsquo;elles soient. <a href=\"https:\/\/www.programme-tv.net\/news\/tv\/391367-anne-sophie-lapix-etait-pressentie-bernard-de-la-villardiere-raconte-les-coulisses-de-la-creation-d-enquete-exclusive\/\" data-api-deeplink=\"teleloisirs:\/\/news\/391367\" rel=\"nofollow noopener\" target=\"_blank\">D\u00e8s le d\u00e9but, elle s&rsquo;est distingu\u00e9e par la pr\u00e9sence du pr\u00e9sentateur sur le terrain <\/a>\u00e0 l\u2019image des \u00ab\u00a0anchormen\u00a0\u00bb anglo-saxons. Bernard de La Villardi\u00e8re se souvient\u00a0aupr\u00e8s de T\u00e9l\u00e9-Loisirs : \u00ab\u00a0Je me souviens d&rsquo;un des premiers tournages \u00e0 l&rsquo;ext\u00e9rieur, c&rsquo;\u00e9tait au moment du Tsunami. <b>Je me souviens que j&rsquo;avais convaincu la cha\u00eene d&rsquo;y aller. On s&rsquo;\u00e9tait battu <\/b>mais je ne pouvais pas pr\u00e9senter cette \u00e9mission dans un studio. Il fallait que j&rsquo;aille sur place. La premi\u00e8re ann\u00e9e, c&rsquo;\u00e9tait un num\u00e9ro par mois. Et je faisais des interviews d&rsquo;experts en fin de documentaire en studio, m\u00eame en r\u00e9gie. Parce que c&rsquo;\u00e9tait trop cher d&rsquo;ouvrir le studio. Et puis tr\u00e8s vite, je leur ai dit que pour la m\u00eame somme, on pouvait aussi payer un billet d&rsquo;avion. Et \u00e7a a tr\u00e8s bien march\u00e9.\u00a0\u00bb Le succ\u00e8s du format conforte la cha\u00eene dans cette orientation.<\/p>\n<p>                        Bernard de la Villardi\u00e8re (Enqu\u00eate exclusive) : \u00ab\u00a0Tous les collaborateurs ont \u00e9t\u00e9 convoqu\u00e9s par les services secrets alg\u00e9riens\u00a0\u00bb<\/p>\n<p>Un choix qui n&rsquo;a rien d&rsquo;\u00e9vident, tant les terrains cibl\u00e9s se r\u00e9v\u00e8lent parfois difficiles. L\u2019acc\u00e8s \u00e0 certains pays, \u00e0 certaines institutions s&rsquo;av\u00e8re un d\u00e9fi. \u00ab\u00a0Nous contactons souvent le Quai d&rsquo;Orsay et la diplomatie fran\u00e7aise. <b>Parfois, il nous est recommand\u00e9 de ne pas y aller<\/b>. R\u00e9publique centrafricaine, Afghanistan&#8230; Ils savaient qu&rsquo;on irait\u00a0\u00bb, liste le journaliste. Et d&rsquo;ajouter : \u00ab\u00a0Et nous disaient alors qu&rsquo;il fallait avoir une voiture blind\u00e9e, plus une escorte d&rsquo;une douzaine de personnes, plus aller absolument dans cet h\u00f4tel extr\u00eamement s\u00e9curis\u00e9.\u00a0\u00bb <b>Certains tournages ont valu aux journalistes des convocations judiciaires<\/b>. \u00ab\u00a0J&rsquo;ai re\u00e7u une commission rogatoire internationale. <b>C&rsquo;est un juge d&rsquo;instruction alg\u00e9rien qui me convoquait un mois plus tard, \u00e0 Alger, pour une mise en examen<\/b>, parce que j&rsquo;avais particip\u00e9 \u00e0 la production d&rsquo;un documentaire sur l&rsquo;Alg\u00e9rie. J&rsquo;avais fait travailler les \u00e9quipes sur place sans autorisation\u00a0\u00bb, assume Bernard de la Villardi\u00e8re. Tous les gens qui ont particip\u00e9 au sujet de pr\u00e8s ou de loin ont \u00e9t\u00e9 convoqu\u00e9s par les services secrets alg\u00e9riens. Ils ont fait l&rsquo;objet de pression. Eux, leur famille\u2026 L&rsquo;Alg\u00e9rie fait partie des pays o\u00f9 c&rsquo;est tr\u00e8s difficile de tourner.\u00a0\u00bb C&rsquo;est pourtant dans des contextes qui semblent moins sensibles que des tournages d\u2019Enqu\u00eate Exclusive ont pu se r\u00e9v\u00e9ler parmi les plus complexes.<\/p>\n<p>            \u00ab\u00a0La v\u00e9rification est tr\u00e8s intrusive et tr\u00e8s p\u00e9nible\u00a0\u00bb\u00a0: Bernard de la Villardi\u00e8re raconte ses difficult\u00e9s pour tourner Enqu\u00eate Exclusive<\/p>\n<p>\u00ab\u00a0Historiquement, je dis souvent que <b>c&rsquo;est en France que j&rsquo;ai eu le plus de mal \u00e0 tourner<\/b>. J&rsquo;ai \u00e9t\u00e9 chass\u00e9 du port du\u00a0Havre, par exemple\u00a0\u00bb, nous l\u00e2che Bernard de la Villardi\u00e8re. Les acc\u00e8s ne sont jamais garantis et parfois il requiert certaines conditions de v\u00e9rification. Comme en t\u00e9moigne encore le pr\u00e9sentateur\u00a0: \u00ab\u00a0Je comprends qu&rsquo;il puisse y avoir un visionnage technique pour pr\u00e9server les secrets de d\u00e9fense notamment, mais, parfois, la v\u00e9rification est tr\u00e8s intrusive et tr\u00e8s p\u00e9nible. Quand les portes ne se ferment pas compl\u00e8tement. Par exemple, travailler dans un h\u00f4pital public, \u00e0 l&rsquo;APHP, c&rsquo;est &lsquo;Fort Knox&rsquo;. On y parvient, mais il faut tout justifier. <b>Il y a toujours cet objectif de contr\u00f4ler l&rsquo;information et de fermer les portes pour cacher des faits<\/b> et ne pas d\u00e9voiler l&rsquo;ampleur du d\u00e9sastre.\u00a0\u00bb<\/p>\n<p>Parmi les anecdotes,<a href=\"https:\/\/www.programme-tv.net\/news\/tv\/228791-qui-est-anne-la-femme-de-bernard-de-la-villardiere\/\" data-api-deeplink=\"teleloisirs:\/\/news\/228791\" rel=\"nofollow noopener\" target=\"_blank\"> Bernard de la Villardi\u00e8re et sa femme<\/a> se rendaient en \u00c9gypte, en vacances, pour plonger. Peu de temps avant, M6 avait diffus\u00e9 un num\u00e9ro d&rsquo;Enqu\u00eate Exclusive sur le pays. Les autorit\u00e9s locales ont alors renvoy\u00e9 le journaliste, suivi par sa femme, chez lui. Pas acc\u00e8s exclusif\u2026<\/p>\n","protected":false},"excerpt":{"rendered":"Depuis deux d\u00e9cennies, Enqu\u00eate Exclusive s\u2019est impos\u00e9 comme l\u2019un des rendez-vous incontournables du journalisme d\u2019investigation, du grand reportage&hellip;\n","protected":false},"author":2,"featured_media":523235,"comment_status":"","ping_status":"","sticky":false,"template":"","format":"standard","meta":{"footnotes":""},"categories":[1586],"tags":[11,64354,244,64355,1777,674,1779,1011,27,2173,494,12,25,1778,364],"class_list":{"0":"post-523234","1":"post","2":"type-post","3":"status-publish","4":"format-standard","5":"has-post-thumbnail","7":"category-europe","8":"tag-actualites","9":"tag-bernard-de-la-villardiu00e8re","10":"tag-commentaire","11":"tag-enquu00eate-exclusive","12":"tag-eu","13":"tag-europe","14":"tag-european-union","15":"tag-fr","16":"tag-france","17":"tag-interview","18":"tag-m6","19":"tag-news","20":"tag-republique-francaise","21":"tag-ue","22":"tag-union-europeenne"},"share_on_mastodon":{"url":"https:\/\/pubeurope.com\/@fr\/115521017943895978","error":""},"_links":{"self":[{"href":"https:\/\/www.europesays.com\/fr\/wp-json\/wp\/v2\/posts\/523234","targetHints":{"allow":["GET"]}}],"collection":[{"href":"https:\/\/www.europesays.com\/fr\/wp-json\/wp\/v2\/posts"}],"about":[{"href":"https:\/\/www.europesays.com\/fr\/wp-json\/wp\/v2\/types\/post"}],"author":[{"embeddable":true,"href":"https:\/\/www.europesays.com\/fr\/wp-json\/wp\/v2\/users\/2"}],"replies":[{"embeddable":true,"href":"https:\/\/www.europesays.com\/fr\/wp-json\/wp\/v2\/comments?post=523234"}],"version-history":[{"count":0,"href":"https:\/\/www.europesays.com\/fr\/wp-json\/wp\/v2\/posts\/523234\/revisions"}],"wp:featuredmedia":[{"embeddable":true,"href":"https:\/\/www.europesays.com\/fr\/wp-json\/wp\/v2\/media\/523235"}],"wp:attachment":[{"href":"https:\/\/www.europesays.com\/fr\/wp-json\/wp\/v2\/media?parent=523234"}],"wp:term":[{"taxonomy":"category","embeddable":true,"href":"https:\/\/www.europesays.com\/fr\/wp-json\/wp\/v2\/categories?post=523234"},{"taxonomy":"post_tag","embeddable":true,"href":"https:\/\/www.europesays.com\/fr\/wp-json\/wp\/v2\/tags?post=523234"}],"curies":[{"name":"wp","href":"https:\/\/api.w.org\/{rel}","templated":true}]}}