{"id":523245,"date":"2025-11-09T17:59:12","date_gmt":"2025-11-09T17:59:12","guid":{"rendered":"https:\/\/www.europesays.com\/fr\/523245\/"},"modified":"2025-11-09T17:59:12","modified_gmt":"2025-11-09T17:59:12","slug":"atp-finals-auger-aliassime-qualifie-pour-le-masters-de-turin-je-nai-regarde-aucun-match-cette-semaine-je-savais-que-ce-serait-trop-stressant","status":"publish","type":"post","link":"https:\/\/www.europesays.com\/fr\/523245\/","title":{"rendered":"ATP &#8211; Finals > Auger-Aliassime, qualifi\u00e9 pour le Masters de Turin : \u00ab\u00a0Je n&rsquo;ai regard\u00e9 aucun match cette semaine, je savais que ce serait trop stressant\u00a0\u00bb"},"content":{"rendered":"<p>F\u00e9lix Auger\u2010Aliassime aura trembl\u00e9 jusqu\u2019au bout pour conserver sa place sur le Masters de\u00a0Turin.\u00a0<\/p>\n<p>Officiellement qualifi\u00e9 suite \u00e0 la d\u00e9faite de Lorenzo Musetti contre Novak Djokovic en finale du tournoi d\u2019Ath\u00e8nes, le Canadien a confi\u00e9 en conf\u00e9\u00adrence de presse d\u2019avant tournoi que le stress avait \u00e9t\u00e9 pr\u00e9sent tout au long de la semaine.<\/p>\n<p><strong>\u00ab\u202fJe suis rentr\u00e9 chez moi le lende\u00admain de la finale \u00e0 Paris,\u00a0j\u2019avais besoin de r\u00e9cu\u00adp\u00e9rer un peu.\u00a0J\u2019avais quitt\u00e9 B\u00e2le la semaine pr\u00e9c\u00e9\u00addente pour me pr\u00e9parer.\u00a0Je pense avoir bien g\u00e9r\u00e9 la situa\u00adtion. C\u2019\u00e9taient des matchs diffi\u00adciles, mais mon corps a bien tenu.\u00a0Apr\u00e8s Paris, il me fallait r\u00e9cu\u00adp\u00e9rer, alors je l\u2019ai fait quelques jours chez moi. Puis je suis revenu ici mercredi soir,\u00a0en esp\u00e9\u00adrant que les choses se d\u00e9rou\u00adle\u00adraient comme je le souhai\u00adtais. Je n\u2019ai regard\u00e9 aucun match de tennis cette semaine\u00a0: je savais que ce serait trop stres\u00adsant\u202f\u00bb<\/strong>, a d\u00e9clar\u00e9 Auger\u2010Aliassime\u202f; qui affron\u00adtera Jannik Sinner pour son entr\u00e9e en lice dans le Pi\u00e9mont.\u00a0<\/p>\n<p class=\"post-published-date\" style=\"color: silver; font-size: 75%; text-align: left;\">Publi\u00e9 le dimanche 9 novembre 2025 \u00e0 17:47<\/p>\n","protected":false},"excerpt":{"rendered":"F\u00e9lix Auger\u2010Aliassime aura trembl\u00e9 jusqu\u2019au bout pour conserver sa place sur le Masters de\u00a0Turin.\u00a0 Officiellement qualifi\u00e9 suite \u00e0&hellip;\n","protected":false},"author":2,"featured_media":523246,"comment_status":"","ping_status":"","sticky":false,"template":"","format":"standard","meta":{"footnotes":""},"categories":[1415],"tags":[14496,105,1011,27,2127,60,1467],"class_list":{"0":"post-523245","1":"post","2":"type-post","3":"status-publish","4":"format-standard","5":"has-post-thumbnail","7":"category-tennis","8":"tag-auger-aliassime","9":"tag-djokovic","10":"tag-fr","11":"tag-france","12":"tag-sinner","13":"tag-sports","14":"tag-tennis"},"share_on_mastodon":{"url":"https:\/\/pubeurope.com\/@fr\/115521045303943256","error":""},"_links":{"self":[{"href":"https:\/\/www.europesays.com\/fr\/wp-json\/wp\/v2\/posts\/523245","targetHints":{"allow":["GET"]}}],"collection":[{"href":"https:\/\/www.europesays.com\/fr\/wp-json\/wp\/v2\/posts"}],"about":[{"href":"https:\/\/www.europesays.com\/fr\/wp-json\/wp\/v2\/types\/post"}],"author":[{"embeddable":true,"href":"https:\/\/www.europesays.com\/fr\/wp-json\/wp\/v2\/users\/2"}],"replies":[{"embeddable":true,"href":"https:\/\/www.europesays.com\/fr\/wp-json\/wp\/v2\/comments?post=523245"}],"version-history":[{"count":0,"href":"https:\/\/www.europesays.com\/fr\/wp-json\/wp\/v2\/posts\/523245\/revisions"}],"wp:featuredmedia":[{"embeddable":true,"href":"https:\/\/www.europesays.com\/fr\/wp-json\/wp\/v2\/media\/523246"}],"wp:attachment":[{"href":"https:\/\/www.europesays.com\/fr\/wp-json\/wp\/v2\/media?parent=523245"}],"wp:term":[{"taxonomy":"category","embeddable":true,"href":"https:\/\/www.europesays.com\/fr\/wp-json\/wp\/v2\/categories?post=523245"},{"taxonomy":"post_tag","embeddable":true,"href":"https:\/\/www.europesays.com\/fr\/wp-json\/wp\/v2\/tags?post=523245"}],"curies":[{"name":"wp","href":"https:\/\/api.w.org\/{rel}","templated":true}]}}