{"id":523250,"date":"2025-11-09T18:05:11","date_gmt":"2025-11-09T18:05:11","guid":{"rendered":"https:\/\/www.europesays.com\/fr\/523250\/"},"modified":"2025-11-09T18:05:11","modified_gmt":"2025-11-09T18:05:11","slug":"sylvie-testud-cest-sur-que-cest-lui-sa-rencontre-improbable-avec-son-pere-a-lage-de-34-ans","status":"publish","type":"post","link":"https:\/\/www.europesays.com\/fr\/523250\/","title":{"rendered":"Sylvie Testud : \u201cC\u2019est s\u00fbr que c\u2019est lui\u201d, sa rencontre improbable avec son p\u00e8re \u00e0 l\u2019\u00e2ge de 34 ans"},"content":{"rendered":"<p data-start=\"405\" data-end=\"634\">Dimanche 9 novembre, <a href=\"https:\/\/www.closermag.fr\/people\/sylvie-testud-a-quoi-ressemble-son-appartement-parisien-a-deux-pas-du-louvre-3592446\" rel=\"nofollow noopener\" target=\"_blank\"><br \/>\nSylvie Testud<\/a> faisait partie des invit\u00e9s de Fr\u00e9d\u00e9ric Lopez dans<br \/>\nUn dimanche \u00e0 la campagne.<br \/>\nL\u2019occasion pour elle de revenir sur les moments forts de sa<br \/>\ncarri\u00e8re, mais aussi de se confier sur sa vie priv\u00e9e.<\/p>\n<p data-start=\"636\" data-end=\"835\">C\u2019est au c\u0153ur d\u2019une maison<br \/>\nchaleureuse, entour\u00e9e de Garou, \u00c9ric Dupond-Moretti et de<br \/>\nl\u2019animateur, que l\u2019actrice a parl\u00e9 d\u2019un sujet difficile : celui de<br \/>\nson p\u00e8re absent qu\u2019elle a rencontr\u00e9 \u00e0 34 ans.<\/p>\n<p><strong data-start=\"846\" data-end=\"906\">Un dimanche \u00e0 la campagne : Sylvie Testud comme<br \/>\nrarement<\/strong><\/p>\n<p data-start=\"910\" data-end=\"1395\">Depuis plus de vingt-cinq ans,<br \/>\n<a href=\"https:\/\/www.closermag.fr\/people\/sylvie-testud-maman-infatigable-ses-tendres-confidences-sur-ses-deux-enfants-1061893\" rel=\"nofollow noopener\" target=\"_blank\"><br \/>\nla m\u00e8re de deux enfants<\/a> se fraye un chemin dans le paysage du<br \/>\ncin\u00e9ma et du th\u00e9\u00e2tre fran\u00e7ais. L\u2019actrice lyonnaise, aujourd\u2019hui<br \/>\n\u00e2g\u00e9e de 54 ans, s\u2019est fait conna\u00eetre avec le film Les Blessures assassines en 2000. Mais<br \/>\nc\u2019est gr\u00e2ce \u00e0 son r\u00f4le dans Stupeur et tremblements qu\u2019elle obtiendra le<br \/>\n<strong>C\u00e9sar de la Meilleure actrice<\/strong>. Derni\u00e8rement, on<br \/>\nl\u2019a surtout vue sur les planches, notamment dans Tout le monde savait d\u2019\u00c9lodie Wallace<br \/>\net La V\u00e9rit\u00e9 de Florian<br \/>\nZeller.<\/p>\n<p data-start=\"1397\" data-end=\"2068\">Mais <a href=\"https:\/\/www.closermag.fr\/people\/je-n-etais-pas-son-genre-sylvie-testud-revient-sur-sa-rencontre-avec-harvey-weinstein-1676092\" rel=\"nofollow noopener\" target=\"_blank\"><br \/>\nla vie de la com\u00e9dienne n\u2019a pas \u00e9t\u00e9 un long fleuve tranquille.<\/a><br \/>\nIssue d\u2019une famille modeste, elle a grandi avec un p\u00e8re absent. Un<br \/>\nsujet tabou dans sa famille : \u201cC\u2019\u00e9tait l\u2019innomm\u00e9. On ne pouvait pas dire son nom.\u201d<br \/>\nElle ne savait rien de lui, si ce n\u2019est qu\u2019elle lui ressemblait. Un<br \/>\njour, alors qu\u2019elle avait 34 ans, elle l\u2019a crois\u00e9 dans un th\u00e9\u00e2tre :<br \/>\n\u201cJe jouais une pi\u00e8ce au<br \/>\nth\u00e9\u00e2tre de la Croix-Rousse de Stefan Zweig.\u201d Alors qu\u2019elle<br \/>\nincarne un personnage en fauteuil roulant, elle s\u2019avance sur sc\u00e8ne<br \/>\net <strong>croise le regard d\u2019un homme : \u201cC\u2019est s\u00fbr que c\u2019est lui\u201d,<\/strong><br \/>\nexplique-t-elle. Par la suite, elle ne le recroisera pas ce<br \/>\nsoir-l\u00e0, mais elle l\u2019aura au t\u00e9l\u00e9phone.<\/p>\n<p><strong data-start=\"2079\" data-end=\"2140\">Sylvie Testud raconte sa<br \/>\npremi\u00e8re rencontre avec son p\u00e8re<\/strong><\/p>\n<p data-start=\"2144\" data-end=\"2426\">Apr\u00e8s l\u2019avoir id\u00e9alis\u00e9 toute<br \/>\nsa vie, elle le rencontre donc pour la premi\u00e8re fois :<br \/>\n\u201c<strong>C\u2019est un monsieur de<br \/>\nchair et d\u2019os.<\/strong> J\u2019ai cr\u00e9\u00e9 quelque chose de tellement grand.<br \/>\nIl m\u2019a plu, il \u00e9tait gentil, il \u00e9tait dr\u00f4le. Mais il n\u2019\u00e9tait pas<br \/>\nassez fort par rapport \u00e0 ce que j\u2019ai cr\u00e9\u00e9, moi.\u201d<\/p>\n<p data-start=\"2428\" data-end=\"2806\">Lorsque Garou lui demande<br \/>\npourquoi elle ne l\u2019a pas fait plus t\u00f4t, elle explique :<br \/>\n\u201cJ\u2019avais trop peur de faire<br \/>\nde la peine \u00e0 ma maman.\u201d Ses parents sont d\u00e9c\u00e9d\u00e9s \u00e0 cinq mois<br \/>\nd\u2019intervalle de la m\u00eame chose, et son p\u00e8re lui a m\u00eame laiss\u00e9 un<br \/>\nh\u00e9ritage, ainsi qu\u2019au reste de sa fratrie : \u201cLe seul moment o\u00f9 il nous donne quelque chose,<br \/>\nc\u2019est quand il meurt. C\u2019est quand m\u00eame fou.\u201d<\/p>\n","protected":false},"excerpt":{"rendered":"Dimanche 9 novembre, Sylvie Testud faisait partie des invit\u00e9s de Fr\u00e9d\u00e9ric Lopez dans Un dimanche \u00e0 la campagne.&hellip;\n","protected":false},"author":2,"featured_media":523251,"comment_status":"","ping_status":"","sticky":false,"template":"","format":"standard","meta":{"footnotes":""},"categories":[1359],"tags":[58,59,652,1011,27,973],"class_list":{"0":"post-523250","1":"post","2":"type-post","3":"status-publish","4":"format-standard","5":"has-post-thumbnail","7":"category-people","8":"tag-divertissement","9":"tag-entertainment","10":"tag-famille","11":"tag-fr","12":"tag-france","13":"tag-people"},"share_on_mastodon":{"url":"https:\/\/pubeurope.com\/@fr\/115521069036583658","error":""},"_links":{"self":[{"href":"https:\/\/www.europesays.com\/fr\/wp-json\/wp\/v2\/posts\/523250","targetHints":{"allow":["GET"]}}],"collection":[{"href":"https:\/\/www.europesays.com\/fr\/wp-json\/wp\/v2\/posts"}],"about":[{"href":"https:\/\/www.europesays.com\/fr\/wp-json\/wp\/v2\/types\/post"}],"author":[{"embeddable":true,"href":"https:\/\/www.europesays.com\/fr\/wp-json\/wp\/v2\/users\/2"}],"replies":[{"embeddable":true,"href":"https:\/\/www.europesays.com\/fr\/wp-json\/wp\/v2\/comments?post=523250"}],"version-history":[{"count":0,"href":"https:\/\/www.europesays.com\/fr\/wp-json\/wp\/v2\/posts\/523250\/revisions"}],"wp:featuredmedia":[{"embeddable":true,"href":"https:\/\/www.europesays.com\/fr\/wp-json\/wp\/v2\/media\/523251"}],"wp:attachment":[{"href":"https:\/\/www.europesays.com\/fr\/wp-json\/wp\/v2\/media?parent=523250"}],"wp:term":[{"taxonomy":"category","embeddable":true,"href":"https:\/\/www.europesays.com\/fr\/wp-json\/wp\/v2\/categories?post=523250"},{"taxonomy":"post_tag","embeddable":true,"href":"https:\/\/www.europesays.com\/fr\/wp-json\/wp\/v2\/tags?post=523250"}],"curies":[{"name":"wp","href":"https:\/\/api.w.org\/{rel}","templated":true}]}}