{"id":523258,"date":"2025-11-09T18:10:14","date_gmt":"2025-11-09T18:10:14","guid":{"rendered":"https:\/\/www.europesays.com\/fr\/523258\/"},"modified":"2025-11-09T18:10:14","modified_gmt":"2025-11-09T18:10:14","slug":"predator-badlands-bat-un-record-pour-son-demarrage-au-box-office-mais-le-succes-nest-pas-garanti","status":"publish","type":"post","link":"https:\/\/www.europesays.com\/fr\/523258\/","title":{"rendered":"Predator Badlands bat un record pour son d\u00e9marrage au box-office, mais le succ\u00e8s n&rsquo;est pas garanti"},"content":{"rendered":"<p><strong><a href=\"https:\/\/www.ecranlarge.com\/films\/predator-badlands\" data-type=\"films\" data-id=\"1239100\" rel=\"nofollow noopener\" target=\"_blank\">Predator: Badlands<\/a>, le nouveau film r\u00e9alis\u00e9 par <a href=\"https:\/\/www.ecranlarge.com\/personnalite\/808258-dan-trachtenberg\" data-type=\"people\" data-id=\"442995\" rel=\"nofollow noopener\" target=\"_blank\">Dan Trachtenberg<\/a>, vient d\u2019arriver aux \u00c9tats-Unis : \u00e9tat des lieux de son d\u00e9marrage au box-office.<\/strong><\/p>\n<p>Le septi\u00e8me film de la franchise <strong>Predator<\/strong> est sorti ce mercredi 5 novembre dans nos cin\u00e9mas fran\u00e7ais. Est-ce qu\u2019on en avait besoin ? non. Est-ce que c\u2019est un divertissement g\u00e9n\u00e9reux et techniquement abouti ? oui. Malgr\u00e9 son \u00e9criture fragile, le film r\u00e9alis\u00e9 par Dan Trachtenberg (<strong>10 Cloverfield Lane<\/strong>, <strong>Prey<\/strong>) est visuellement irr\u00e9prochable, malignement mis en sc\u00e8ne et propose un bestiaire foisonnant. Ce vendredi 7 novembre, ce petit plaisir de blockbuster est sorti dans les cin\u00e9mas am\u00e9ricains. Faisons le point sur <strong>son d\u00e9marrage au box-office<\/strong>.<\/p>\n<p>                    <img decoding=\"async\" alt=\"\" class=\"wp-image-518375\" style=\"object-fit:cover;width:25px;height:25px\" src=\"https:\/\/www.ecranlarge.com\/content\/uploads\/2023\/09\/arrow-right-circle.svg\"\/><\/p>\n<p>Predator : vraiment un beau d\u00e9part ?<\/p>\n<p>Lors de son premier week-end d\u2019exploitation dans les cin\u00e9mas am\u00e9ricains, <strong>Badlands<\/strong> aurait r\u00e9colt\u00e9 <strong>dans les 40 millions de dollars de recettes<\/strong> dans 3 725 salles. C\u2019est le meilleur d\u00e9marrage pour un film de la franchise initi\u00e9e en 1987. Le record \u00e9tait jusque-l\u00e0 tenu par <strong>Alien vs. Predator<\/strong> (38,2 millions) sorti en 2004 \u2013 sans prendre en compte l\u2019inflation. Le film avec Elle Fanning a donc fait mieux que le <strong>Predators<\/strong> de 2010 (24,7 millions) et le <strong>The Predator<\/strong> de 2018 (24,6 millions).<\/p>\n<p>N\u00e9anmoins, rappelons que le budget de production de <strong>Badlands<\/strong> s\u2019\u00e9l\u00e8verait \u00e0 105 millions de dollars. C\u2019est <strong>le plus gros investissement de la franchise<\/strong> devant l\u2019opus de 2018 (88 millions de dollars) et le premier <strong>Alien Vs. Predator<\/strong> (60 millions). Le d\u00e9fi de <strong>Badlands<\/strong> sera donc de rentabiliser son gros budget, ce qui ne sera pas une mince affaire.<\/p>\n<p><a href=\"https:\/\/www.ecranlarge.com\/content\/uploads\/2025\/10\/2e2rwzyppbepn8qmjsluylicadt.jpg\" rel=\"nofollow noopener\" target=\"_blank\"><\/p>\n<p><img loading=\"lazy\" decoding=\"async\" alt=\"Predator: Badlands\" src=\"https:\/\/www.europesays.com\/fr\/wp-content\/uploads\/2025\/11\/2e2rwzyppbepn8qmjsluylicadt-1260x709.jpg\" width=\"1260\" height=\"709\"  \/><\/p>\n<p><\/a>La chasse au box-office est ouverte<\/p>\n<p>\u00c0 titre de comparaison, <strong>Alien: Romulus<\/strong>, a \u00e9t\u00e9 produit pour 80 millions de dollars. Apr\u00e8s un lancement proche du dernier <strong>Predator<\/strong>, \u00e0 hauteur de 42 millions, le film r\u00e9alis\u00e9 par Fede \u00c1lvarez a r\u00e9colt\u00e9 plus de 105,3 millions de dollars au box-office domestique et 350,8 millions dans le monde sur l\u2019ensemble de son exploitation. M\u00eame avec une trajectoire proche de <strong>Romulus<\/strong>, qui a bien perform\u00e9 sur la dur\u00e9e, <strong>Badlands<\/strong> <strong>ne serait pas un immense succ\u00e8s<\/strong>. \u00c0 voir si le bouche-\u00e0-oreille et la bonne presse du film sur le sol am\u00e9ricain suffiront \u00e0 en faire une victoire pour Disney.<\/p>\n","protected":false},"excerpt":{"rendered":"Predator: Badlands, le nouveau film r\u00e9alis\u00e9 par Dan Trachtenberg, vient d\u2019arriver aux \u00c9tats-Unis : \u00e9tat des lieux de&hellip;\n","protected":false},"author":2,"featured_media":523259,"comment_status":"","ping_status":"","sticky":false,"template":"","format":"standard","meta":{"footnotes":""},"categories":[1354],"tags":[58,59,1346,1011,27,1360],"class_list":{"0":"post-523258","1":"post","2":"type-post","3":"status-publish","4":"format-standard","5":"has-post-thumbnail","7":"category-films","8":"tag-divertissement","9":"tag-entertainment","10":"tag-films","11":"tag-fr","12":"tag-france","13":"tag-movies"},"share_on_mastodon":{"url":"https:\/\/pubeurope.com\/@fr\/115521089800617111","error":""},"_links":{"self":[{"href":"https:\/\/www.europesays.com\/fr\/wp-json\/wp\/v2\/posts\/523258","targetHints":{"allow":["GET"]}}],"collection":[{"href":"https:\/\/www.europesays.com\/fr\/wp-json\/wp\/v2\/posts"}],"about":[{"href":"https:\/\/www.europesays.com\/fr\/wp-json\/wp\/v2\/types\/post"}],"author":[{"embeddable":true,"href":"https:\/\/www.europesays.com\/fr\/wp-json\/wp\/v2\/users\/2"}],"replies":[{"embeddable":true,"href":"https:\/\/www.europesays.com\/fr\/wp-json\/wp\/v2\/comments?post=523258"}],"version-history":[{"count":0,"href":"https:\/\/www.europesays.com\/fr\/wp-json\/wp\/v2\/posts\/523258\/revisions"}],"wp:featuredmedia":[{"embeddable":true,"href":"https:\/\/www.europesays.com\/fr\/wp-json\/wp\/v2\/media\/523259"}],"wp:attachment":[{"href":"https:\/\/www.europesays.com\/fr\/wp-json\/wp\/v2\/media?parent=523258"}],"wp:term":[{"taxonomy":"category","embeddable":true,"href":"https:\/\/www.europesays.com\/fr\/wp-json\/wp\/v2\/categories?post=523258"},{"taxonomy":"post_tag","embeddable":true,"href":"https:\/\/www.europesays.com\/fr\/wp-json\/wp\/v2\/tags?post=523258"}],"curies":[{"name":"wp","href":"https:\/\/api.w.org\/{rel}","templated":true}]}}