{"id":523260,"date":"2025-11-09T18:11:14","date_gmt":"2025-11-09T18:11:14","guid":{"rendered":"https:\/\/www.europesays.com\/fr\/523260\/"},"modified":"2025-11-09T18:11:14","modified_gmt":"2025-11-09T18:11:14","slug":"la-vraie-histoire-de-loxygene-sur-terre","status":"publish","type":"post","link":"https:\/\/www.europesays.com\/fr\/523260\/","title":{"rendered":"la vraie histoire de l\u2019oxyg\u00e8ne sur Terre"},"content":{"rendered":"<p>Impossible aujourd&rsquo;hui d&rsquo;imaginer une vie terrestre sans dioxyg\u00e8ne. Et pourtant, ce <a href=\"https:\/\/www.futura-sciences.com\/sciences\/definitions\/physique-gaz-15336\/\" target=\"_blank\" rel=\"noopener\">gaz<\/a> essentiel aux \u00eatres vivants actuels n&rsquo;est arriv\u00e9 que tardivement dans l&rsquo;atmosph\u00e8re terrestre, gr\u00e2ce au d\u00e9veloppement de certaines <a href=\"https:\/\/www.futura-sciences.com\/sante\/definitions\/medecine-bacterie-101\/\" target=\"_blank\" rel=\"noopener\">bact\u00e9ries<\/a>.<\/p>\n<p>Eh\u00a0oui, la vie \u00e9tait l\u00e0 bien avant <a href=\"https:\/\/www.futura-sciences.com\/planete\/actualites\/geologie-veritable-oxygenation-terre-ne-daterait-400-millions-annees-20437\/\" title=\"La v\u00e9ritable oxyg\u00e9nation de la Terre ne daterait que de 400 millions d&#039;ann\u00e9es !\" target=\"_blank\" rel=\"noopener\">l\u2019oxyg\u00e9nation de la Terre\u00a0<\/a>! Cette \u00e9tape, qui est survenue il y a 2,4 \u00e0 2,1 milliards d&rsquo;ann\u00e9es, marque tout de m\u00eame un tournant majeur dans l&rsquo;histoire du vivant.<\/p>\n<p>Oxyg\u00e9nation de la Terre\u00a0: un bouleversement environnemental et biologique<\/p>\n<p>L&rsquo;augmentation du taux d&rsquo;oxyg\u00e8ne libre dans l&rsquo;atmosph\u00e8re a en effet entra\u00een\u00e9 une extinction de masse, <a href=\"https:\/\/www.futura-sciences.com\/planete\/actualites\/geologie-il-ny-pas-eu-bouffees-oxygene-terre-avant-grande-oxygenation-12987\/\" title=\"Il n&#039;y a pas eu de \u00ab bouff\u00e9es d\u2019oxyg\u00e8ne \u00bb sur Terre avant la Grande oxyg\u00e9nation\" target=\"_blank\" rel=\"noopener\">l\u2019oxyg\u00e8ne<\/a> repr\u00e9sentant un \u00e9l\u00e9ment toxique pour la plupart des <a href=\"https:\/\/www.futura-sciences.com\/sante\/definitions\/biologie-micro-organismes-6183\/\" target=\"_blank\" rel=\"noopener\">micro-organismes<\/a> ana\u00e9robies peuplant alors la plan\u00e8te.<\/p>\n<p>Ce bouleversement environnemental a cependant pouss\u00e9 certains organismes \u00e0 d\u00e9velopper des m\u00e9canismes leur permettant d&rsquo;utiliser l&rsquo;oxyg\u00e8ne comme source d&rsquo;<a href=\"https:\/\/www.futura-sciences.com\/sciences\/definitions\/energie-energie-15884\/\" target=\"_blank\" rel=\"noopener\">\u00e9nergie<\/a>. Or, le <a href=\"https:\/\/www.futura-sciences.com\/sante\/definitions\/biologie-metabolisme-781\/\" target=\"_blank\" rel=\"noopener\">m\u00e9tabolisme<\/a> <a href=\"https:\/\/www.futura-sciences.com\/sante\/definitions\/medecine-aerobie-2939\/\" target=\"_blank\" rel=\"noopener\">a\u00e9robie<\/a> \u00e9tant beaucoup plus efficace que l&rsquo;ana\u00e9robie pour produire de l&rsquo;\u00e9nergie, cette \u00e9volution a ouvert la voie au d\u00e9veloppement de nouvelles fonctionnalit\u00e9s biologiques. C&rsquo;est ainsi qu&rsquo;ont \u00e9merg\u00e9 les premiers organismes <a href=\"https:\/\/www.futura-sciences.com\/sante\/definitions\/genetique-eucaryote-144\/\" target=\"_blank\" rel=\"noopener\">eucaryotes<\/a>, qui ont ensuite permis, bien plus tard, l&rsquo;apparition des organismes multicellulaires complexes, puis du r\u00e8gne animal.<\/p>\n<p class=\"fs-media\">\n<p><img decoding=\"async\" data-imgid=\"full\" src=\"https:\/\/www.europesays.com\/fr\/wp-content\/uploads\/2025\/11\/archeen_Tim Bertelink  cc by sa 4.0.png\" width=\"1080\" height=\"483\" alt=\"\" loading=\"lazy\"\/><br \/>\nDurant l&rsquo;Arch\u00e9en, l&rsquo;apparition de la photosynth\u00e8se via les cyanobact\u00e9ries a entra\u00een\u00e9 une lente oxyg\u00e9nation de la Terre.\u00a0 \u00a9 Tim Bertelink, Wikimedia Commons, CC BY-SA 4.0 <\/p>\n<p>L&rsquo;oxyg\u00e9nation de la Terre serait donc \u00e0 l&rsquo;origine des formes de vie tr\u00e8s complexes qui ont pris leur essor \u00e0 partir du Cambrien. Cependant, les \u00e9tapes de cette Grande Oxyg\u00e9nation demeurent encore mal comprises. On sait que l&rsquo;oxyg\u00e8ne a commenc\u00e9 \u00e0 \u00eatre lib\u00e9r\u00e9 dans l&rsquo;environnement gr\u00e2ce \u00e0 l&rsquo;apparition de la photosynth\u00e8se oxyg\u00e9nique, un m\u00e9canisme m\u00e9tabolique d\u00e9velopp\u00e9 par les <a href=\"https:\/\/www.futura-sciences.com\/planete\/definitions\/botanique-cyanobacterie-122\/\" target=\"_blank\" rel=\"noopener\">cyanobact\u00e9ries<\/a>. Ces micro-organismes unicellulaires ont en effet r\u00e9ussi \u00e0 convertir l&rsquo;\u00e9nergie lumineuse en \u00e9nergie chimique \u00e0 partir du CO2 et de l&rsquo;eau. Or, l&rsquo;un des sous-produits de cette r\u00e9action est le dioxyg\u00e8ne, inutile aux cyanobact\u00e9ries elles-m\u00eames, et donc rel\u00e2ch\u00e9 dans l&rsquo;environnement.<\/p>\n<p>Une oxyg\u00e9nation en retard par rapport \u00e0 l\u2019apparition de la photosynth\u00e8se<\/p>\n<p>Or, certaines \u00e9tudes laissent n\u00e9anmoins penser que <a href=\"https:\/\/www.futura-sciences.com\/planete\/actualites\/paleontologie-photosynthese-prend-age-elle-38-milliards-annees-44891\/\" title=\"La photosynth\u00e8se prend de l\u2019\u00e2ge : elle a 3,8 milliards d\u2019ann\u00e9es\" target=\"_blank\" rel=\"noopener\">la photosynth\u00e8se<\/a> oxyg\u00e9nique serait apparue plusieurs centaines de millions d&rsquo;ann\u00e9es avant le d\u00e9but de la Grande Oxyg\u00e9nation. Malgr\u00e9 la pr\u00e9sence &#8211;\u00a0dans les oc\u00e9ans du globe &#8211;\u00a0de\u00a0cyanobact\u00e9ries capables de produire de l&rsquo;oxyg\u00e8ne, ce gaz n&rsquo;aurait finalement commenc\u00e9 \u00e0 s&rsquo;accumuler dans l&rsquo;atmosph\u00e8re que bien plus tard. Pourquoi\u00a0?<\/p>\n<p>Plusieurs facteurs ont \u00e9t\u00e9 avanc\u00e9s pour expliquer ce d\u00e9lai, notamment le processus d&rsquo;<a href=\"https:\/\/www.futura-sciences.com\/sciences\/definitions\/chimie-oxydation-795\/\" target=\"_blank\" rel=\"noopener\">oxydation<\/a> qui s&rsquo;est jou\u00e9 \u00e0 grande \u00e9chelle dans les oc\u00e9ans. En effet, avant l&rsquo;apparition de <a href=\"https:\/\/www.futura-sciences.com\/planete\/actualites\/paleontologie-photosynthese-prend-age-elle-38-milliards-annees-44891\/\" title=\"La photosynth\u00e8se prend de l\u2019\u00e2ge : elle a 3,8 milliards d\u2019ann\u00e9es\" target=\"_blank\" rel=\"noopener\">la photosynth\u00e8se<\/a> oxyg\u00e9nique, les oc\u00e9ans \u00e9taient riches en \u00e9l\u00e9ments r\u00e9ducteurs, comme le <a href=\"https:\/\/www.futura-sciences.com\/sciences\/definitions\/chimie-fer-721\/\" target=\"_blank\" rel=\"noopener\">fer<\/a>. Or, l&rsquo;arriv\u00e9e d&rsquo;oxyg\u00e8ne libre a entra\u00een\u00e9 l&rsquo;oxydation rapide de ces \u00e9l\u00e9ments, une r\u00e9action qui consomme l&rsquo;oxyg\u00e8ne et emp\u00eache donc son\u00a0accumulation dans l&rsquo;environnement. Ce n&rsquo;est que lorsque le \u00ab\u00a0stock\u00a0\u00bb d&rsquo;\u00e9l\u00e9ments r\u00e9ducteurs a \u00e9t\u00e9 totalement oxyd\u00e9 que les taux d&rsquo;oxyg\u00e8ne ont pu augmenter.<\/p>\n<p>Si cette th\u00e9orie est largement admise, elle ne suffirait cependant pas \u00e0 expliquer \u00e0 elle seule le d\u00e9lai observ\u00e9 pour l&rsquo;oxyg\u00e9nation de l&rsquo;atmosph\u00e8re.<\/p>\n<p class=\"fs-media\">\n<p><img decoding=\"async\" data-imgid=\"full\" src=\"https:\/\/www.europesays.com\/fr\/wp-content\/uploads\/2025\/11\/fers_rubanes3.jpg\" width=\"1080\" height=\"718\" alt=\"\" loading=\"lazy\"\/><br \/>\nLes fers ruban\u00e9s, r\u00e9sultat de l&rsquo;oxydation du fer, sont les t\u00e9moins du d\u00e9but de l\u2019oxyg\u00e9nation de la Terre. \u00a9 James St. John, Wikimedia Commons, CC by 2.0 <\/p>\n<p>Le r\u00f4le de l\u2019ur\u00e9e et du nickel<\/p>\n<p>D&rsquo;autres facteurs pourraient avoir \u00e9galement jou\u00e9 un r\u00f4le. Une nouvelle \u00e9tude, publi\u00e9e dans la revue <a href=\"https:\/\/www.nature.com\/articles\/s43247-025-02576-8\" title=\"Biogeochemical impact of nickel and urea in the great oxidation event\" target=\"_blank\" rel=\"noopener\">Communications earth and environment<\/a>, s&rsquo;est ainsi pench\u00e9e sur l&rsquo;impact de certains <a href=\"https:\/\/www.futura-sciences.com\/sciences\/definitions\/chimie-element-chimique-15852\/\" target=\"_blank\" rel=\"noopener\">\u00e9l\u00e9ments chimiques<\/a> pr\u00e9sents dans l&rsquo;environnement de l&rsquo;<a href=\"https:\/\/www.futura-sciences.com\/planete\/definitions\/paleontologie-archeen-3764\/\" target=\"_blank\" rel=\"noopener\">Arch\u00e9en<\/a> sur la croissance des cyanobact\u00e9ries.<\/p>\n<p>Une \u00e9quipe de chercheurs a reproduit en laboratoire les conditions de vie \u00e0 cette \u00e9poque (entre 4 et 2,5 milliards d&rsquo;ann\u00e9es)\u00a0: des oc\u00e9ans riches en ammonium, cyanure et compos\u00e9s du fer, expos\u00e9s aux <a href=\"https:\/\/www.futura-sciences.com\/sciences\/definitions\/physique-ultraviolet-1003\/\" target=\"_blank\" rel=\"noopener\">ultraviolets<\/a> (UV-C) du <a href=\"https:\/\/www.futura-sciences.com\/sciences\/definitions\/univers-soleil-3727\/\" target=\"_blank\" rel=\"noopener\">Soleil<\/a> en l&rsquo;absence de <a href=\"https:\/\/www.futura-sciences.com\/planete\/definitions\/climatologie-couche-ozone-4411\/\" target=\"_blank\" rel=\"noopener\">couche d&rsquo;ozone<\/a>. Des conditions qui auraient permis la formation d&rsquo;importantes quantit\u00e9s d&rsquo;ur\u00e9e.<\/p>\n<p>En faible concentration, l&rsquo;ur\u00e9e est un <a href=\"https:\/\/www.futura-sciences.com\/sante\/definitions\/nutrition-nutriment-793\/\" target=\"_blank\" rel=\"noopener\">nutriment<\/a>, habituellement utilis\u00e9e par les cyanobact\u00e9ries comme source d&rsquo;<a href=\"https:\/\/www.futura-sciences.com\/sciences\/definitions\/tableau-periodique-elements-azote-13578\/\" target=\"_blank\" rel=\"noopener\">azote<\/a>, en association avec le <a href=\"https:\/\/www.futura-sciences.com\/sciences\/definitions\/chimie-nickel-14795\/\" target=\"_blank\" rel=\"noopener\">nickel<\/a>, ce qui favorise une croissance rapide. \u00c0 forte dose, elle agit toutefois comme un inhibiteur.<\/p>\n<p>Les r\u00e9sultats de l&rsquo;\u00e9tude sugg\u00e8rent ainsi que les forts taux d&rsquo;ur\u00e9e et de nickel dans les oc\u00e9ans arch\u00e9ens auraient frein\u00e9 le d\u00e9veloppement des cyanobact\u00e9ries pendant plusieurs centaines de millions d&rsquo;ann\u00e9es, retardant leur expansion et donc l&rsquo;oxyg\u00e9nation de la Terre.<\/p>\n","protected":false},"excerpt":{"rendered":"Impossible aujourd&rsquo;hui d&rsquo;imaginer une vie terrestre sans dioxyg\u00e8ne. Et pourtant, ce gaz essentiel aux \u00eatres vivants actuels n&rsquo;est&hellip;\n","protected":false},"author":2,"featured_media":523261,"comment_status":"","ping_status":"","sticky":false,"template":"","format":"standard","meta":{"footnotes":""},"categories":[10],"tags":[64358,1011,27,34616,64361,64360,72,56299,64359,64357,71,64362],"class_list":{"0":"post-523260","1":"post","2":"type-post","3":"status-publish","4":"format-standard","5":"has-post-thumbnail","7":"category-sante","8":"tag-cyanobacterie","9":"tag-fr","10":"tag-france","11":"tag-geologie","12":"tag-grande-oxydation","13":"tag-grande-oxygenation","14":"tag-health","15":"tag-nickel","16":"tag-oxygenation","17":"tag-photosynthese","18":"tag-sante","19":"tag-uree"},"share_on_mastodon":{"url":"https:\/\/pubeurope.com\/@fr\/115521092694135861","error":""},"_links":{"self":[{"href":"https:\/\/www.europesays.com\/fr\/wp-json\/wp\/v2\/posts\/523260","targetHints":{"allow":["GET"]}}],"collection":[{"href":"https:\/\/www.europesays.com\/fr\/wp-json\/wp\/v2\/posts"}],"about":[{"href":"https:\/\/www.europesays.com\/fr\/wp-json\/wp\/v2\/types\/post"}],"author":[{"embeddable":true,"href":"https:\/\/www.europesays.com\/fr\/wp-json\/wp\/v2\/users\/2"}],"replies":[{"embeddable":true,"href":"https:\/\/www.europesays.com\/fr\/wp-json\/wp\/v2\/comments?post=523260"}],"version-history":[{"count":0,"href":"https:\/\/www.europesays.com\/fr\/wp-json\/wp\/v2\/posts\/523260\/revisions"}],"wp:featuredmedia":[{"embeddable":true,"href":"https:\/\/www.europesays.com\/fr\/wp-json\/wp\/v2\/media\/523261"}],"wp:attachment":[{"href":"https:\/\/www.europesays.com\/fr\/wp-json\/wp\/v2\/media?parent=523260"}],"wp:term":[{"taxonomy":"category","embeddable":true,"href":"https:\/\/www.europesays.com\/fr\/wp-json\/wp\/v2\/categories?post=523260"},{"taxonomy":"post_tag","embeddable":true,"href":"https:\/\/www.europesays.com\/fr\/wp-json\/wp\/v2\/tags?post=523260"}],"curies":[{"name":"wp","href":"https:\/\/api.w.org\/{rel}","templated":true}]}}