{"id":523268,"date":"2025-11-09T18:15:13","date_gmt":"2025-11-09T18:15:13","guid":{"rendered":"https:\/\/www.europesays.com\/fr\/523268\/"},"modified":"2025-11-09T18:15:13","modified_gmt":"2025-11-09T18:15:13","slug":"changement-du-mode-de-calcul-nouveau-regime-les-pistes-pour-reformer-les-ruptures-conventionnelles","status":"publish","type":"post","link":"https:\/\/www.europesays.com\/fr\/523268\/","title":{"rendered":"Changement du mode de calcul, nouveau r\u00e9gime\u2026 Les pistes pour r\u00e9former les ruptures conventionnelles"},"content":{"rendered":"<p class=\"paragraph text_align_left lp-f-body-02\">Alors ces derni\u00e8res semaines, le ministre du Travail, Jean-Pierre Farandou, a sensibilis\u00e9 les partenaires sociaux, qu\u2019il a re\u00e7us un \u00e0 un, sur l\u2019enjeu de rouvrir les d\u00e9bats. Selon nos informations, le gouvernement accepterait d\u2019abandonner la lettre de cadrage consacr\u00e9e \u00e0 l\u2019assurance ch\u00f4mage (et qui r\u00e9clamait une discussion des organisations syndicales et patronales avant le 15 novembre) en \u00e9change d\u2019une relance des discussions paritaires cibl\u00e9es sur les contrats courts et\u2026 les ruptures conventionnelles.<\/p>\n","protected":false},"excerpt":{"rendered":"Alors ces derni\u00e8res semaines, le ministre du Travail, Jean-Pierre Farandou, a sensibilis\u00e9 les partenaires sociaux, qu\u2019il a re\u00e7us&hellip;\n","protected":false},"author":2,"featured_media":523269,"comment_status":"","ping_status":"","sticky":false,"template":"","format":"standard","meta":{"footnotes":""},"categories":[6],"tags":[35,33,34,341,1011,27],"class_list":{"0":"post-523268","1":"post","2":"type-post","3":"status-publish","4":"format-standard","5":"has-post-thumbnail","7":"category-economie","8":"tag-business","9":"tag-economie","10":"tag-economy","11":"tag-emploi","12":"tag-fr","13":"tag-france"},"share_on_mastodon":{"url":"https:\/\/pubeurope.com\/@fr\/115521108343995006","error":""},"_links":{"self":[{"href":"https:\/\/www.europesays.com\/fr\/wp-json\/wp\/v2\/posts\/523268","targetHints":{"allow":["GET"]}}],"collection":[{"href":"https:\/\/www.europesays.com\/fr\/wp-json\/wp\/v2\/posts"}],"about":[{"href":"https:\/\/www.europesays.com\/fr\/wp-json\/wp\/v2\/types\/post"}],"author":[{"embeddable":true,"href":"https:\/\/www.europesays.com\/fr\/wp-json\/wp\/v2\/users\/2"}],"replies":[{"embeddable":true,"href":"https:\/\/www.europesays.com\/fr\/wp-json\/wp\/v2\/comments?post=523268"}],"version-history":[{"count":0,"href":"https:\/\/www.europesays.com\/fr\/wp-json\/wp\/v2\/posts\/523268\/revisions"}],"wp:featuredmedia":[{"embeddable":true,"href":"https:\/\/www.europesays.com\/fr\/wp-json\/wp\/v2\/media\/523269"}],"wp:attachment":[{"href":"https:\/\/www.europesays.com\/fr\/wp-json\/wp\/v2\/media?parent=523268"}],"wp:term":[{"taxonomy":"category","embeddable":true,"href":"https:\/\/www.europesays.com\/fr\/wp-json\/wp\/v2\/categories?post=523268"},{"taxonomy":"post_tag","embeddable":true,"href":"https:\/\/www.europesays.com\/fr\/wp-json\/wp\/v2\/tags?post=523268"}],"curies":[{"name":"wp","href":"https:\/\/api.w.org\/{rel}","templated":true}]}}