{"id":523272,"date":"2025-11-09T18:17:10","date_gmt":"2025-11-09T18:17:10","guid":{"rendered":"https:\/\/www.europesays.com\/fr\/523272\/"},"modified":"2025-11-09T18:17:10","modified_gmt":"2025-11-09T18:17:10","slug":"comment-la-soiree-a-derape","status":"publish","type":"post","link":"https:\/\/www.europesays.com\/fr\/523272\/","title":{"rendered":"comment la soir\u00e9e a d\u00e9rap\u00e9"},"content":{"rendered":"<p>En quelques secondes, la soir\u00e9e festive a bascul\u00e9. La violence, les larmes et la confusion ont fait irruption dans <a href=\"https:\/\/www.laprovence.com\/article\/actualites\/3766770\/marseille-le-quartier-de-lopera-va-t-il-changer.html\" target=\"_blank\" rel=\"noopener\">le quartier de l&rsquo;Op\u00e9ra<\/a>, \u00e0 deux pas du Vieux-Port de <a href=\"https:\/\/www.laprovence.com\/bouches-du-rhone\/marseille-13055\" target=\"_blank\" rel=\"noopener\">Marseille<\/a>. Dans la nuit de samedi\u00a08 \u00e0 dimanche 9\u00a0novembre, le chef de la s\u00e9curit\u00e9 du pub Little Temple, situ\u00e9 7 rue de la Paix-Marcel Paul, <a href=\"https:\/\/www.laprovence.com\/article\/faits-divers-justice\/3682634201975314\/marseille-un-mort-et-un-blesse-a-larme-blanche-dans-une-altercation-devant-un-bar-du-quartier-de-lopera\" target=\"_blank\" rel=\"noopener\">a \u00e9t\u00e9 mortellement poignard\u00e9<\/a> par un client m\u00e9content qui venait de se faire \u00e9jecter de l&rsquo;\u00e9tablissement selon les premiers \u00e9l\u00e9ments recueillis sur place.<\/p>\n<p>La victime, \u00e2g\u00e9e de 47 ans et agent de s\u00e9curit\u00e9 \u00ab\u00a0depuis au moins une quinzaine d&rsquo;ann\u00e9es\u00a0\u00bb dans les bars de cette rue tr\u00e8s anim\u00e9e de la cit\u00e9 phoc\u00e9enne selon un coll\u00e8gue, \u00e9tait en arr\u00eat cardiorespiratoire \u00e0 l&rsquo;arriv\u00e9e des secours, elle n&rsquo;a pas pu \u00eatre r\u00e9anim\u00e9e. Les marins-pompiers ont pris en charge une seconde victime, un homme de 43 ans bless\u00e9 \u00e0 la main sans gravit\u00e9.<\/p>\n<p>\u00ab\u00a0Il avait l&rsquo;air sacr\u00e9ment allum\u00e9\u00a0\u00bb<\/p>\n<p>Simon, barman du pub O&rsquo;Malley&rsquo;s situ\u00e9 juste en face, se trouvait sur place. \u00ab\u00a0Je crois que l&rsquo;agresseur avait eu plusieurs probl\u00e8mes dans la soir\u00e9e, il avait l&rsquo;air sacr\u00e9ment allum\u00e9, t\u00e9moigne-t-il, Juste avant, il avait \u00e9t\u00e9 sorti par un autre agent de s\u00e9curit\u00e9 qui l&rsquo;avait soulev\u00e9 par l&rsquo;arri\u00e8re, en lui entourant le torse. C&rsquo;\u00e9tait assez r\u00e9glo mais le client avait l&rsquo;oreille en sang.\u00a0\u00bb<\/p>\n<p>\u00c0 1\u00a0h\u00a014, l&rsquo;alerte est donn\u00e9e d&rsquo;un homme <a href=\"https:\/\/www.laprovence.com\/article\/faits-divers-justice\/1088756783453715\/agressions-au-couteau-en-serie-a-marseille-et-arles-pendant-ce-week-end-de-la-toussaint\" target=\"_blank\" rel=\"noopener\">bless\u00e9 par arme blanche<\/a>. Parmi les f\u00eatards de la rue, la nouvelle se r\u00e9pand gr\u00e2ce au bouche \u00e0 oreille, mais dans la rue bond\u00e9e, certains ne remarquent pas l&rsquo;attroupement. Un \u00e9quipage de police se pr\u00e9sente avant les secours. D&rsquo;apr\u00e8s un t\u00e9moin, qui passait la soir\u00e9e avec des amis au O&rsquo;Malley&rsquo;s, c&rsquo;est alors la confusion totale.<\/p>\n<p>Frapp\u00e9 par des connaissance de l&rsquo;agent et des badauds<\/p>\n<p>Au milieu des noctambules nombreux, des individus se pr\u00e9cipitent sur le suppos\u00e9 auteur des coups de couteau. \u00ab\u00a0Le patron d&rsquo;un commerce \u00e0 c\u00f4t\u00e9 a commenc\u00e9 \u00e0 le tabasser en disant que le videur \u00e9tait un ami, des employ\u00e9s ont fait pareil et des badauds se sont joints. Les policiers ont essay\u00e9 de le menotter, ils l&rsquo;ont plaqu\u00e9 au sol, t\u00eate par terre. Pendant ce temps, les gens continuaient \u00e0 le fracasser\u00a0\u00bb, relate le t\u00e9moin.\u00a0<\/p>\n<p>Il poursuit : \u00ab\u00a0Ensuite, le Samu est arriv\u00e9 pour s&rsquo;occuper de la victime. Il y avait des gens choqu\u00e9s, des videurs d&rsquo;autres bo\u00eetes qui sont venus, des coll\u00e8gues proches de la personne d\u00e9c\u00e9d\u00e9e qui \u00e9tait en pleurs.\u00a0\u00bb Tard dans la soir\u00e9e, la police finira par lever le p\u00e9rim\u00e8tre de s\u00e9curit\u00e9 apr\u00e8s avoir effectu\u00e9 les constatations techniques et scientifiques d&rsquo;usage. Plac\u00e9 en garde \u00e0 vue, le suspect sera au c\u0153ur d&rsquo;une enqu\u00eate ouverte dans la foul\u00e9e et confi\u00e9e \u00e0 <a href=\"https:\/\/www.laprovence.com\/article\/faits-divers-justice\/2882846603162714\/un-serial-detrousseur-de-personnes-agees-qui-sevissait-a-marseille-ecroue\" target=\"_blank\" rel=\"noopener\">la Division de la criminalit\u00e9 territoriale (DCT)<\/a>.<\/p>\n<p>Ce dimanche 9 novembre apr\u00e8s-midi, exceptionnellement, les portes bleues vernies du Little Temple sont rest\u00e9es closes. Dans le O&rsquo;Malley&rsquo;s en face, des clients, visiblement marqu\u00e9s par le d\u00e9c\u00e8s violent du portier la nuit d&rsquo;avant, trinquaient gravement \u00ab\u00a0\u00e0 nos morts\u00a0\u00bb.<\/p>\n","protected":false},"excerpt":{"rendered":"En quelques secondes, la soir\u00e9e festive a bascul\u00e9. La violence, les larmes et la confusion ont fait irruption&hellip;\n","protected":false},"author":2,"featured_media":523273,"comment_status":"","ping_status":"","sticky":false,"template":"","format":"standard","meta":{"footnotes":""},"categories":[4],"tags":[17,11,11240,1102,20,13413,274,1011,27,884,12,13659,5714,25,656],"class_list":{"0":"post-523272","1":"post","2":"type-post","3":"status-publish","4":"format-standard","5":"has-post-thumbnail","7":"category-france","8":"tag-17","9":"tag-actualites","10":"tag-agent","11":"tag-breakingnews","12":"tag-comment","13":"tag-devant","14":"tag-faits-divers-justice","15":"tag-fr","16":"tag-france","17":"tag-marseille","18":"tag-news","19":"tag-poignarde","20":"tag-pub","21":"tag-republique-francaise","22":"tag-securite"},"share_on_mastodon":{"url":"https:\/\/pubeurope.com\/@fr\/115521116157421338","error":""},"_links":{"self":[{"href":"https:\/\/www.europesays.com\/fr\/wp-json\/wp\/v2\/posts\/523272","targetHints":{"allow":["GET"]}}],"collection":[{"href":"https:\/\/www.europesays.com\/fr\/wp-json\/wp\/v2\/posts"}],"about":[{"href":"https:\/\/www.europesays.com\/fr\/wp-json\/wp\/v2\/types\/post"}],"author":[{"embeddable":true,"href":"https:\/\/www.europesays.com\/fr\/wp-json\/wp\/v2\/users\/2"}],"replies":[{"embeddable":true,"href":"https:\/\/www.europesays.com\/fr\/wp-json\/wp\/v2\/comments?post=523272"}],"version-history":[{"count":0,"href":"https:\/\/www.europesays.com\/fr\/wp-json\/wp\/v2\/posts\/523272\/revisions"}],"wp:featuredmedia":[{"embeddable":true,"href":"https:\/\/www.europesays.com\/fr\/wp-json\/wp\/v2\/media\/523273"}],"wp:attachment":[{"href":"https:\/\/www.europesays.com\/fr\/wp-json\/wp\/v2\/media?parent=523272"}],"wp:term":[{"taxonomy":"category","embeddable":true,"href":"https:\/\/www.europesays.com\/fr\/wp-json\/wp\/v2\/categories?post=523272"},{"taxonomy":"post_tag","embeddable":true,"href":"https:\/\/www.europesays.com\/fr\/wp-json\/wp\/v2\/tags?post=523272"}],"curies":[{"name":"wp","href":"https:\/\/api.w.org\/{rel}","templated":true}]}}