{"id":523277,"date":"2025-11-09T18:21:14","date_gmt":"2025-11-09T18:21:14","guid":{"rendered":"https:\/\/www.europesays.com\/fr\/523277\/"},"modified":"2025-11-09T18:21:14","modified_gmt":"2025-11-09T18:21:14","slug":"tomblaine-olivier-morzelle-atd-quart-monde-aujourdhui-le-taux-de-non-recours-au-rsa-est-estime-a-34-et-celui-du-non-recours-au-minimum-vieillesse-a-50","status":"publish","type":"post","link":"https:\/\/www.europesays.com\/fr\/523277\/","title":{"rendered":"Tomblaine Olivier Morzelle (ATD Quart Monde)\u00a0 \u00ab\u00a0Aujourd\u2019hui, le taux de non-recours au RSA est estim\u00e9 \u00e0 34 % et celui du non-recours au minimum vieillesse \u00e0 50 % !\u00a0\u00bb"},"content":{"rendered":"<blockquote class=\"question\"><p>Olivier Morzelle, pouvez-vous rappeler quel est l\u2019objectif d\u2019ATD Quart Monde ?<\/p><\/blockquote>\n<p>\u00ab ATD Quart Monde est un mouvement international non gouvernemental et sans affiliation religieuse ou politique, fond\u00e9 en 1957 par Joseph Wresinski et des habitants d\u2019un bidonville de Noisy-le-Grand. Depuis plus de 60 ans, ce mouvement rassemble celles et ceux qui veulent s\u2019engager pour mettre fin \u00e0 l\u2019extr\u00eame pauvret\u00e9 et construire une soci\u00e9t\u00e9 plus juste, qui respecte les droits fondamentaux et l\u2019\u00e9gale dignit\u00e9 de toutes et tous. Il est pr\u00e9sent dans 35 pays. En France, il compte 8 700 b\u00e9n\u00e9voles et militants qui vivent ou ont v\u00e9cu dans une extr\u00eame pauvret\u00e9. \u00bb<\/p>\n<blockquote class=\"question\"><p>Comment \u00e9volue la pauvret\u00e9 en France ?<\/p><\/blockquote>\n<p>\u00ab Depuis les ann\u00e9es 2000, elle ne cesse de progresser (y compris dans <a href=\"https:\/\/www.estrepublicain.fr\/social\/2025\/10\/14\/precarite-dans-le-grand-est-une-realite-qu-on-peut-plus-refuser-de-voir\" target=\"_blank\" rel=\"noopener\"> le Grand Est<\/a> et dans <a href=\"https:\/\/www.estrepublicain.fr\/social\/2024\/11\/18\/toujours-plus-de-precarite-dans-le-departement\" target=\"_blank\" rel=\"noopener\">le d\u00e9partement 54<\/a> , NDLR).<\/p>\n<p>  \u00ab Les chiffres de la pauvret\u00e9 sont sous-\u00e9valu\u00e9s car les gens sans-logement ne sont pas recens\u00e9s \u00bb<\/p>\n<p>Selon les chiffres de l\u2019Insee, en 2024, on comptait 9, 8 millions de personnes vivant avec moins de 1 260 \u20ac net par mois, soit un peu plus de 15 % de la population fran\u00e7aise, et 2,6 millions vivraient aujourd\u2019hui en dessous du seuil de 840 \u20ac par mois, soit 4, 1 % de la population fran\u00e7aise. <a href=\"https:\/\/www.estrepublicain.fr\/societe\/2025\/07\/07\/le-taux-de-pauvrete-et-les-inegalites-au-plus-haut-depuis-30-ans\" target=\"_blank\" rel=\"noopener\">C\u2019est un record absolu !<\/a> Et ces chiffres sont sous-\u00e9valu\u00e9s car les gens sans-logement ne sont pas recens\u00e9s. \u00bb<\/p>\n<blockquote class=\"question\"><p>Quelles sont les priorit\u00e9s pour ATD Quart Monde ?<\/p><\/blockquote>\n<p>\u00ab Parmi nos grandes priorit\u00e9s, il y a <a href=\"https:\/\/www.estrepublicain.fr\/faits-divers-justice\/2025\/11\/09\/la-justice-veut-rendre-a-l-acces-au-droit-toujours-plus-facile?preview=true\" target=\"_blank\" rel=\"noopener\">la lutte pour l\u2019acc\u00e8s aux droits<\/a>. Il faut que les droits soient inscrits dans la loi mais il faut aussi pouvoir s\u2019en emparer. Aujourd\u2019hui, le taux de non-recours au RSA est estim\u00e9 \u00e0 34 % et celui du non-recours au minimum vieillesse \u00e0 50 % ! Et <a href=\"https:\/\/www.estrepublicain.fr\/social\/2024\/12\/13\/avec-vous-pour-vos-droits-non-recours-des-ayants-droit-par-manque-d-information-ou-peur-de-la-stigmatisation\" target=\"_blank\" rel=\"noopener\">l\u2019une des causes du non-acc\u00e8s aux droits<\/a> est justement ce que l\u2019on appelle la maltraitance institutionnelle qui a pour cons\u00e9quences de renforcer la pauvret\u00e9 et l\u2019isolement. \u00bb<\/p>\n<blockquote class=\"question\"><p>Comment lutter contre les maltraitances institutionnelles ?<\/p><\/blockquote>\n<p>\u00ab Avec ATD Quart Monde, nous avons men\u00e9 des travaux de recherche avec l\u2019Universit\u00e9 d\u2019Oxford pour comprendre les m\u00e9canismes de la grande pauvret\u00e9. Dans ces travaux, la maltraitance institutionnelle est apparue comme une dimension \u00e0 part enti\u00e8re qui caract\u00e9rise ce que c\u2019est de vivre en situation de grande pauvret\u00e9. Aujourd\u2019hui, \u00e0 Tomblaine, nous pr\u00e9sentons un plaidoyer pour de dire stop \u00e0 la maltraitance institutionnelle qui est aussi une invitation \u00e0 se mobiliser tous ensemble et \u00e0 interpeller les institutions, responsables politiques, afin qu\u2019ils fassent \u00e9voluer les lois et les pratiques. L\u2019une des propositions est de remettre de l\u2019humain dans les services publics \u00bb<\/p>\n","protected":false},"excerpt":{"rendered":"Olivier Morzelle, pouvez-vous rappeler quel est l\u2019objectif d\u2019ATD Quart Monde ? \u00ab ATD Quart Monde est un mouvement&hellip;\n","protected":false},"author":2,"featured_media":523278,"comment_status":"","ping_status":"","sticky":false,"template":"","format":"standard","meta":{"footnotes":""},"categories":[9635],"tags":[1111,11,1704,1777,674,1011,27,775,11260,3457,1702,12,25,104,11703],"class_list":{"0":"post-523277","1":"post","2":"type-post","3":"status-publish","4":"format-standard","5":"has-post-thumbnail","7":"category-nancy","8":"tag-actu","9":"tag-actualites","10":"tag-edition-nancy-et-agglomeration","11":"tag-eu","12":"tag-europe","13":"tag-fr","14":"tag-france","15":"tag-grand-est","16":"tag-metropole-du-grand-nancy-54b4","17":"tag-meurthe-et-moselle","18":"tag-nancy","19":"tag-news","20":"tag-republique-francaise","21":"tag-societe","22":"tag-tomblaine"},"share_on_mastodon":{"url":"https:\/\/pubeurope.com\/@fr\/115521131817989973","error":""},"_links":{"self":[{"href":"https:\/\/www.europesays.com\/fr\/wp-json\/wp\/v2\/posts\/523277","targetHints":{"allow":["GET"]}}],"collection":[{"href":"https:\/\/www.europesays.com\/fr\/wp-json\/wp\/v2\/posts"}],"about":[{"href":"https:\/\/www.europesays.com\/fr\/wp-json\/wp\/v2\/types\/post"}],"author":[{"embeddable":true,"href":"https:\/\/www.europesays.com\/fr\/wp-json\/wp\/v2\/users\/2"}],"replies":[{"embeddable":true,"href":"https:\/\/www.europesays.com\/fr\/wp-json\/wp\/v2\/comments?post=523277"}],"version-history":[{"count":0,"href":"https:\/\/www.europesays.com\/fr\/wp-json\/wp\/v2\/posts\/523277\/revisions"}],"wp:featuredmedia":[{"embeddable":true,"href":"https:\/\/www.europesays.com\/fr\/wp-json\/wp\/v2\/media\/523278"}],"wp:attachment":[{"href":"https:\/\/www.europesays.com\/fr\/wp-json\/wp\/v2\/media?parent=523277"}],"wp:term":[{"taxonomy":"category","embeddable":true,"href":"https:\/\/www.europesays.com\/fr\/wp-json\/wp\/v2\/categories?post=523277"},{"taxonomy":"post_tag","embeddable":true,"href":"https:\/\/www.europesays.com\/fr\/wp-json\/wp\/v2\/tags?post=523277"}],"curies":[{"name":"wp","href":"https:\/\/api.w.org\/{rel}","templated":true}]}}