{"id":523279,"date":"2025-11-09T18:23:40","date_gmt":"2025-11-09T18:23:40","guid":{"rendered":"https:\/\/www.europesays.com\/fr\/523279\/"},"modified":"2025-11-09T18:23:40","modified_gmt":"2025-11-09T18:23:40","slug":"toutes-les-infos-sur-ledition-2025-notre-guide-pratique","status":"publish","type":"post","link":"https:\/\/www.europesays.com\/fr\/523279\/","title":{"rendered":"toutes les infos sur l&rsquo;\u00e9dition 2025, notre guide pratique"},"content":{"rendered":"<p>La ville de Nancy a d\u00e9taill\u00e9, lors d&rsquo;une conf\u00e9rence de presse, l&rsquo;\u00e9dition 2025 des f\u00eates de la Saint-Nicolas. Elles se tiendront du 21 novembre 2025 au 4 janvier 2026. L&rsquo;inauguration aura lieu, comme l&rsquo;an dernier, le premier jour des festivit\u00e9s, le vendredi 21 novembre. Le week-end de Saint-Nicolas se tiendra les samedi 6 et dimanche 7 d\u00e9cembre, avec le d\u00e9fil\u00e9 qui se d\u00e9roulera le 6 en fin d&rsquo;apr\u00e8s-midi.<\/p>\n<p>L&rsquo;\u00e9dition 2024 a \u00e9t\u00e9 meilleure que la pr\u00e9c\u00e9dente, <a href=\"https:\/\/www.estrepublicain.fr\/culture-loisirs\/2025\/01\/04\/bilan-positif-pour-les-villages-de-saint-nicolas-mais-deception-pour-celui-place-simone-veil-en-face-de-la-gare\" target=\"_blank\" rel=\"noopener\">avec un nombre de visiteurs estim\u00e9 entre \u00ab 800 000 et 900 000 \u00bb,<\/a> selon les Vitrines de Nancy.<\/p>\n<p>  &#13;<br \/>\n      <a href=\"https:\/\/cdn-s-www.estrepublicain.fr\/images\/8654c756-53cf-4e31-af9a-79b83db5d727\/NW_raw\/lors-d-une-repetition-de-la-fanfare-des-enfants-du-boucher-photo-cedric-jacquot-1686559597.jpg\" title=\"Lors d&#039;une r\u00e9p\u00e9tition de la Fanfare des enfants du boucher. Photo C\u00e9dric Jacquot\" class=\"chocolat-image GA-tracking\" data-ga_type=\"click\" data-ga_category=\"D\u00e9tail\" data-ga_action=\"zoomer\" data-ga_label=\"agrandir image\" target=\"_blank\" rel=\"noopener\">&#13;<br \/>\n          <img loading=\"lazy\" decoding=\"async\" src=\"https:\/\/www.europesays.com\/fr\/wp-content\/uploads\/2025\/11\/lors-d-une-repetition-de-la-fanfare-des-enfants-du-boucher-photo-cedric-jacquot-1686559597.jpg\" data-mobile=\"NW_listC_M|1686559597\" data-base=\"NW_listC|1686559597\" alt=\"Lors d'une r\u00e9p\u00e9tition de la Fanfare des enfants du boucher. Photo C\u00e9dric Jacquot\"\/>&#13;<br \/>\n      <\/a>&#13;<\/p>\n<p>Lors d&rsquo;une r\u00e9p\u00e9tition de la Fanfare des enfants du boucher. Photo C\u00e9dric Jacquot<\/p>\n<p>&#13;<\/p>\n<p>  La Fanfare des enfants du boucher recrute<\/p>\n<p>Le week-end de Saint-Nicolas, les 6 et 7 d\u00e9cembre, des projets artistiques participatifs seront pr\u00e9sent\u00e9s au public.<\/p>\n<p>Dans cet esprit, les musiciens amateurs ou professionnels peuvent rejoindre la Fanfare des enfants du boucher, sous la direction de Nicolas Arnoult, qui f\u00eatera ses dix ans en 2025.<\/p>\n<p>Lors du week-end de Saint-Nicolas, en attendant l\u2019arriv\u00e9e du d\u00e9fil\u00e9 <a href=\"https:\/\/www.estrepublicain.fr\/p\/place-stanislas\" target=\"_blank\" rel=\"noopener\">place Stanislas<\/a> le samedi 6 d\u00e9cembre, les enfants du boucher interpr\u00e9teront depuis les fen\u00eatres de l&rsquo;op\u00e9ra leur r\u00e9pertoire devant des milliers de spectateurs.<\/p>\n<p>Form\u00e9e au d\u00e9but de l\u2019ann\u00e9e 2016 \u00e0 l\u2019initiative de la ville de Nancy, la MJC Lillebonne et L\u2019Autre Canal, la Fanfare des enfants du boucher a pour but de \u00ab faire vivre autrement la l\u00e9gende de saint Nicolas et f\u00eater en musique notre patron \u00bb.<\/p>\n<p>  Rejoindre les Enfants du fouettard dans les ann\u00e9es 20<\/p>\n<p>Autre projet participatif, celui des Enfants du fouettard, \u00ab\u00a0huit danseuses percussionnistes de la compagnie la Torpille mixent avec tous ceux qui le veulent le c\u00f4t\u00e9 obscur du P\u00e8re Fouettard et le soleil de la danse africaine\u00a0\u00bb.<\/p>\n<p>Le 6 d\u00e9cembre, en public, les percussionnistes ou danseurs amateurs pr\u00e9senteront \u00ab\u00a0un flashmob percutant aux sons des tambours\u00a0\u00bb qui fera un saut dans le jazz des ann\u00e9es 20.<\/p>\n<ul>\n<li>Les repr\u00e9sentations \u00a0: mercredi 26 novembre \u00e0 la course de Saint-Nicolas des \u00e9tudiants, le samedi 6 d\u00e9cembre lors du week-end de Saint-Nicolas.<\/li>\n<li>Les inscriptions \u00a0: <a href=\"https:\/\/www.estrepublicain.fr\/culture-loisirs\/2022\/11\/07\/mailto:compagnie.latorpille@gmail.com\" target=\"_blank\" rel=\"noopener\">compagnie.latorpille@gmail.com<\/a><\/li>\n<\/ul>\n<p>  Illumine ton quartier<\/p>\n<p>Pour cette nouvelle \u00e9dition de \u00ab\u00a0Illumine ton quartier\u00a0\u00bb, la ville de Nancy a convi\u00e9 cinq artistes \u00e0 intervenir aupr\u00e8s de seniors des r\u00e9sidences autonomies et d\u2019enfants de CLSH de Nancy. Objectif : r\u00e9aliser avec chaque groupe interg\u00e9n\u00e9rationnel un totem sur les personnages de la l\u00e9gende de Saint-Nicolas.<\/p>\n<p>Cinq totems de 3 m\u00e8tres de haut seront install\u00e9s dans l\u2019espace public pendant toute la dur\u00e9e des f\u00eates de Saint-Nicolas, \u00e0 proximit\u00e9 des lieux d\u2019intervention.<\/p>\n<p>Les march\u00e9s de No\u00ebl et de la Saint-Nicolas \u00e0 Nancy          <\/p>\n<p>  O\u00f9 seront situ\u00e9s les diff\u00e9rents villages et hameaux ?<\/p>\n<p>Cette ann\u00e9e, plusieurs villages et hameaux gourmands de Saint-Nicolas accueilleront le public \u00e0 travers la ville dans une d\u00e9ambulation coordonn\u00e9e et co-construite par les Vitrines de Nancy. Chacun proposera ses sp\u00e9cialit\u00e9s\u00a0: artisanat d\u2019art et artistes, m\u00e9tiers de bouche, animations et attractions.<\/p>\n<p><strong>Place Charles-III<\/strong>, le grand village, port\u00e9 par l\u2019association Les vitrines de Nancy, sera en place du 21 novembre au 28 d\u00e9cembre. Soixante-cinq chalets, la plupart des artisans, y seront r\u00e9unis. Une nouvelle maison de Saint-Nicolas et de No\u00ebl sur 55 m2 sera \u00e0 d\u00e9couvrir.<\/p>\n<ul>\n<li><strong>Horaires<\/strong>\u00a0: les lundis de 12\u00a0h \u00e0 20\u00a0h, du mardi au vendredi de 11\u00a0h \u00e0 20\u00a0h, les samedis de 10\u00a0h \u00e0 21\u00a0h, les dimanches de 10\u00a0h \u00e0 20\u00a0h, nocturne jusqu\u2019\u00e0 21\u00a0h pour les m\u00e9tiers de bouche. Le samedi 7 d\u00e9cembre, nocturne pour tous jusqu\u2019\u00e0 21\u00a0h. Ferm\u00e9 le 25 d\u00e9cembre.<\/li>\n<\/ul>\n<p>Trois villages seront install\u00e9s <strong>place de la Carri\u00e8re<\/strong>.<\/p>\n<p>Le <strong>village du gouverneur,<\/strong> une nouveaut\u00e9, en face du palais du gouvernement, sera compos\u00e9 de sept chalets de restauration tenus par des restaurateurs locaux et de trois chalets d\u2019artisanat d\u2019art (du 21 novembre au 4 janvier 2026).<\/p>\n<ul>\n<li>Horaires\u00a0: du dimanche au mercredi de 11\u00a0h \u00e0 22\u00a0h, du jeudi au samedi de 11\u00a0h \u00e0 23\u00a0h\u00a0; ferm\u00e9 uniquement les lundis hors vacances scolaires.<\/li>\n<\/ul>\n<p>Le <strong>village de la grande roue<\/strong>, avec ses man\u00e8ges anciens et ses chalets gourmands, retrouve son emplacement \u00e0 proximit\u00e9 de l\u2019arc H\u00e9r\u00e9. <strong>Au village de la patinoire<\/strong>, cette derni\u00e8re sera rev\u00eatue d\u2019une glace naturelle.<\/p>\n<p>La <strong>place Vaud\u00e9mont<\/strong> retrouve son hameau gourmand du 21 novembre au 4 janvier 2026.<\/p>\n<ul>\n<li>Horaires\u00a0: ferm\u00e9 les lundis et mardis, les mercredis et jeudis de 16\u00a0h \u00e0 22\u00a0h, les vendredis et samedis de 12\u00a0h \u00e0 23\u00a0h, les dimanches de 12\u00a0h \u00e0 21\u00a0h\u00a0; ferm\u00e9 les 24 et 25 d\u00e9cembre et 31 d\u00e9cembre et 1er janvier. Ouverture exceptionnelle les mardis 23 et 30 d\u00e9cembre.<\/li>\n<\/ul>\n<p>Le <strong>hameau gourmand de la Craffe<\/strong>, g\u00e9r\u00e9 par un restaurateur local, prendra place sous la porte du m\u00eame nom du 21 novembre au 4 janvier 2026.<\/p>\n<ul>\n<li>Horaires\u00a0: ferm\u00e9 les lundis, du mardi au jeudi de 16\u00a0h \u00e0 22\u00a0h, du vendredi au dimanche de 12\u00a0h \u00e0 22\u00a0h, ferm\u00e9 les 24, 25, 31 d\u00e9cembre et 1er janvier.<\/li>\n<\/ul>\n<p>Autre hameau d\u00e9di\u00e9 \u00e0 la gastronomie\u00a0: le <strong>hameau des fondues festives<\/strong>, <a href=\"https:\/\/www.estrepublicain.fr\/p\/place-saint-epvre\" target=\"_blank\" rel=\"noopener\">place Saint-Epvre<\/a>, du 21 novembre au 4 janvier.<\/p>\n<ul>\n<li>Horaires\u00a0: du mardi au dimanche 12\u00a0h \u00e0 21\u00a0h, jusqu\u2019\u00e0 22\u00a0h les vendredis et les samedis. Ferm\u00e9 les 25 d\u00e9cembre et 1er janvier. Ouverture exceptionnelle jusqu\u2019\u00e0 18\u00a0h les 24 et 31 d\u00e9cembre.<\/li>\n<\/ul>\n<p>Le petit hameau de Nico et Mouja, rue du Pont Mouja du 21 novembre au 4 janvier, est port\u00e9 par l&rsquo;association du m\u00eame nom. <strong><br \/><\/strong><\/p>\n<ul>\n<li>Horaires : du lundi au dimanche de 11\u00a0h \u00e0 21\u00a0h, ferm\u00e9 les 25 d\u00e9cembre et 1er janvier. Ouverture exceptionnelle jusqu\u2019\u00e0 18\u00a0h les 24 et 31 d\u00e9cembre.<\/li>\n<\/ul>\n<p>A noter que le village de la gare n\u2019est pas reconduit. En 2024, on pouvait y trouver <a href=\"https:\/\/www.estrepublicain.fr\/culture-loisirs\/2024\/11\/11\/fetes-de-la-saint-nicolas-le-montage-des-maneges-a-debute\" target=\"_blank\" rel=\"noopener\">un ancien man\u00e8ge r\u00e9nov\u00e9, une chenille, La Tro\u00efka<\/a>. Le bilan dress\u00e9 par les commer\u00e7ants \u00e9tait plus que mitig\u00e9. \u00ab\u00a0En six semaines, j\u2019ai r\u00e9alis\u00e9 le chiffre d\u2019affaires que j\u2019avais fait en une semaine \u00e0 Lille l\u2019an pass\u00e9, expliquait Jos\u00e9 Geronnez, le propri\u00e9taire du man\u00e8ge. Certes, il y avait du passage, mais les gens ne s\u2019arr\u00eataient pas. Ce n\u2019est pas une bonne id\u00e9e de disperser les villages de No\u00ebl.\u00a0\u00bb<\/p>\n<p>Il n&rsquo;y aura pas non plus de village sous la porte Saint-Nicolas.<\/p>\n<p>    &#13;<br \/>\n    &#13;<br \/>\n    &#13;<br \/>\n    <a href=\"https:\/\/cdn-s-www.estrepublicain.fr\/images\/c4edca5b-34af-4547-9f36-d288dfdce799\/NW_raw\/le-grand-village-de-saint-nicolas-place-charles-iii-en-2024-photo-cedric-jacquot-1734200001.jpg\" title=\"Le grand village de Saint-Nicolas place Charles-III en 2024. Photo C\u00e9dric Jacquot\" class=\"chocolat-image GA-tracking\" data-ga_type=\"click\" data-ga_category=\"D\u00e9tail\" data-ga_action=\"zoomer\" data-ga_label=\"aggrandir image\" target=\"_blank\" rel=\"noopener\">&#13;<br \/>\n        <img src=\"https:\/\/www.europesays.com\/fr\/wp-content\/uploads\/2025\/11\/le-grand-village-de-saint-nicolas-place-charles-iii-en-2024-photo-cedric-jacquot-1743413192.jpg\"   alt=\"Le grand village de Saint-Nicolas place Charles-III en 2024. Photo C\u00e9dric Jacquot\" fetchpriority=\"high\" decoding=\"async\" data-mobile=\"NW_listA_M|1734200001\" data-base=\"NW_listA|1743413192\"\/>&#13;<br \/>\n    <\/a>&#13;<\/p>\n<p>Le grand village de Saint-Nicolas place Charles-III en 2024. Photo C\u00e9dric Jacquot<\/p>\n<p>Le grand week-end de Saint-Nicolas et son d\u00e9fil\u00e9          <\/p>\n<p>  Quand a lieu le d\u00e9fil\u00e9 de Saint-Nicolas\u00a0 ?<\/p>\n<p>Le d\u00e9fil\u00e9 de Saint-Nicolas aura lieu le samedi 6 d\u00e9cembre avec un d\u00e9part annonc\u00e9 \u00e0 17\u00a0h\u00a030 de la place Carnot pour rejoindre la place Stanislas.<\/p>\n<p>En 2024, <a href=\"https:\/\/www.estrepublicain.fr\/culture-loisirs\/2024\/12\/08\/120-000-personnes-temps-sec-feu-d-artifice-une-belle-saint-nicolas-comme-on-l-aime\" target=\"_blank\" rel=\"noopener\">le d\u00e9fil\u00e9 avait attir\u00e9 pr\u00e8s de 120 000 personnes.<\/a> Beaucoup plus que les 70 000 de l&rsquo;ann\u00e9e 2023.<\/p>\n<p>Nouveaut\u00e9 avant le d\u00e9fil\u00e9<\/p>\n<p>Avant le d\u00e9part du d\u00e9fil\u00e9, un apr\u00e8s-midi festif se d\u00e9roulera \u00e0 la biblioth\u00e8que Stanislas de 14\u00a0h \u00e0 17\u00a0h. Une nouveaut\u00e9 pr\u00e9sent\u00e9e comme un moment de d\u00e9couverte \u00ab de surprises issues des collections des Biblioth\u00e8ques de Nancy\u00a0\u00bb, d&rsquo;ateliers cr\u00e9atifs et de s\u00e9ances de d\u00e9dicaces avec des auteurs jeunesse.<\/p>\n<p>Quel est le th\u00e8me du d\u00e9fil\u00e9 2025\u00a0 ?<\/p>\n<p>Le cort\u00e8ge 2025 sera sur le th\u00e8me \u00ab Arts et folies\u00a0\u00bb, en lien avec M\u00e9tro Folies, qui f\u00eate le centenaire de l\u2019Exposition internationale des arts d\u00e9coratifs et industriels modernes de Paris. Plus de 600 artistes et participants soivent y prendre part.<\/p>\n<p>Deux nouveaux chars ont \u00e9t\u00e9 cr\u00e9\u00e9s par l\u2019atelier d\u00e9cor du centre technique municipal de la ville de Nancy\u00a0: le char de saint Nicolas et le char de Torreon (Mexique).<\/p>\n<p>Le cort\u00e8ge 2024 comptait <a href=\"https:\/\/www.estrepublicain.fr\/culture-loisirs\/2024\/12\/07\/saint-nicolas-a-nancy-parcours-animations-infos-pratiques-vivez-cette-journee-feerique-et-le-defile-avec-nous#be735de1-e10a-4a93-819c-7bf4764e0f72\" target=\"_blank\" rel=\"noopener\">24 chars anim\u00e9s par pr\u00e8s de 250 adultes et 100 enfants.<\/a> \u00c0 cela, il fallait ajouter les 26 spectacles professionnels, pour lesquels 525 artistes \u00e9taient mobilis\u00e9s.<\/p>\n<p>Quel est le parcours du d\u00e9fil\u00e9\u00a0 ?<\/p>\n<p>Il y a fort \u00e0 parier que, comme en 2023 et 2024, le d\u00e9part sera donn\u00e9 de la place Carnot, le trac\u00e9 d&rsquo;1,5 km passera par la place Dombasle, la rue Stanislas, la rue d&rsquo;Amerval, la place Saint-Epvre, la place de la Carri\u00e8re et la place Stanislas. \u00c0 moins que la r\u00e9ouverture de la ligne de trolley change la donne&#8230; \u00a0?<\/p>\n<p>Quelle quantit\u00e9 de bonbons sera distribu\u00e9e\u00a0 ?<\/p>\n<p>En 2024, quatre tonnes de friandises ont \u00e9t\u00e9 distribu\u00e9es pendant le d\u00e9fil\u00e9.<\/p>\n<p>  Comment se rendre au d\u00e9fil\u00e9\u00a0 ?<\/p>\n<p>Il sera \u00e9videmment possible de stationner son v\u00e9hicule \u00ab en surface ou dans l&rsquo;un des nombreux parkings situ\u00e9s \u00e0 proximit\u00e9 de l&rsquo;aire pi\u00e9tonne\u00a0\u00bb. Dans les parkings en ouvrage, souterrains ou a\u00e9riens, \u00ab les trente premi\u00e8res minutes sont gratuites\u00a0\u00bb.<\/p>\n<p>Les 2\u00a0300 places de stationnement en surface, au centre-ville, sont \u00e9galement accessibles.<\/p>\n<p>Une navette gratuite partira du parc des expositions pour se rendre au centre de Nancy le samedi 6 d\u00e9cembre.\u00a0<\/p>\n<p>Ce contenu est bloqu\u00e9 car vous n&rsquo;avez pas accept\u00e9 les cookies et autres traceurs.<\/p>\n<p>En cliquant sur \u00ab J\u2019accepte \u00bb, les cookies et autres traceurs seront d\u00e9pos\u00e9s et vous pourrez visualiser les contenus  (<a href=\"\" class=\"consentModule_policy\" target=\"_blank\" title=\"Consulter la politique de protection des donn\u00e9es du fournisseur\">plus d&rsquo;informations<\/a>).<\/p>\n<p>En cliquant sur \u00ab J\u2019accepte tous les cookies \u00bb, vous autorisez des d\u00e9p\u00f4ts de cookies et autres traceurs pour le stockage de vos donn\u00e9es sur nos sites et applications \u00e0 des fins de personnalisation et de ciblage publicitaire.<\/p>\n<p class=\"consentModule_secondaryText\">Vous gardez la possibilit\u00e9 de retirer votre consentement \u00e0 tout moment en consultant notre <a href=\"https:\/\/www.estrepublicain.fr\/protection-des-donnees\" target=\"_blank\" title=\"Consulter notre politique de protection des donn\u00e9es\" rel=\"noopener\">politique de protection des donn\u00e9es<\/a>. <br \/>&#13;<br \/>\n            <a href=\"https:\/\/www.estrepublicain.fr\/culture-loisirs\/2022\/11\/07\/javascript:Didomi.notice.show()\" class=\"consentModule_cmp\" target=\"_blank\" rel=\"noopener\">G\u00e9rer mes choix<\/a>&#13;\n        <\/p>\n<p>&#13;<br \/>\n                        J&rsquo;accepte&#13;<br \/>\n            J&rsquo;accepte tous les cookies&#13;\n        <\/p>\n<p>  O\u00f9 peut-on trouver des artistes et artisans locaux\u00a0?<\/p>\n<p>Plusieurs \u00e9v\u00e9nements ont lieu autour des artistes, notamment nanc\u00e9iens, durant ce mois de festivit\u00e9s li\u00e9es \u00e0 la Saint-Nicolas.<\/p>\n<p><strong>Le hameau des artistes<\/strong> aura lieu \u00e0 la MJC Lillebonne le vendredi 28 novembre de 18\u00a0h \u00e0 22\u00a0h, le samedi 29 novembre de 10\u00a0h \u00e0 22 h et le dimanche 30 novembre de 10\u00a0h \u00e0 18\u00a0h.<\/p>\n<p>Le <strong>No\u00ebl vert du Grand Nancy<\/strong>, salle Gentilly, est un march\u00e9 de Noel \u00e9co-responsable. Il aura lieu les samedi 29 et dimanche 30 novmebre.<\/p>\n<p>Les <strong>cr\u00e9ateurs de l\u2019Octroi<\/strong> tiendront leur march\u00e9 artisanale le samedi 29 novembre de 13\u00a0h \u00e0 19\u00a0h et le dimanche 30 novembre de 13\u00a0h \u00e0 18\u00a0h \u00e0 la petite halle, boulevard d&rsquo;Austrasie.<\/p>\n<p><strong>L\u2019art et la mani\u00e8re<\/strong>, qui ne s&rsquo;installera pas <a href=\"https:\/\/www.estrepublicain.fr\/culture-loisirs\/2025\/11\/01\/l-art-et-la-maniere-n-a-plus-les-moyens-de-s-installer-a-l-octroi-et-change-de-lieu-pour-2025\" target=\"_blank\" rel=\"noopener\">cette ann\u00e9e \u00e0 l&rsquo;Octroi<\/a> en raison des charges, prend la direction de la MJC des Trois Maisons samedi 13 et dimanche 14 d\u00e9cembre, samedi 20 et dimanche 21 d\u00e9cembre (les samedis de 14\u00a0h \u00e0 minuit, les dimanches de 11\u00a0h \u00e0 19\u00a0h).<\/p>\n<p>Fid\u00e8le aux grands salons de l&rsquo;h\u00f4tel de ville, le march\u00e9\u00a0<a href=\"https:\/\/www.estrepublicain.fr\/economie\/2024\/12\/21\/gare-a-l-art-rush-sur-les-cadeaux-de-noel-qui-sortent-du-lot\" target=\"_blank\" rel=\"noopener\">Gare \u00e0 l&rsquo;art !<\/a> aura lieu cette ann\u00e9e du vendredi 19 au dimanche 21 d\u00e9cembre. <\/p>\n<p>  Quelles actions pour l&rsquo;environnement sont mises en place ?<\/p>\n<p>La Ville de Nancy souhaite que les f\u00eates de la Saint-Nicolas soient plus respectueuses de l&rsquo;environnement.<\/p>\n<p>Les horaires des d\u00e9corations se veulent plus \u00e9conomes\u00a0: les illuminations sont \u00e9teintes \u00e0 minuit, sauf durant quatre soir\u00e9es, o\u00f9 elles durent jusqu&rsquo;\u00e0 minuit et demi : le soir du lancement des f\u00eates de Saint-Nicolas (le vendredi 21 novembre), pour le d\u00e9fil\u00e9, le r\u00e9veillon de No\u00ebl (24 d\u00e9cembre) et le r\u00e9veillon de la Saint-Sylvestre (31 d\u00e9cembre).<\/p>\n<p>  Quelle sera la flashmob de la compagnie\u00a0\u00c2nes-Stram-Gram ?<\/p>\n<p><a href=\"https:\/\/www.estrepublicain.fr\/culture-loisirs\/2022\/09\/26\/let-the-sun-shine-place-stan-avec-anes-stram-gram\" target=\"_blank\" rel=\"noopener\">Chaque ann\u00e9e<\/a>, la compagnie \u00c2nes-Stram-Gram pr\u00e9pare une grande flashmob, <a href=\"https:\/\/www.estrepublicain.fr\/culture-loisirs\/2024\/10\/09\/si-vous-aimez-la-musique-la-danse-faire-le-clown-ou-des-pitreries-rejoignez-l-aventure-de-saint-nicolas\" target=\"_blank\" rel=\"noopener\">un projet ouvert \u00e0 tous<\/a>, quel que soit le niveau de danse, m\u00eame compl\u00e8tement d\u00e9butant. Cette ann\u00e9e, elle sera sur le th\u00e8me des Ann\u00e9es folles. Deux repr\u00e9sentations sont pr\u00e9vues \u00a0: mercredi 26 novembre lors de la course de Saint-Nicolas des \u00e9tudiants et dimanche 7 d\u00e9cembre pour le week-end de Saint-Nicolas.<\/p>\n<p>Y aura-t-il un d\u00e9fil\u00e9 sur l&rsquo;eau ?<\/p>\n<p>Saint Nicolas, \u00e9galement patron des bateliers, reprendra la navigation sur le canal de la Marne au Rhin cette ann\u00e9e encore. Les festivit\u00e9s se tiendront au port Sainte-Catherine le samedi 13 d\u00e9cembre, de 16\u00a0h\u00a030 \u00e0 21\u00a0h.<\/p>\n<p>Ce contenu est bloqu\u00e9 car vous n&rsquo;avez pas accept\u00e9 les cookies et autres traceurs.<\/p>\n<p>En cliquant sur \u00ab J\u2019accepte \u00bb, les cookies et autres traceurs seront d\u00e9pos\u00e9s et vous pourrez visualiser les contenus Acast (<a href=\"\" class=\"consentModule_policy\" target=\"_blank\" title=\"Consulter la politique de protection des donn\u00e9es du fournisseur\">plus d&rsquo;informations<\/a>).<\/p>\n<p>En cliquant sur \u00ab J\u2019accepte tous les cookies \u00bb, vous autorisez des d\u00e9p\u00f4ts de cookies et autres traceurs pour le stockage de vos donn\u00e9es sur nos sites et applications \u00e0 des fins de personnalisation et de ciblage publicitaire.<\/p>\n<p class=\"consentModule_secondaryText\">&#13;<br \/>\n                Vous gardez la possibilit\u00e9 de retirer votre consentement \u00e0 tout moment en consultant notre <a href=\"https:\/\/www.estrepublicain.fr\/protection-des-donnees\" target=\"_blank\" title=\"Consulter notre politique de protection des donn\u00e9es\" rel=\"noopener\">politique de protection des donn\u00e9es<\/a>. <br \/>&#13;<br \/>\n                <a href=\"https:\/\/www.estrepublicain.fr\/culture-loisirs\/2022\/11\/07\/javascript:Didomi.notice.show()\" class=\"consentModule_cmp\" target=\"_blank\" rel=\"noopener\">G\u00e9rer mes choix<\/a>&#13;\n            <\/p>\n<p>&#13;<br \/>\n                                J&rsquo;accepte&#13;<br \/>\n                J&rsquo;accepte tous les cookies&#13;\n            <\/p>\n<p>Le son et lumi\u00e8re de la place Stanislas          <\/p>\n<p>  Quel est le son et lumi\u00e8re de la place Stanislas ?<\/p>\n<p>Depuis 2022, le mapping hivernal est confi\u00e9 \u00e0 la soci\u00e9t\u00e9 AV Extended, qui s&rsquo;occupe aussi du mapping estival.<\/p>\n<p><a href=\"https:\/\/www.estrepublicain.fr\/culture-loisirs\/2022\/09\/09\/son-et-lumiere-place-stanislas-av-extended-aux-manettes-jusqu-en-2024\" target=\"_blank\" rel=\"noopener\">La soci\u00e9t\u00e9 AV Extended avait remport\u00e9 le march\u00e9 pour la projection estivale jusqu&rsquo;en 2024,<\/a> il semblait \u00e9vident qu&rsquo;elle r\u00e9cup\u00e8re aussi le march\u00e9 pour l&rsquo;hiver. Reste \u00e0 savoir comment va se d\u00e9rouler l&rsquo;appel d&rsquo;offres pour les ann\u00e9es \u00e0 venir.<\/p>\n<p>Cette ann\u00e9e, le mapping portera sur la l\u00e9gende de saint Nicolas \u00e0 travers une esth\u00e9tique du pixel art inspir\u00e9e des premiers jeux vid\u00e9o. Il sera diffus\u00e9 du 21 novembre au 4 janvier 2026 sur les murs de l&rsquo;h\u00f4tel de ville.<\/p>\n<ul>\n<li><strong>Les horaires<\/strong> \u00a0: 18\u00a0h du dimanche au jeudi, 18\u00a0h et 19\u00a0h les vendredis, samedis et chaque jour pendant les vacances scolaires<\/li>\n<li><strong>Les horaires exceptionnels<\/strong>\u00a0: vendredi 21 novembre \u00e0 19\u00a0h\u00a035 pour le lancement des festivit\u00e9s, mercredi 26 novembre \u00e0 19\u00a0h\u00a015 pour la course \u00e9tudiante de Saint-Nicolas, samedi 6 d\u00e9cembre lors du final du d\u00e9fil\u00e9.<\/li>\n<\/ul>\n<p>  Quand auront lieu la course des 10 km et la course des familles ?<\/p>\n<p>En 2024, plus de 8200 participants avaient pris le d\u00e9part de <a href=\"https:\/\/www.estrepublicain.fr\/sport\/2024\/11\/22\/courses-de-la-saint-nicolas-10-km-de-nancy-un-nouveau-parcours-deja-adopte\" target=\"_blank\" rel=\"noopener\">la course des 10 km<\/a>.<\/p>\n<p>Cette ann\u00e9e, les coureurs d\u00e9couvriront un nouveau parcours avec un d\u00e9part rue Sainte-Catherine et une arriv\u00e9e place Stanislas, en passant par diff\u00e9rents quartiers de Nancy. Rendez-vous le dimanche 30 novembre \u00e0 10\u00a0h.<\/p>\n<p>Le m\u00eame jour au m\u00eame endroit, mais pour un d\u00e9part \u00e0 12\u00a0h\u00a015, les familles ont rendez-vous pour la course sur 1\u00a0000\u00a0m\u00e8tres, avec une arriv\u00e9e place Stanislas.<\/p>\n<p>  Quand a eu lieu la procession religieuse \u00e0 Saint-Nicolas-de-Port ?<\/p>\n<p>La procession religieuse \u00e0 Saint-Nicolas-de-Port, aux flambeaux, est une attraction impressionnante. Elle se d\u00e9roulera le samedi 6 d\u00e9cembre, th\u00e9oriquement en m\u00eame temps que le d\u00e9fil\u00e9 dans les rues de Nancy, encore une fois.<\/p>\n<p>La basilique illumin\u00e9e de mille bougies accueillera les fid\u00e8les venus de partout pour v\u00e9n\u00e9rer le saint patron de la Lorraine.<\/p>\n","protected":false},"excerpt":{"rendered":"La ville de Nancy a d\u00e9taill\u00e9, lors d&rsquo;une conf\u00e9rence de presse, l&rsquo;\u00e9dition 2025 des f\u00eates de la Saint-Nicolas.&hellip;\n","protected":false},"author":2,"featured_media":523280,"comment_status":"","ping_status":"","sticky":false,"template":"","format":"standard","meta":{"footnotes":""},"categories":[9635],"tags":[1111,11,1687,3602,1707,1704,1705,10174,1777,674,3326,1011,27,775,1702,1703,12,3456,25,14334,273],"class_list":{"0":"post-523279","1":"post","2":"type-post","3":"status-publish","4":"format-standard","5":"has-post-thumbnail","7":"category-nancy","8":"tag-actu","9":"tag-actualites","10":"tag-culture-loisirs","11":"tag-edition-bar-le-duc","12":"tag-edition-luneville","13":"tag-edition-nancy-et-agglomeration","14":"tag-edition-toul","15":"tag-edition-verdun","16":"tag-eu","17":"tag-europe","18":"tag-fete-locale","19":"tag-fr","20":"tag-france","21":"tag-grand-est","22":"tag-nancy","23":"tag-nancy-ville-54b","24":"tag-news","25":"tag-region-lorraine","26":"tag-republique-francaise","27":"tag-saint-nicolas","28":"tag-selection-de-la-redaction"},"share_on_mastodon":{"url":"https:\/\/pubeurope.com\/@fr\/115521140434599818","error":""},"_links":{"self":[{"href":"https:\/\/www.europesays.com\/fr\/wp-json\/wp\/v2\/posts\/523279","targetHints":{"allow":["GET"]}}],"collection":[{"href":"https:\/\/www.europesays.com\/fr\/wp-json\/wp\/v2\/posts"}],"about":[{"href":"https:\/\/www.europesays.com\/fr\/wp-json\/wp\/v2\/types\/post"}],"author":[{"embeddable":true,"href":"https:\/\/www.europesays.com\/fr\/wp-json\/wp\/v2\/users\/2"}],"replies":[{"embeddable":true,"href":"https:\/\/www.europesays.com\/fr\/wp-json\/wp\/v2\/comments?post=523279"}],"version-history":[{"count":0,"href":"https:\/\/www.europesays.com\/fr\/wp-json\/wp\/v2\/posts\/523279\/revisions"}],"wp:featuredmedia":[{"embeddable":true,"href":"https:\/\/www.europesays.com\/fr\/wp-json\/wp\/v2\/media\/523280"}],"wp:attachment":[{"href":"https:\/\/www.europesays.com\/fr\/wp-json\/wp\/v2\/media?parent=523279"}],"wp:term":[{"taxonomy":"category","embeddable":true,"href":"https:\/\/www.europesays.com\/fr\/wp-json\/wp\/v2\/categories?post=523279"},{"taxonomy":"post_tag","embeddable":true,"href":"https:\/\/www.europesays.com\/fr\/wp-json\/wp\/v2\/tags?post=523279"}],"curies":[{"name":"wp","href":"https:\/\/api.w.org\/{rel}","templated":true}]}}