{"id":523285,"date":"2025-11-09T18:26:10","date_gmt":"2025-11-09T18:26:10","guid":{"rendered":"https:\/\/www.europesays.com\/fr\/523285\/"},"modified":"2025-11-09T18:26:10","modified_gmt":"2025-11-09T18:26:10","slug":"le-transfo-digitale-day-de-retour-a-montpellier","status":"publish","type":"post","link":"https:\/\/www.europesays.com\/fr\/523285\/","title":{"rendered":"Le Transfo Digitale Day de retour \u00e0 Montpellier"},"content":{"rendered":"<p>Ad\u2019occ, l\u2019agence de d\u00e9veloppement \u00e9conomique r\u00e9gionale organise, avec notamment la R\u00e9gion Occitanie et <a href=\"https:\/\/www.touleco.fr\/Digital-113-Nouvelle-physionomie-pour-Digital-is-future,46599\" class=\"spip_in\" target=\"_blank\" rel=\"noopener\">Digital 113<\/a>, Transfo Digitale Day, un \u00e9v\u00e9nement pour r\u00e9unir les professionnels autour de la transformation digitale les 20 et 21\u00a0novembre.<\/p>\n<p>Au programme, retours d\u2019exp\u00e9rience, mini-conf\u00e9rences et rencontres professionnelles le 20\u00a0novembre \u00e0 Montpellier et une s\u00e9rie de webinaires th\u00e9matiques \u00e0 suivre en ligne pour aller encore plus loin (IA, automatisation, cybers\u00e9curit\u00e9, gouvernance de la donn\u00e9e\u2026) le 21\u00a0novembre. <a href=\"https:\/\/www.digital113.fr\/event\/transfo-digitale-day-2025\/\" class=\"spip_out\" rel=\"external noopener\" target=\"_blank\">Plus d\u2019informations<\/a> et <a href=\"https:\/\/server.matchmaking-studio.com\/fr\/TransfoDigitaleDay\/apps\/registration\/user-account.html?cid=1#mms\" class=\"spip_out\" rel=\"external noopener\" target=\"_blank\">inscriptions<\/a> en ligne.<\/p>\n<p>Transfo Digitale Day 2025. Le 20\u00a0novembre, \u00e0 partir de 9h, \u00e0 la Cit\u00e9 de l\u2019\u00e9conomie et des m\u00e9tiers de demain, \u00e0 Montpellier, et le 21\u00a0novembre en ligne.<\/p>\n","protected":false},"excerpt":{"rendered":"Ad\u2019occ, l\u2019agence de d\u00e9veloppement \u00e9conomique r\u00e9gionale organise, avec notamment la R\u00e9gion Occitanie et Digital 113, Transfo Digitale Day,&hellip;\n","protected":false},"author":2,"featured_media":373637,"comment_status":"","ping_status":"","sticky":false,"template":"","format":"standard","meta":{"footnotes":""},"categories":[9599],"tags":[1111,11,17934,59008,1777,674,1011,27,2208,12,4125,2680,25],"class_list":{"0":"post-523285","1":"post","2":"type-post","3":"status-publish","4":"format-standard","5":"has-post-thumbnail","7":"category-montpellier","8":"tag-actu","9":"tag-actualites","10":"tag-agence-adocc","11":"tag-digital-113","12":"tag-eu","13":"tag-europe","14":"tag-fr","15":"tag-france","16":"tag-montpellier","17":"tag-news","18":"tag-numerique","19":"tag-occitanie","20":"tag-republique-francaise"},"share_on_mastodon":{"url":"https:\/\/pubeurope.com\/@fr\/115521151578206058","error":""},"_links":{"self":[{"href":"https:\/\/www.europesays.com\/fr\/wp-json\/wp\/v2\/posts\/523285","targetHints":{"allow":["GET"]}}],"collection":[{"href":"https:\/\/www.europesays.com\/fr\/wp-json\/wp\/v2\/posts"}],"about":[{"href":"https:\/\/www.europesays.com\/fr\/wp-json\/wp\/v2\/types\/post"}],"author":[{"embeddable":true,"href":"https:\/\/www.europesays.com\/fr\/wp-json\/wp\/v2\/users\/2"}],"replies":[{"embeddable":true,"href":"https:\/\/www.europesays.com\/fr\/wp-json\/wp\/v2\/comments?post=523285"}],"version-history":[{"count":0,"href":"https:\/\/www.europesays.com\/fr\/wp-json\/wp\/v2\/posts\/523285\/revisions"}],"wp:featuredmedia":[{"embeddable":true,"href":"https:\/\/www.europesays.com\/fr\/wp-json\/wp\/v2\/media\/373637"}],"wp:attachment":[{"href":"https:\/\/www.europesays.com\/fr\/wp-json\/wp\/v2\/media?parent=523285"}],"wp:term":[{"taxonomy":"category","embeddable":true,"href":"https:\/\/www.europesays.com\/fr\/wp-json\/wp\/v2\/categories?post=523285"},{"taxonomy":"post_tag","embeddable":true,"href":"https:\/\/www.europesays.com\/fr\/wp-json\/wp\/v2\/tags?post=523285"}],"curies":[{"name":"wp","href":"https:\/\/api.w.org\/{rel}","templated":true}]}}