{"id":523286,"date":"2025-11-09T18:27:49","date_gmt":"2025-11-09T18:27:49","guid":{"rendered":"https:\/\/www.europesays.com\/fr\/523286\/"},"modified":"2025-11-09T18:27:49","modified_gmt":"2025-11-09T18:27:49","slug":"bruno-taddia-falstaff-a-lopera-de-montpellier","status":"publish","type":"post","link":"https:\/\/www.europesays.com\/fr\/523286\/","title":{"rendered":"Bruno Taddia, Falstaff \u00e0 l\u2019Op\u00e9ra de Montpellier"},"content":{"rendered":"<p><a href=\"https:\/\/www.europesays.com\/fr\/wp-content\/uploads\/2025\/11\/bruno-taddia.jpg\"><\/p>\n<p><img loading=\"lazy\" decoding=\"async\" src=\"https:\/\/www.europesays.com\/fr\/wp-content\/uploads\/2025\/11\/bruno-taddia.jpg\" alt=\"Bruno Taddia\" width=\"854\" height=\"521\"  \/><\/p>\n<p><\/a><\/p>\n<blockquote>\n<p><strong>Cette nouvelle production de Falstaff mise en sc\u00e8ne par David Hermann a failli ne jamais voir le jour. En effet, annul\u00e9e 2 fois pour cause de Covid, la voici enfin au programme de l\u2019Op\u00e9ra de Montpellier.<\/strong><\/p>\n<\/blockquote>\n<p>Avec Falstaff, son ultime op\u00e9ra, Verdi signe une com\u00e9die \u00e9clatante, rythm\u00e9e par des dialogues incisifs et une musique p\u00e9tillante. Dans cette farce burlesque, le chevalier ventripotent et fanfaron croit pouvoir s\u00e9duire impun\u00e9ment, mais il se heurte \u00e0 l\u2019intelligence et \u00e0 la solidarit\u00e9 des femmes. David Hermann en fait une satire mordante de la masculinit\u00e9 toxique, o\u00f9 intrigues, d\u00e9guisements et quiproquos s\u2019encha\u00eenent dans une mise en sc\u00e8ne effervescente, entre burlesque et critique sociale. Port\u00e9e par la direction alerte de Michael Sch\u00f8nwandt \u2013 de retour pour notre plus grand plaisir aux commandes de l\u2019Orchestre de Montpellier \u2013 , la partition foisonnante de Verdi d\u00e9ploie son \u00e9nergie jubilatoire : ensembles virevoltants, rythmes bondissants et une fugue finale \u00e9tourdissante qui nous rappelle, avec Falstaff, que \u00ab tout dans le monde n\u2019est que farce \u00bb !<\/p>\n<blockquote>\n<p><strong>Falstaff de Giuseppe Verdi<\/strong><br \/><strong>Op\u00e9ra en 3 actes sur un livret de Arrigo Boito, cr\u00e9\u00e9 le 9 f\u00e9vrier 1893 \u00e0 la Scala de Milan.<\/strong><\/p>\n<p><strong>Michael Sch\u00f8nwandt<\/strong><br \/><strong>direction musicale<\/strong><\/p>\n<p><strong>David Hermann<\/strong><br \/><strong>mise en sc\u00e8ne<\/strong><\/p>\n<p><strong>Jean-Philippe Guilois<\/strong><br \/><strong>reprise de la mise en sc\u00e8ne<\/strong><\/p>\n<p><strong>Jo Schramm<\/strong><br \/><strong>d\u00e9cors<\/strong><\/p>\n<p><strong>Carla Caminati<\/strong><br \/><strong>costumes<\/strong><\/p>\n<p><strong>Fran\u00e7ois Thouret<\/strong><br \/><strong>lumi\u00e8res<\/strong><\/p>\n<p><strong>Bruno Taddia<\/strong><br \/><strong>Falstaff<\/strong><\/p>\n<p><strong>Andrew Manea<\/strong><br \/><strong>Ford<\/strong><\/p>\n<p><strong>Kevin Amiel<\/strong><br \/><strong>Fenton<\/strong><\/p>\n<p><strong>Ang\u00e9lique Boudeville<\/strong><br \/><strong>Mrs Alice Ford<\/strong><\/p>\n<p><strong>Kamelia Kader<\/strong><br \/><strong>Mrs Quickly<\/strong><\/p>\n<p><strong>Julia Muzychenko<\/strong><br \/><strong>Nannetta<\/strong><\/p>\n<p><strong>Marie Lenormand<\/strong><br \/><strong>Mrs Meg Page<\/strong><\/p>\n<p><strong>Yoann Le Lan<\/strong><br \/><strong>le docteur Ca\u00efus<\/strong><\/p>\n<p><strong>Lo\u00efc F\u00e9lix<\/strong><br \/><strong>Bardolfo<\/strong><\/p>\n<p><strong>David Shipley<\/strong><br \/><strong>Pistola<\/strong><\/p>\n<p><strong>No\u00eblle G\u00e9ny<\/strong><br \/><strong>cheffe de ch\u0153ur<\/strong><\/p>\n<p><strong>Ch\u0153ur Op\u00e9ra national Montpellier Occitanie<\/strong><\/p>\n<p><strong>Orchestre national Montpellier Occitanie<\/strong><\/p>\n<p>7,9,11,13 janvier 2026<br \/>Op\u00e9ra Com\u00e9die, Montpellier<\/p>\n<\/blockquote>\n<p><a data-no-instant=\"1\" href=\"https:\/\/tgp.theatregerardphilipe.com\/spectacle\/24-place-beaumarchais\/\" rel=\"noopener nofollow\" class=\"a2t-link\" target=\"_blank\" aria-label=\"TGP Beaumarchais bas de page\"><img loading=\"lazy\" decoding=\"async\" src=\"data:image\/svg+xml,%3Csvg%20xmlns=\" http:=\"\" alt=\"\" width=\"960\" height=\"300\" data-lazy-src=\"https:\/\/www.europesays.com\/fr\/wp-content\/uploads\/2025\/11\/tgp-beaumarchais-bas-de-page.gif\"\/><\/a><\/p>\n","protected":false},"excerpt":{"rendered":"Cette nouvelle production de Falstaff mise en sc\u00e8ne par David Hermann a failli ne jamais voir le jour.&hellip;\n","protected":false},"author":2,"featured_media":523287,"comment_status":"","ping_status":"","sticky":false,"template":"","format":"standard","meta":{"footnotes":""},"categories":[9599],"tags":[1111,11,1777,674,1011,27,2208,12,2680,25],"class_list":{"0":"post-523286","1":"post","2":"type-post","3":"status-publish","4":"format-standard","5":"has-post-thumbnail","7":"category-montpellier","8":"tag-actu","9":"tag-actualites","10":"tag-eu","11":"tag-europe","12":"tag-fr","13":"tag-france","14":"tag-montpellier","15":"tag-news","16":"tag-occitanie","17":"tag-republique-francaise"},"share_on_mastodon":{"url":"https:\/\/pubeurope.com\/@fr\/115521160704633093","error":""},"_links":{"self":[{"href":"https:\/\/www.europesays.com\/fr\/wp-json\/wp\/v2\/posts\/523286","targetHints":{"allow":["GET"]}}],"collection":[{"href":"https:\/\/www.europesays.com\/fr\/wp-json\/wp\/v2\/posts"}],"about":[{"href":"https:\/\/www.europesays.com\/fr\/wp-json\/wp\/v2\/types\/post"}],"author":[{"embeddable":true,"href":"https:\/\/www.europesays.com\/fr\/wp-json\/wp\/v2\/users\/2"}],"replies":[{"embeddable":true,"href":"https:\/\/www.europesays.com\/fr\/wp-json\/wp\/v2\/comments?post=523286"}],"version-history":[{"count":0,"href":"https:\/\/www.europesays.com\/fr\/wp-json\/wp\/v2\/posts\/523286\/revisions"}],"wp:featuredmedia":[{"embeddable":true,"href":"https:\/\/www.europesays.com\/fr\/wp-json\/wp\/v2\/media\/523287"}],"wp:attachment":[{"href":"https:\/\/www.europesays.com\/fr\/wp-json\/wp\/v2\/media?parent=523286"}],"wp:term":[{"taxonomy":"category","embeddable":true,"href":"https:\/\/www.europesays.com\/fr\/wp-json\/wp\/v2\/categories?post=523286"},{"taxonomy":"post_tag","embeddable":true,"href":"https:\/\/www.europesays.com\/fr\/wp-json\/wp\/v2\/tags?post=523286"}],"curies":[{"name":"wp","href":"https:\/\/api.w.org\/{rel}","templated":true}]}}