{"id":523289,"date":"2025-11-09T18:34:28","date_gmt":"2025-11-09T18:34:28","guid":{"rendered":"https:\/\/www.europesays.com\/fr\/523289\/"},"modified":"2025-11-09T18:34:28","modified_gmt":"2025-11-09T18:34:28","slug":"il-viole-sa-nouvelle-compagne-a-plusieurs-reprises-et-termine-en-prison-2","status":"publish","type":"post","link":"https:\/\/www.europesays.com\/fr\/523289\/","title":{"rendered":"il viole sa nouvelle compagne \u00e0 plusieurs reprises et termine en prison"},"content":{"rendered":"<p itemprop=\"description\"><strong>Leur histoire d&rsquo;amour a \u00e9t\u00e9 g\u00e2ch\u00e9e par le comportement et les actes de l&rsquo;homme, un habitant de Bourgoin-Jallieu.<\/strong><\/p>\n<p>En l&rsquo;espace de quelques semaines \u00e0 l&rsquo;automne 2022, il avait impos\u00e9 des fellations et des p\u00e9n\u00e9trations digitales \u00e0 sa nouvelle compagne, une habitante du Rh\u00f4ne.<\/p>\n<p>Il y a quelques jours, la cour criminelle de l&rsquo;Is\u00e8re a jug\u00e9 ce quadrag\u00e9naire qui a fini par reconna\u00eetre les faits apr\u00e8s les avoir ni\u00e9s durant l&rsquo;enqu\u00eate, expliquant se droguer et s&rsquo;alcooliser depuis le d\u00e9c\u00e8s de son p\u00e8re.<\/p>\n<p>L&rsquo;accus\u00e9 a \u00e9cop\u00e9 de 6 ans de prison. Mais ce proc\u00e8s a permis de lib\u00e9rer la parole d&rsquo;anciennes compagnes, dont une l&rsquo;accuse \u00e9galement de viol en 2021. Une autre proc\u00e9dure est donc en cours et pourrait le conduire rapidement \u00e0 nouveau devant les juges grenoblois.<\/p>\n","protected":false},"excerpt":{"rendered":"Leur histoire d&rsquo;amour a \u00e9t\u00e9 g\u00e2ch\u00e9e par le comportement et les actes de l&rsquo;homme, un habitant de Bourgoin-Jallieu.&hellip;\n","protected":false},"author":2,"featured_media":522721,"comment_status":"","ping_status":"","sticky":false,"template":"","format":"standard","meta":{"footnotes":""},"categories":[9566],"tags":[1111,11,2813,2430,1109,251,1112,2811,1777,674,118,1011,27,21780,2731,14004,1922,1110,1114,108,12,316,25,2812,517,800],"class_list":{"0":"post-523289","1":"post","2":"type-post","3":"status-publish","4":"format-standard","5":"has-post-thumbnail","7":"category-grenoble","8":"tag-actu","9":"tag-actualites","10":"tag-article","11":"tag-auvergne-rhone-alpes","12":"tag-breves","13":"tag-culture","14":"tag-depeches","15":"tag-economique","16":"tag-eu","17":"tag-europe","18":"tag-faits-divers","19":"tag-fr","20":"tag-france","21":"tag-gf38","22":"tag-grenoble","23":"tag-grenoblemag","24":"tag-info","25":"tag-informations","26":"tag-infos","27":"tag-isere","28":"tag-news","29":"tag-politique","30":"tag-republique-francaise","31":"tag-sociale","32":"tag-sport","33":"tag-transports"},"share_on_mastodon":{"url":"https:\/\/pubeurope.com\/@fr\/115521183005049911","error":""},"_links":{"self":[{"href":"https:\/\/www.europesays.com\/fr\/wp-json\/wp\/v2\/posts\/523289","targetHints":{"allow":["GET"]}}],"collection":[{"href":"https:\/\/www.europesays.com\/fr\/wp-json\/wp\/v2\/posts"}],"about":[{"href":"https:\/\/www.europesays.com\/fr\/wp-json\/wp\/v2\/types\/post"}],"author":[{"embeddable":true,"href":"https:\/\/www.europesays.com\/fr\/wp-json\/wp\/v2\/users\/2"}],"replies":[{"embeddable":true,"href":"https:\/\/www.europesays.com\/fr\/wp-json\/wp\/v2\/comments?post=523289"}],"version-history":[{"count":0,"href":"https:\/\/www.europesays.com\/fr\/wp-json\/wp\/v2\/posts\/523289\/revisions"}],"wp:featuredmedia":[{"embeddable":true,"href":"https:\/\/www.europesays.com\/fr\/wp-json\/wp\/v2\/media\/522721"}],"wp:attachment":[{"href":"https:\/\/www.europesays.com\/fr\/wp-json\/wp\/v2\/media?parent=523289"}],"wp:term":[{"taxonomy":"category","embeddable":true,"href":"https:\/\/www.europesays.com\/fr\/wp-json\/wp\/v2\/categories?post=523289"},{"taxonomy":"post_tag","embeddable":true,"href":"https:\/\/www.europesays.com\/fr\/wp-json\/wp\/v2\/tags?post=523289"}],"curies":[{"name":"wp","href":"https:\/\/api.w.org\/{rel}","templated":true}]}}