{"id":523290,"date":"2025-11-09T18:37:23","date_gmt":"2025-11-09T18:37:23","guid":{"rendered":"https:\/\/www.europesays.com\/fr\/523290\/"},"modified":"2025-11-09T18:37:23","modified_gmt":"2025-11-09T18:37:23","slug":"rixe-entre-supporters-a-rennes-les-six-personnes-en-garde-a-vue-remises-en-liberte","status":"publish","type":"post","link":"https:\/\/www.europesays.com\/fr\/523290\/","title":{"rendered":"Rixe entre supporters \u00e0 Rennes\u00a0: les six personnes en garde \u00e0 vue remises en libert\u00e9"},"content":{"rendered":"<p>Les six individus, d\u2019une moyenne d\u2019\u00e2ge de 25 ans, avaient \u00e9t\u00e9 interpell\u00e9s apr\u00e8s une attaque manifestement organis\u00e9e \u00e0 l\u2019arriv\u00e9e des supporters rennais. Une cinquantaine d\u2019ultras du FC Nantes les attendaient, vers 4 h, \u00e0 la descente de leur car pr\u00e8s du Roazhon Park pour en d\u00e9coudre. Une rixe g\u00e9n\u00e9ralis\u00e9e, avait alors \u00e9clat\u00e9 n\u00e9cessitant l\u2019intervention des forces de l\u2019ordre qui avaient fait usage de gaz lacrymog\u00e8ne pour ramener le calme apr\u00e8s une bagarre d\u2019une quinzaine de minutes. Les six hommes interpell\u00e9s ont finalement \u00e9t\u00e9 laiss\u00e9s libre \u00e0 l\u2019issue de leur garde \u00e0 vue. L\u2019enqu\u00eate de police ouverte sur ces faits se poursuit.<\/p>\n","protected":false},"excerpt":{"rendered":"Les six individus, d\u2019une moyenne d\u2019\u00e2ge de 25 ans, avaient \u00e9t\u00e9 interpell\u00e9s apr\u00e8s une attaque manifestement organis\u00e9e \u00e0&hellip;\n","protected":false},"author":2,"featured_media":523291,"comment_status":"","ping_status":"","sticky":false,"template":"","format":"standard","meta":{"footnotes":""},"categories":[2821],"tags":[1111,11,829,765,1777,674,118,1011,27,848,12,584,25],"class_list":{"0":"post-523290","1":"post","2":"type-post","3":"status-publish","4":"format-standard","5":"has-post-thumbnail","7":"category-rennes","8":"tag-actu","9":"tag-actualites","10":"tag-bretagne","11":"tag-en-continu","12":"tag-eu","13":"tag-europe","14":"tag-faits-divers","15":"tag-fr","16":"tag-france","17":"tag-ille-et-vilaine","18":"tag-news","19":"tag-rennes","20":"tag-republique-francaise"},"share_on_mastodon":{"url":"https:\/\/pubeurope.com\/@fr\/115521194754749108","error":""},"_links":{"self":[{"href":"https:\/\/www.europesays.com\/fr\/wp-json\/wp\/v2\/posts\/523290","targetHints":{"allow":["GET"]}}],"collection":[{"href":"https:\/\/www.europesays.com\/fr\/wp-json\/wp\/v2\/posts"}],"about":[{"href":"https:\/\/www.europesays.com\/fr\/wp-json\/wp\/v2\/types\/post"}],"author":[{"embeddable":true,"href":"https:\/\/www.europesays.com\/fr\/wp-json\/wp\/v2\/users\/2"}],"replies":[{"embeddable":true,"href":"https:\/\/www.europesays.com\/fr\/wp-json\/wp\/v2\/comments?post=523290"}],"version-history":[{"count":0,"href":"https:\/\/www.europesays.com\/fr\/wp-json\/wp\/v2\/posts\/523290\/revisions"}],"wp:featuredmedia":[{"embeddable":true,"href":"https:\/\/www.europesays.com\/fr\/wp-json\/wp\/v2\/media\/523291"}],"wp:attachment":[{"href":"https:\/\/www.europesays.com\/fr\/wp-json\/wp\/v2\/media?parent=523290"}],"wp:term":[{"taxonomy":"category","embeddable":true,"href":"https:\/\/www.europesays.com\/fr\/wp-json\/wp\/v2\/categories?post=523290"},{"taxonomy":"post_tag","embeddable":true,"href":"https:\/\/www.europesays.com\/fr\/wp-json\/wp\/v2\/tags?post=523290"}],"curies":[{"name":"wp","href":"https:\/\/api.w.org\/{rel}","templated":true}]}}