{"id":523292,"date":"2025-11-09T18:39:39","date_gmt":"2025-11-09T18:39:39","guid":{"rendered":"https:\/\/www.europesays.com\/fr\/523292\/"},"modified":"2025-11-09T18:39:39","modified_gmt":"2025-11-09T18:39:39","slug":"7-gros-chantiers-sur-8-devraient-etre-termines-avant-le-marche-de-noel","status":"publish","type":"post","link":"https:\/\/www.europesays.com\/fr\/523292\/","title":{"rendered":"7 gros chantiers sur 8 devraient \u00eatre termin\u00e9s avant le march\u00e9 de No\u00ebl !"},"content":{"rendered":"<p class=\"p1\"><b>Alors que le march\u00e9 de No\u00ebl approche, Strasbourg est toujours engag\u00e9e dans de nombreux chantiers. Le 5 novembre dernier, Jeanne Barseghian a n\u00e9anmoins affirm\u00e9 que 7 projets seraient termin\u00e9s avant l\u2019inauguration. En revanche, un chantier majeur ne sera pas achev\u00e9.<\/b><\/p>\n<p>\u00ab Je vous confirme que les travaux de la Grande \u00cele seront achev\u00e9s pour le march\u00e9 de No\u00ebl. \u00bb <b>C\u2019est par ces mots que Jeanne Barseghian a d\u00e9but\u00e9 sa pr\u00e9sentation du programme de Strasbourg Capitale de No\u00ebl version 2025<\/b>. Comme si la maire voulait prendre de vitesse d\u2019\u00e9ventuelles questions sur le sujet, inflammable en vue des prochaines municipales.<\/p>\n<p>                <a href=\"https:\/\/pokaa.fr\/2025\/11\/05\/plus-authentique-et-feerique-voici-le-programme-2025-du-marche-de-noel-de-strasbourg\/\" target=\"_blank\" rel=\"noopener\"><br \/>\n                    <img width=\"450\" height=\"270\" src=\"https:\/\/www.europesays.com\/fr\/wp-content\/uploads\/2025\/11\/france-strasbourg-alsace-marche-de-noel-wr-50-450x270.jpg\" class=\"attachment-card-horizontal--same-subject size-card-horizontal--same-subject wp-post-image\" alt=\"\" decoding=\"async\" loading=\"lazy\"\/>                <\/a><\/p>\n<p class=\"p1\">Il faut dire que cette ann\u00e9e, la municipalit\u00e9 n\u2019a pas ch\u00f4m\u00e9 en termes de projets. Pistes cyclables, nouvelles places, nouveau secteur des Halles : <b>tout a \u00e9t\u00e9 lanc\u00e9 plus ou moins en m\u00eame temps, transformant Strasbourg en un chantier g\u00e9ant<\/b>. Il n\u2019y a sans doute plus un(e) Strasbourgeois(e) qui n\u2019ait pas entendu parler des r\u00e9seaux de chaleur.<\/p>\n<p class=\"p1\">Tous ces projets avaient d\u2019ailleurs un point commun : ils devaient tous se terminer \u00e0 la m\u00eame \u00e9ch\u00e9ance, soit avant le march\u00e9 de No\u00ebl. <b>Et alors que celui-ci approche, 7 chantiers seront effectivement termin\u00e9s, tandis qu\u2019un autre se poursuivra encore un peu<\/b>. Pas de chance : c\u2019est celui qui risque d\u2019impacter le plus fortement la circulation automobile.<\/p>\n<p>                <img width=\"667\" height=\"500\" src=\"https:\/\/www.europesays.com\/fr\/wp-content\/uploads\/2025\/11\/img-2489-grande-667x500.jpeg\" class=\"attachment-gallery size-gallery\" alt=\"secteur halles\" data-full-url=\"https:\/\/pokaa.fr\/wp-content\/uploads\/2025\/11\/07\/img-2489-grande.jpeg\" decoding=\"async\" loading=\"lazy\"  \/>            <\/p>\n<p>                <img width=\"667\" height=\"500\" src=\"https:\/\/www.europesays.com\/fr\/wp-content\/uploads\/2025\/11\/img-2494-grande-667x500.jpeg\" class=\"attachment-gallery size-gallery\" alt=\"square halles\" data-full-url=\"https:\/\/pokaa.fr\/wp-content\/uploads\/2025\/11\/07\/img-2494-grande.jpeg\" decoding=\"async\" loading=\"lazy\"  \/>            <\/p>\n<p>                <img width=\"667\" height=\"500\" src=\"https:\/\/www.europesays.com\/fr\/wp-content\/uploads\/2025\/11\/img-2496-grande-667x500.jpeg\" class=\"attachment-gallery size-gallery\" alt=\"rue faubourg de pierre\" data-full-url=\"https:\/\/pokaa.fr\/wp-content\/uploads\/2025\/11\/07\/img-2496-grande.jpeg\" decoding=\"async\" loading=\"lazy\"  \/>            <\/p>\n<p>                <img width=\"667\" height=\"500\" src=\"https:\/\/www.europesays.com\/fr\/wp-content\/uploads\/2025\/11\/img-2498-grande-667x500.jpeg\" class=\"attachment-gallery size-gallery\" alt=\"Ring v\u00e9lo tribunal\" data-full-url=\"https:\/\/pokaa.fr\/wp-content\/uploads\/2025\/11\/07\/img-2498-grande.jpeg\" decoding=\"async\" loading=\"lazy\"  \/>            <\/p>\n<p>                    \u00a9 Nicolas Kaspar \/ Pokaa<\/p>\n<p>14 novembre : la nouvelle place du Temple-Neuf, trois ans apr\u00e8s<\/p>\n<p class=\"p1\">Apr\u00e8s plus de trois ans d\u2019usages \u00e9ph\u00e9m\u00e8res, et plusieurs pol\u00e9miques concernant notamment le stationnement, la place du Temple-Neuf voit enfin le bout de ses travaux. <b>Ceux-ci se terminent en effet le 14 novembre, pour laisser le temps aux diff\u00e9rents chalets de s\u2019installer<\/b>, l\u2019endroit \u00e9tant un incontournable du march\u00e9 de No\u00ebl.<\/p>\n<p class=\"p1\">Dans cette place 2.0, le sens de circulation actuel des voitures sera maintenu devant le temple, permettant aux pi\u00e9ton(ne)s et cyclistes de circuler librement sur l\u2019arc de cercle de la place.\u00a0<b>La place est am\u00e9nag\u00e9e avec du gr\u00e8s et des pierres de granit naturelles, comme celles utilis\u00e9es dans la nouvelle rue du Jeu-des-Enfants<\/b>. Un am\u00e9nagement qui en appellera probablement d\u2019autres, sur les places du March\u00e9-Neuf, des \u00c9tudiants et de Saint-Pierre-le-Jeune.<\/p>\n<p>    <img width=\"800\" height=\"600\" src=\"https:\/\/www.europesays.com\/fr\/wp-content\/uploads\/2025\/11\/img-2468-grande-800x600.jpeg\" class=\"attachment-image-size-L size-image-size-L\" alt=\"place temple neuf\" decoding=\"async\" loading=\"lazy\"  \/>         \u00a9 Nicolas Kaspar \/ Pokaa <\/p>\n<p>15 novembre : \u00ab\u00a0La Colmarienne\u00a0\u00bb, 4 km pour relier le centre de Strasbourg au Baggersee<\/p>\n<p class=\"p1\">Les travaux de \u00ab La Colmarienne \u00bb ont pris un peu plus de temps que pr\u00e9vu \u00e0 cause de probl\u00e8mes de canalisations d\u2019eau, ce qui a enflamm\u00e9 les d\u00e9bats de la campagne municipale [Catherine Trautmann l\u2019a surnomm\u00e9e \u00ab La Cauchemarienne \u00bb\u2026 <a href=\"https:\/\/pokaa.fr\/2024\/02\/06\/budget-2024-gros-sous-et-1-million-de-de-pistes-cyclables-ce-que-strasbourg-a-decide-hier\/\" target=\"_blank\" rel=\"noopener\">alors qu\u2019elle a vot\u00e9 pour (avec r\u00e9serve) en f\u00e9vrier 2024, ndlr<\/a>]. <b>Mais le 15 novembre, la grande piste cyclable de 4 km reliant le centre de Strasbourg au Baggersee va enfin entrer en service<\/b>.<\/p>\n<p class=\"p1\">Concr\u00e8tement, <b>cela signifie une r\u00e9ouverture des voies de circulation automobile sur l\u2019avenue de Colmar, et ce dans les deux sens<\/b>. Vers le centre de Strasbourg, les voitures ne retrouveront alors qu\u2019une seule voie pour circuler. La fin d\u2019un long chantier, qui cimente la place du v\u00e9lo vers le sud de Strasbourg. Et ce, m\u00eame s\u2019il reste encore un bon nombre de points noirs.<\/p>\n<p>                <img width=\"667\" height=\"500\" src=\"https:\/\/www.europesays.com\/fr\/wp-content\/uploads\/2025\/08\/img-0764-grande-667x500.jpeg\" class=\"attachment-gallery size-gallery\" alt=\"la colmarienne\" data-full-url=\"https:\/\/pokaa.fr\/wp-content\/uploads\/2025\/08\/11\/img-0764-grande.jpeg\" decoding=\"async\" loading=\"lazy\"  \/>            <\/p>\n<p>                <img width=\"667\" height=\"500\" src=\"https:\/\/www.europesays.com\/fr\/wp-content\/uploads\/2025\/08\/img-0765-grande-667x500.jpeg\" class=\"attachment-gallery size-gallery\" alt=\"la colmarienne\" data-full-url=\"https:\/\/pokaa.fr\/wp-content\/uploads\/2025\/08\/11\/img-0765-grande.jpeg\" decoding=\"async\" loading=\"lazy\"  \/>            <\/p>\n<p>                    \u00a9 Nicolas Kaspar \/ Pokaa<\/p>\n<p>15 novembre : mise en service du tram Ouest et de \u00ab\u00a0La Romaine\u00a0\u00bb <\/p>\n<p class=\"p1\">Si le tram Nord est pass\u00e9 \u00e0 la trappe durant ce mandat, le tram Ouest a lui r\u00e9ussi \u00e0 atteindre son terminus. Apr\u00e8s de nombreux mois de travaux, le chantier est pr\u00eat \u00e0 s\u2019ouvrir aux Strasbourgeois(es), mais aussi aux habitant(e)s de Wolfisheim et d\u2019Eckbolsheim le 15 novembre, <strong>avec ses 4 km de voies suppl\u00e9mentaires, ses 8 nouvelles stations et son parking-relais de 100 places en face du McDo de Wolfisheim<\/strong>.<\/p>\n<p class=\"p1\">Dans le m\u00eame temps, <b>une piste cyclable de 5 km sera \u00e9galement inaugur\u00e9e, bien qu\u2019elle soit d\u00e9j\u00e0 praticable en majorit\u00e9 aujourd\u2019hui : \u00ab La Romaine \u00bb<\/b>. Traversant la route des Romains jusqu\u2019\u00e0 celle de Wasselonne, elle accompagne le tram et relie l\u2019ouest de Strasbourg aux communes adjacentes.<\/p>\n<p>                <img width=\"750\" height=\"500\" src=\"https:\/\/www.europesays.com\/fr\/wp-content\/uploads\/2025\/11\/dsc02242-750x500.jpg\" class=\"attachment-gallery size-gallery\" alt=\"tram poteries tram ouest\" data-full-url=\"https:\/\/pokaa.fr\/wp-content\/uploads\/2025\/09\/15\/dsc02242.jpg\" decoding=\"async\" loading=\"lazy\"  \/>            <\/p>\n<p>                <img width=\"750\" height=\"500\" src=\"https:\/\/www.europesays.com\/fr\/wp-content\/uploads\/2025\/11\/dsc02256-750x500.jpg\" class=\"attachment-gallery size-gallery\" alt=\"tram poteries tram ouest\" data-full-url=\"https:\/\/pokaa.fr\/wp-content\/uploads\/2025\/09\/15\/dsc02256.jpg\" decoding=\"async\" loading=\"lazy\"  \/>            <\/p>\n<p>                    \u00a9 Anthony Jilli \/ Pokaa<\/p>\n<p>Mi-novembre : une liaison cyclable de la rue de l\u2019\u00c9glise-Rouge au centre-ville <\/p>\n<p class=\"p1\">Toujours c\u00f4t\u00e9 v\u00e9lo, les travaux de s\u00e9curisation de la travers\u00e9e cyclable entre la rue de l\u2019\u00c9glise-Rouge et le Carrefour Cl\u00e9menceau d\u00e9but\u00e9s le 6 octobre touchent \u00e0 leur fin. Autour du carrefour de l\u2019avenue des Vosges avec le boulevard Cl\u00e9menceau, ainsi que sur le carrefour rue Jacques-Kabl\u00e9 avec la rue de l\u2019\u00c9glise-Rouge, <b>ils consistent en une am\u00e9lioration de la s\u00e9curit\u00e9 et de la visibilit\u00e9 des travers\u00e9es cyclables et pi\u00e9tonnes<\/b>.<\/p>\n<p class=\"p1\">Une continuit\u00e9 cyclable est \u00e9galement am\u00e9nag\u00e9e rue de Niederbronn, afin de relier la piste cyclable rue de l\u2019\u00c9glise-Rouge au centre-ville de Strasbourg. <b>Ces travaux pour la rue de Niederbronn dureront jusqu\u2019\u00e0 mi-novembre, sans date pr\u00e9cise<\/b>, tandis que les carrefours seront encore en chantier jusqu\u2019\u00e0 la mi-d\u00e9cembre, sans n\u00e9anmoins perturber la circulation.<\/p>\n<p>    <img width=\"800\" height=\"600\" src=\"https:\/\/www.europesays.com\/fr\/wp-content\/uploads\/2025\/11\/img-2517-grande-800x600.jpeg\" class=\"attachment-image-size-L size-image-size-L\" alt=\"travaux v\u00e9lo vosges \u00e9glise rouge\" decoding=\"async\" loading=\"lazy\"  \/>         \u00a9 Anthony Jilli \/ Pokaa <\/p>\n<p>21 novembre : le Ring v\u00e9lo-pi\u00e9ton, le p\u00e9riph\u00e9rique pour v\u00e9los <\/p>\n<p class=\"p1\">Autre projet cyclable d\u2019ampleur, <b>le Ring v\u00e9lo-pi\u00e9ton touchera lui aussi \u00e0 sa fin le 21 novembre, seulement quelques jours avant le d\u00e9but du march\u00e9 de No\u00ebl<\/b>. Sur les quais de la Grande \u00cele, des travaux d\u2019enrob\u00e9 ont \u00e9t\u00e9 r\u00e9alis\u00e9s du 30 octobre au 7 novembre, r\u00e9sultant en quelques changements au niveau de la circulation. Dans le d\u00e9tail :<\/p>\n<ul class=\"ul1\">\n<li class=\"li1\">Quais Desaix et de Paris : <b>voies interdites \u00e0 la circulation automobile, sauf pour les personnes autoris\u00e9es<\/b> (riverains, livraisons, v\u00e9hicules EMS).<\/li>\n<li class=\"li1\">Quai Kellermann : <b>circulation \u00e0 sens unique de la rue de la Nu\u00e9e-Bleue vers la rue Marbach.<\/b><\/li>\n<li class=\"li1\">Rue Saint-Pierre-le-Jeune : <b>inversion du sens unique de circulation<\/b>, dont l\u2019entr\u00e9e se fera dor\u00e9navant par le quai Kellermann et d\u00e9bouchera sur la place Saint-Pierre-le-Jeune.<\/li>\n<\/ul>\n<p>                <img width=\"667\" height=\"500\" src=\"https:\/\/www.europesays.com\/fr\/wp-content\/uploads\/2025\/11\/img-2485-grande-667x500.jpeg\" class=\"attachment-gallery size-gallery\" alt=\"ring v\u00e9lo quais\" data-full-url=\"https:\/\/pokaa.fr\/wp-content\/uploads\/2025\/11\/07\/img-2485-grande.jpeg\" decoding=\"async\" loading=\"lazy\"  \/>            <\/p>\n<p>                <img width=\"667\" height=\"500\" src=\"https:\/\/www.europesays.com\/fr\/wp-content\/uploads\/2025\/11\/img-2486-grande-667x500.jpeg\" class=\"attachment-gallery size-gallery\" alt=\"ring v\u00e9lo quais\" data-full-url=\"https:\/\/pokaa.fr\/wp-content\/uploads\/2025\/11\/07\/img-2486-grande.jpeg\" decoding=\"async\" loading=\"lazy\"  \/>            <\/p>\n<p>                    \u00a9 Nicolas Kaspar \/ Pokaa<\/p>\n<p class=\"p1\">C\u00f4t\u00e9<b> <\/b>place d\u2019Austerlitz, les travaux continuent jusqu\u2019au 21 novembre. <b>Il y aura une piste cyclable bidirectionnelle de 3 m\u00e8tres de large<\/b>. La piste sera s\u00e9par\u00e9e des voitures et bus par des bordures, tandis que 6 places de stationnement ont \u00e9t\u00e9 supprim\u00e9es. Elle se poursuivra ensuite rue de la Brigade-d\u2019Alsace-Lorraine et rue Sengenwald. Il restera des travaux de raccord au niveau de la rue de Berne et des Orphelins, qui se poursuivront jusqu\u2019\u00e0 d\u00e9but d\u00e9cembre.<\/p>\n<p>    <img width=\"800\" height=\"600\" src=\"https:\/\/www.europesays.com\/fr\/wp-content\/uploads\/2025\/11\/img-0974-grande-800x600.jpeg\" class=\"attachment-image-size-L size-image-size-L\" alt=\"travaux ring velo austerlitz\" decoding=\"async\" loading=\"lazy\"  \/>         \u00a9 Nicolas Kaspar \/ Pokaa <\/p>\n<p>21 novembre : fin de la majorit\u00e9 des travaux du secteur des Halles<\/p>\n<p class=\"p1\">C\u2019est LE gros morceau des chantiers entam\u00e9s par la municipalit\u00e9 cette derni\u00e8re ann\u00e9e. D\u00e9sormais \u00ab hub multimodal \u00bb, le secteur des Halles a \u00e9t\u00e9 compl\u00e8tement transform\u00e9 avec la fin de la gare routi\u00e8re, devenue gare passante. Alors que la circulation du secteur \u00e9tait devenue tr\u00e8s compliqu\u00e9e, <b>la fin des travaux impactant la circulation est fix\u00e9e au 21 novembre sur l\u2019ensemble des voies autour des Halles<\/b>.<\/p>\n<p class=\"p1\">La m\u00eame date est \u00e9galement donn\u00e9e pour le square des Halles, hors plantations et pose du mobilier urbain. <b>Quant \u00e0 la tr\u00e9mie d\u2019acc\u00e8s au tunnel P3, si les travaux seront finis \u00e0 la mi-novembre, son ouverture se fera apr\u00e8s le d\u00e9but du march\u00e9 de No\u00ebl<\/b>. Elle est en effet pr\u00e9vue le 28 novembre, apr\u00e8s une phase test et sous r\u00e9serve de l\u2019accord de la commission de s\u00e9curit\u00e9 du 18 novembre. Un demi-retard.<\/p>\n<p>                <img width=\"667\" height=\"500\" src=\"https:\/\/www.europesays.com\/fr\/wp-content\/uploads\/2025\/11\/img-2488-grande-667x500.jpeg\" class=\"attachment-gallery size-gallery\" alt=\"secteur halles terrasses\" data-full-url=\"https:\/\/pokaa.fr\/wp-content\/uploads\/2025\/11\/07\/img-2488-grande.jpeg\" decoding=\"async\" loading=\"lazy\"  \/>            <\/p>\n<p>                <img width=\"667\" height=\"500\" src=\"https:\/\/www.europesays.com\/fr\/wp-content\/uploads\/2025\/11\/img-2491-grande-667x500.jpeg\" class=\"attachment-gallery size-gallery\" alt=\"secteur halles\" data-full-url=\"https:\/\/pokaa.fr\/wp-content\/uploads\/2025\/11\/07\/img-2491-grande.jpeg\" decoding=\"async\" loading=\"lazy\"  \/>            <\/p>\n<p>                <img width=\"667\" height=\"500\" src=\"https:\/\/www.europesays.com\/fr\/wp-content\/uploads\/2025\/11\/img-2492-grande-667x500.jpeg\" class=\"attachment-gallery size-gallery\" alt=\"tr\u00e9mie tunnel halles\" data-full-url=\"https:\/\/pokaa.fr\/wp-content\/uploads\/2025\/11\/07\/img-2492-grande.jpeg\" decoding=\"async\" loading=\"lazy\"  \/>            <\/p>\n<p>                    \u00a9 Nicolas Kaspar \/ Pokaa<\/p>\n<p>21 novembre : sur la rue du Faubourg-de-Pierre, la fin des travaux de raccordement du r\u00e9seau de chaleur<\/p>\n<p class=\"p1\">Toujours le 21 novembre, date d\u00e9cid\u00e9ment f\u00e9tiche pour la municipalit\u00e9, les travaux sur la rue du Faubourg-de-Pierre toucheront \u00e0 leur fin. <b>Le but du projet \u00e9tait d\u2019alimenter la Place des Halles et les copropri\u00e9t\u00e9s raccord\u00e9es sur le chemin<\/b>, mais \u00e9galement d\u2019allonger jusqu\u2019au croisement rue Graumann pour anticiper les raccordements futurs.<\/p>\n<p class=\"p1\">L\u2019occasion de rappeler qu\u2019apr\u00e8s l\u2019\u00e9chec de la g\u00e9othermie, la municipalit\u00e9 \u00e9cologiste a mis le paquet sur les r\u00e9seaux de chaleur. Principe a priori n\u00e9buleux, mais avec des cons\u00e9quences concr\u00e8tes, <b>puisque leur d\u00e9ploiement permettra th\u00e9oriquement de faire des \u00e9conomies sur les factures d\u2019\u00e9nergie, tout en permettant \u00e0 Strasbourg d\u2019\u00eatre davantage autonome au niveau de ses ressources \u00e9nerg\u00e9tiques<\/b>.<\/p>\n<p>    <img width=\"800\" height=\"600\" src=\"https:\/\/www.europesays.com\/fr\/wp-content\/uploads\/2025\/11\/img-2497-grande-800x600.jpeg\" class=\"attachment-image-size-L size-image-size-L\" alt=\"rue faubourg de pierre\" decoding=\"async\" loading=\"lazy\"  \/>         \u00a9 Nicolas Kaspar \/ Pokaa <\/p>\n<p>Point noir : la bretelle des Halles, le gros chantiers qui ne sera pas fini avant le d\u00e9but du march\u00e9 de No\u00ebl<\/p>\n<p class=\"p1\">Dans toutes ces r\u00e9alisations, une manque \u00e0 l\u2019appel, et elle est pourtant de taille. Chantier impressionnant lanc\u00e9 depuis le 7 juillet, <b>la nouvelle bretelle de sortie des Halles ne sera pas accessible pendant toute la dur\u00e9e du march\u00e9 de No\u00ebl<\/b>. Cela m\u00eame alors que son rendu avait \u00e9t\u00e9 annonc\u00e9 au 21 novembre [sans doute que la date avait d\u00e9j\u00e0 \u00e9t\u00e9 trop book\u00e9e, ndlr].<\/p>\n<p class=\"p1\">Un retard qui risque de cr\u00e9er des probl\u00e8mes de circulation dans le secteur, toujours bouch\u00e9 en p\u00e9riode de march\u00e9 de No\u00ebl. <b>L\u2019acc\u00e8s au secteur des Halles et au P3 se fera alors via la sortie Cronenbourg\/rue du Bataillon-de-Marche-24<\/b>. De son c\u00f4t\u00e9, la Ville incite les visiteurs\/ses et les touristes \u00e0 s\u2019orienter vers le parking-relais Rives de l\u2019Aar. <strong>Pas s\u00fbr que cela \u00e9vite les bouchons.<\/strong><\/p>\n<p>    <img width=\"800\" height=\"600\" src=\"https:\/\/www.europesays.com\/fr\/wp-content\/uploads\/2025\/11\/img-1096-grande-800x600.jpeg\" class=\"attachment-image-size-L size-image-size-L\" alt=\"chantier halles bretelle\" decoding=\"async\" loading=\"lazy\"  \/>         \u00a9 Nicolas Kaspar \/ Pokaa <\/p>\n","protected":false},"excerpt":{"rendered":"Alors que le march\u00e9 de No\u00ebl approche, Strasbourg est toujours engag\u00e9e dans de nombreux chantiers. Le 5 novembre&hellip;\n","protected":false},"author":2,"featured_media":523293,"comment_status":"","ping_status":"","sticky":false,"template":"","format":"standard","meta":{"footnotes":""},"categories":[2820],"tags":[1111,917,57668,11,6130,1777,674,1011,27,775,36053,12,25,640],"class_list":{"0":"post-523292","1":"post","2":"type-post","3":"status-publish","4":"format-standard","5":"has-post-thumbnail","7":"category-strasbourg","8":"tag-actu","9":"tag-actu-locale","10":"tag-actu-strasbourg","11":"tag-actualites","12":"tag-chantiers","13":"tag-eu","14":"tag-europe","15":"tag-fr","16":"tag-france","17":"tag-grand-est","18":"tag-marche-de-noel","19":"tag-news","20":"tag-republique-francaise","21":"tag-strasbourg"},"share_on_mastodon":{"url":"https:\/\/pubeurope.com\/@fr\/115521204235489840","error":""},"_links":{"self":[{"href":"https:\/\/www.europesays.com\/fr\/wp-json\/wp\/v2\/posts\/523292","targetHints":{"allow":["GET"]}}],"collection":[{"href":"https:\/\/www.europesays.com\/fr\/wp-json\/wp\/v2\/posts"}],"about":[{"href":"https:\/\/www.europesays.com\/fr\/wp-json\/wp\/v2\/types\/post"}],"author":[{"embeddable":true,"href":"https:\/\/www.europesays.com\/fr\/wp-json\/wp\/v2\/users\/2"}],"replies":[{"embeddable":true,"href":"https:\/\/www.europesays.com\/fr\/wp-json\/wp\/v2\/comments?post=523292"}],"version-history":[{"count":0,"href":"https:\/\/www.europesays.com\/fr\/wp-json\/wp\/v2\/posts\/523292\/revisions"}],"wp:featuredmedia":[{"embeddable":true,"href":"https:\/\/www.europesays.com\/fr\/wp-json\/wp\/v2\/media\/523293"}],"wp:attachment":[{"href":"https:\/\/www.europesays.com\/fr\/wp-json\/wp\/v2\/media?parent=523292"}],"wp:term":[{"taxonomy":"category","embeddable":true,"href":"https:\/\/www.europesays.com\/fr\/wp-json\/wp\/v2\/categories?post=523292"},{"taxonomy":"post_tag","embeddable":true,"href":"https:\/\/www.europesays.com\/fr\/wp-json\/wp\/v2\/tags?post=523292"}],"curies":[{"name":"wp","href":"https:\/\/api.w.org\/{rel}","templated":true}]}}