{"id":523294,"date":"2025-11-09T18:41:13","date_gmt":"2025-11-09T18:41:13","guid":{"rendered":"https:\/\/www.europesays.com\/fr\/523294\/"},"modified":"2025-11-09T18:41:13","modified_gmt":"2025-11-09T18:41:13","slug":"ligue-1-emegha-en-heros-giroud-et-rosenior-dans-le-dur-les-tops-flops-de-racing-club-de-strasbourg","status":"publish","type":"post","link":"https:\/\/www.europesays.com\/fr\/523294\/","title":{"rendered":"Ligue 1. Emegha en h\u00e9ros, Giroud et Rosenior dans le dur\u00a0: les tops\/flops de Racing club de Strasbourg"},"content":{"rendered":"<p>  <strong>Les tops<\/strong><\/p>\n<p><strong>Emmanuel Emegha, quel retour\u00a0!<\/strong><\/p>\n<p><a href=\"https:\/\/www.dna.fr\/sport\/2025\/11\/04\/emmanuel-emegha-est-de-retour-a-l-entrainement-avec-le-racing-club-de-strasbourg\" target=\"_blank\" rel=\"noopener\">Bless\u00e9 fin septembre, Emmanuel Emegha<\/a> n\u2018a pas rat\u00e9 sa premi\u00e8re titularisation depuis six semaines. Le N\u00e9erlandais a tout simplement marqu\u00e9\u00a0deux buts ! Pouvait-il r\u00eaver mieux\u00a0? Pas s\u00fbr. Il s\u2019est d\u00e9bord retrouv\u00e9 \u00e0 la retomb\u00e9e d\u2019un centre de <a href=\"https:\/\/www.dna.fr\/p\/diego-moreira-footballeur-belgo-portugais\" target=\"_blank\" rel=\"noopener\">Diego Moreira<\/a> pour placer une jolie reprise (33e). Puis il a bien senti le coup en profitant d\u2019une passe en retrait rat\u00e9e\u2026 d\u2019<a href=\"https:\/\/www.dna.fr\/p\/olivier-giroud\" target=\"_blank\" rel=\"noopener\">Olivier Giroud<\/a>. Merci pour le cadeau, petit plat du pied, et 2-0 pour les Strasbourgeois (62e). Le reste de la partie, il s\u2019\u00e9tait d\u00e9j\u00e0 montr\u00e9 remuant et disponible pour son \u00e9quipe \u00e0 qui il a donn\u00e9 beaucoup de profondeur. Certainement pas encore au top physiquement, m\u00eame si \u00e7a ne s\u2019est pas vu, il a \u00e9t\u00e9 remplac\u00e9 par Nzingoula \u00e0 un quart d\u2019heure du terme.<\/p>\n<p><strong>Une Meinau compl\u00e8te, c\u2019est beau<\/strong><\/p>\n<p>Ce n\u2019\u00e9tait plus arriv\u00e9 depuis juin 2023 et le d\u00e9but des travaux dans la tribune Sud. Ce dimanche, <a href=\"https:\/\/www.dna.fr\/sport\/2025\/11\/08\/la-tribune-nord-rouverte-contre-lille-les-joueurs-du-racing-club-de-strasbourg-excites-de-jouer-devant-un-stade-plein\" target=\"_blank\" rel=\"noopener\">la tribune Nord rouvrait ses portes<\/a> et le stade a enfin affich\u00e9 complet. Ou presque puisque quelques d\u00e9tails restent \u00e0 effectuer. Mais l\u2019enceinte \u00e9tait bien compl\u00e8te avec officiellement 31.051 spectateurs, et \u00e7a s\u2019est vu. Entendu\u00a0? Oui m\u00eame si l\u2019ambiance n\u2019\u00e9tait pas incroyable non plus, surtout en d\u00e9but de match quand le Racing ronronnait. Apr\u00e8s, c\u2019\u00e9tait beaucoup mieux et elle a explos\u00e9 de plaisir pour les deux buts alsaciens et l\u2019exclusion de Verdonk (90e+3). Une Meinau sans travaux apparents, c\u2019est beau \u00e0 voir\u00a0! Le tour d&rsquo;honneur des Racingmen l&rsquo;a confirm\u00e9.<\/p>\n<p><strong>Hogsberg, une fois n\u2019est pas coutume<\/strong><\/p>\n<p>Pas souvent \u00e0 la f\u00eate depuis son arriv\u00e9e l\u2019\u00e9t\u00e9 dernier, le Danois a \u00e9t\u00e9 solide ce dimanche. Pas en d\u00e9butr de partie, o\u00f9 il a encore pu inqui\u00e9ter par moments, mais plus par la suite. Dans une d\u00e9fense \u00e0 deux centraux, et non trois comme parfois, l\u2019ancien joueur de Nordsjaelland, a bien tenu ses attaquanst. Giroud n\u2019a pas exist\u00e9, comme Igamane plus tard. Hogsberg s\u2019est encore retrouv\u00e9 \u00e0 intervenir proprement dans la surface devant Haraldsson en toute fin de match.\u00a0<\/p>\n<p>  \u00a0<strong>Les flops<\/strong><\/p>\n<p><strong>Panichelli en retrait<\/strong><\/p>\n<p>Les deux meilleurs attaquants du Racing peuvent-ils cohabiter ensemble\u00a0? Cette question, <a href=\"https:\/\/www.dna.fr\/p\/liam-rosenior\" target=\"_blank\" rel=\"noopener\">Liam Rosenior<\/a> se la posera certainement. Le technicien anglais avait d\u00e9cid\u00e9 d\u2019aligne son duo Panichelli-Emegha pour le retour du N\u00e9erlandais. Lui s\u2019est beaucoup montr\u00e9, au contraire de son acolyte argentin. Certes volontaire et bien inspir\u00e9 sur quelques d\u00e9viations, le meilleur buteur de Ligue 1 (9 buts) n\u2019a que tr\u00e8s peu \u00e9t\u00e9 trouv\u00e9. A son habitude, il n\u2019a jamais renonc\u00e9 et a \u00e9t\u00e9 remplac\u00e9 dans les arr\u00eats de jeu, signe de son utilit\u00e9 pour son \u00e9quipe. Mais son bilan reste maigrichon, surtout \u00e0 la vue de celui d\u2019Emegha.<\/p>\n<p><strong>Rosenior a trop contest\u00e9<\/strong><\/p>\n<p>Souvent agit\u00e9 sur le bord du terrain, Liam Rosenior est tomb\u00e9 ce dimanche sur un arbitre peu patient. On jouait alors la 65e minute et le Racing menait 2-0 quand le technicien anglais a contest\u00e9 une d\u00e9cision de Fran\u00e7ois Letexier. Pr\u00e9cis\u00e9ment une touche selon lui pas siffl\u00e9e dans le bon sens\u2026 L\u2019arbitre a d\u2019abord averti le technicien anglais avant de lui donner un deuxi\u00e8me carton jaune et donc un rouge quelques secondes plus tard. Liam Rosenior sera automatiquement suspendu lors de la 13e journ\u00e9e de Ligue 1 et pourrait voir sa sanction \u00eatre alourdie devant la commission de discipline.\u00a0<\/p>\n<p><strong>Giroud n\u2019aime d\u00e9cid\u00e9ment pas la Meinau<\/strong><\/p>\n<p>Les plus fid\u00e8les s\u2019en souviennent peut-\u00eatre encore. <a href=\"https:\/\/www.dna.fr\/sport\/2025\/11\/08\/tacle-exclusion-but-giroud-et-la-meinau-une-histoire-contrastee\" target=\"_blank\" rel=\"noopener\">En 2008 d\u00e9j\u00e0 \u00e0 la Meinau, Olivier Giroud avait \u00e9t\u00e9 exclu pour un vilain tacle sur Quentin Othon<\/a>. Le meilleur buteur de l\u2019histoire des Bleus jouait alors \u00e0 Tours. Plus de quinze plus tard, et sous le maillot lillois, l\u2019attaquant n\u2019a pas \u00e9t\u00e9 plus heureux dans l\u2019enceinte strasbourgeoise. A la 62e minute, il a d\u00e9lir\u00e9 une passe d\u00e9cisive \u00e0\u2026 Emmanuel Emegha\u00a0! Sur une r\u00e9cup\u00e9ration, Giroud a mis en retrait et l\u2019attaquant strasbourgeois a profit\u00e9 de l\u2019offrande pour doubler la mise (2-0). Avant cela, il n\u2019avait pas pes\u00e9 sur le jeu des Dogues. Il a et\u00e9 remplac\u00e9 \u00e0 la 77e minute par Broholm, apr\u00e8s une apr\u00e8s-midi \u00e0 oublier.<\/p>\n","protected":false},"excerpt":{"rendered":"Les tops Emmanuel Emegha, quel retour\u00a0! Bless\u00e9 fin septembre, Emmanuel Emegha n\u2018a pas rat\u00e9 sa premi\u00e8re titularisation depuis&hellip;\n","protected":false},"author":2,"featured_media":523295,"comment_status":"","ping_status":"","sticky":false,"template":"","format":"standard","meta":{"footnotes":""},"categories":[2820],"tags":[328,1111,11,2649,2880,1777,674,63,1011,27,775,12,41281,25,517,640],"class_list":{"0":"post-523294","1":"post","2":"type-post","3":"status-publish","4":"format-standard","5":"has-post-thumbnail","7":"category-strasbourg","8":"tag-a-la-une","9":"tag-actu","10":"tag-actualites","11":"tag-bas-rhin","12":"tag-edition-strasbourg","13":"tag-eu","14":"tag-europe","15":"tag-football","16":"tag-fr","17":"tag-france","18":"tag-grand-est","19":"tag-news","20":"tag-racing-club-strasbourg-masculin","21":"tag-republique-francaise","22":"tag-sport","23":"tag-strasbourg"},"share_on_mastodon":{"url":"https:\/\/pubeurope.com\/@fr\/115521210550482905","error":""},"_links":{"self":[{"href":"https:\/\/www.europesays.com\/fr\/wp-json\/wp\/v2\/posts\/523294","targetHints":{"allow":["GET"]}}],"collection":[{"href":"https:\/\/www.europesays.com\/fr\/wp-json\/wp\/v2\/posts"}],"about":[{"href":"https:\/\/www.europesays.com\/fr\/wp-json\/wp\/v2\/types\/post"}],"author":[{"embeddable":true,"href":"https:\/\/www.europesays.com\/fr\/wp-json\/wp\/v2\/users\/2"}],"replies":[{"embeddable":true,"href":"https:\/\/www.europesays.com\/fr\/wp-json\/wp\/v2\/comments?post=523294"}],"version-history":[{"count":0,"href":"https:\/\/www.europesays.com\/fr\/wp-json\/wp\/v2\/posts\/523294\/revisions"}],"wp:featuredmedia":[{"embeddable":true,"href":"https:\/\/www.europesays.com\/fr\/wp-json\/wp\/v2\/media\/523295"}],"wp:attachment":[{"href":"https:\/\/www.europesays.com\/fr\/wp-json\/wp\/v2\/media?parent=523294"}],"wp:term":[{"taxonomy":"category","embeddable":true,"href":"https:\/\/www.europesays.com\/fr\/wp-json\/wp\/v2\/categories?post=523294"},{"taxonomy":"post_tag","embeddable":true,"href":"https:\/\/www.europesays.com\/fr\/wp-json\/wp\/v2\/tags?post=523294"}],"curies":[{"name":"wp","href":"https:\/\/api.w.org\/{rel}","templated":true}]}}