{"id":523298,"date":"2025-11-09T18:43:12","date_gmt":"2025-11-09T18:43:12","guid":{"rendered":"https:\/\/www.europesays.com\/fr\/523298\/"},"modified":"2025-11-09T18:43:12","modified_gmt":"2025-11-09T18:43:12","slug":"logc-nice-renverse-par-metz-2-1","status":"publish","type":"post","link":"https:\/\/www.europesays.com\/fr\/523298\/","title":{"rendered":"L\u2019OGC Nice renvers\u00e9 par Metz (2-1)"},"content":{"rendered":"<p class=\"fs-5 \">L\u2019OGC Nice rentre dans le rang. Apr\u00e8s une belle s\u00e9rie de 3 succ\u00e8s en Ligue 1 au mois d\u2019octobre, les Aiglons viennent d\u2019encha\u00eener 3 d\u00e9faites d\u2019affil\u00e9e en ce d\u00e9but novembre\u00a0: au Parc des Princes la semaine pass\u00e9e face au PSG (1-0), jeudi contre Fribourg en Ligue Europa \u00e0 l\u2019Allianz (1-3) et cet apr\u00e8s-midi \u00e0 Metz (2-1).<\/p>\n<p class=\"fs-5 \">Les Ni\u00e7ois menaient pourtant 1-0 \u00e0 la pause, gr\u00e2ce \u00e0 un but opportuniste de Mohamed-Ali Cho.<\/p>\n<p class=\"fs-5 \">Sur un service de Vanhoutte, l\u2019attaquant enroulait une magnifique frappe du gauche \u00e0 l\u2019entr\u00e9e de la surface (35e), sur laquelle Fischer, le gardien messin, ne pouvait rien.<\/p>\n<p class=\"fs-5 \">Apr\u00e8s une entame timide, le Gym s\u2019\u00e9tait montr\u00e9 plus offensif et se voyait r\u00e9compens\u00e9 de ses efforts.<\/p>\n<p class=\"fs-5 \">Mais la deuxi\u00e8me p\u00e9riode, toujours \u00e9quilibr\u00e9e au niveau de la possession (50%\/50%) allait tourner en faveur des Lorrains. Bah accrochait Diallo dans la surface (53e), Madame Frappart d\u00e9signait le point de penalty et le capitaine messin, Hein, battait Yehvann Diouf (1-1).<\/p>\n<p class=\"fs-5 \">En fin de match (84e), c\u2019est Diallo qui \u00e0 son tour devan\u00e7ait Mendy dans la surface et trompait Diouf, scellant le succ\u00e8s des Grenats.<\/p>\n","protected":false},"excerpt":{"rendered":"L\u2019OGC Nice rentre dans le rang. Apr\u00e8s une belle s\u00e9rie de 3 succ\u00e8s en Ligue 1 au mois&hellip;\n","protected":false},"author":2,"featured_media":523299,"comment_status":"","ping_status":"","sticky":false,"template":"","format":"standard","meta":{"footnotes":""},"categories":[2819],"tags":[1111,11,1777,674,1011,27,12,2401,54521,882,25],"class_list":{"0":"post-523298","1":"post","2":"type-post","3":"status-publish","4":"format-standard","5":"has-post-thumbnail","7":"category-nice","8":"tag-actu","9":"tag-actualites","10":"tag-eu","11":"tag-europe","12":"tag-fr","13":"tag-france","14":"tag-news","15":"tag-nice","16":"tag-ogcnice","17":"tag-provence-alpes-cote-dazur","18":"tag-republique-francaise"},"share_on_mastodon":{"url":"https:\/\/pubeurope.com\/@fr\/115521218453917856","error":""},"_links":{"self":[{"href":"https:\/\/www.europesays.com\/fr\/wp-json\/wp\/v2\/posts\/523298","targetHints":{"allow":["GET"]}}],"collection":[{"href":"https:\/\/www.europesays.com\/fr\/wp-json\/wp\/v2\/posts"}],"about":[{"href":"https:\/\/www.europesays.com\/fr\/wp-json\/wp\/v2\/types\/post"}],"author":[{"embeddable":true,"href":"https:\/\/www.europesays.com\/fr\/wp-json\/wp\/v2\/users\/2"}],"replies":[{"embeddable":true,"href":"https:\/\/www.europesays.com\/fr\/wp-json\/wp\/v2\/comments?post=523298"}],"version-history":[{"count":0,"href":"https:\/\/www.europesays.com\/fr\/wp-json\/wp\/v2\/posts\/523298\/revisions"}],"wp:featuredmedia":[{"embeddable":true,"href":"https:\/\/www.europesays.com\/fr\/wp-json\/wp\/v2\/media\/523299"}],"wp:attachment":[{"href":"https:\/\/www.europesays.com\/fr\/wp-json\/wp\/v2\/media?parent=523298"}],"wp:term":[{"taxonomy":"category","embeddable":true,"href":"https:\/\/www.europesays.com\/fr\/wp-json\/wp\/v2\/categories?post=523298"},{"taxonomy":"post_tag","embeddable":true,"href":"https:\/\/www.europesays.com\/fr\/wp-json\/wp\/v2\/tags?post=523298"}],"curies":[{"name":"wp","href":"https:\/\/api.w.org\/{rel}","templated":true}]}}