{"id":523308,"date":"2025-11-09T18:48:11","date_gmt":"2025-11-09T18:48:11","guid":{"rendered":"https:\/\/www.europesays.com\/fr\/523308\/"},"modified":"2025-11-09T18:48:11","modified_gmt":"2025-11-09T18:48:11","slug":"conseil-le-toulousain-cylad-poursuit-son-developpement-en-ouvrant-un-bureau-a-vienne","status":"publish","type":"post","link":"https:\/\/www.europesays.com\/fr\/523308\/","title":{"rendered":"Conseil. Le Toulousain Cylad poursuit son d\u00e9veloppement en ouvrant un bureau \u00e0 Vienne"},"content":{"rendered":"<p>Cylad, groupe de conseil en strat\u00e9gie et management dont le si\u00e8ge est \u00e0 Toulouse, annonce l\u2019ouverture d\u2019un nouveau bureau \u00e0 Vienne, en Autriche, son dixi\u00e8me dans le monde. Daniel Mader rejoint le cabinet en tant que directeur associ\u00e9 de ce bureau autrichien et vient renforcer l\u2019expertise du groupe dans les secteurs de l\u2019\u00e9nergie, du p\u00e9trole et gaz. Dipl\u00f4m\u00e9 de l\u2019Universit\u00e9 de Vienne et de la Cass Business School \u00e0 Londres, Daniel Mader a d\u00e9but\u00e9 sa carri\u00e8re en 2007 au sein du groupe p\u00e9trolier OMV. Depuis 2018, il travaille pour des cabinets internationaux de conseil en strat\u00e9gie.<\/p>\n<p>Bas\u00e9 \u00e0 Toulouse et Paris, le groupe de conseil ind\u00e9pendant Cyald accompagne les dirigeants d\u2019entreprises industrielles, de toute taille, dans leur croissance. Cylad compte aujourd\u2019hui plus de 150 consultants et vingt directeurs associ\u00e9s r\u00e9partis sur dix bureaux\u00a0: Paris et Toulouse en France, Hambourg et Munich en Allemagne, Zurich et Gen\u00e8ve en Suisse, Adela\u00efde et Sydney en Australie, Montr\u00e9al au Canada et donc Vienne en Autriche.<\/p>\n","protected":false},"excerpt":{"rendered":"Cylad, groupe de conseil en strat\u00e9gie et management dont le si\u00e8ge est \u00e0 Toulouse, annonce l\u2019ouverture d\u2019un nouveau&hellip;\n","protected":false},"author":2,"featured_media":373637,"comment_status":"","ping_status":"","sticky":false,"template":"","format":"standard","meta":{"footnotes":""},"categories":[2816],"tags":[1111,11,7516,54183,893,1777,674,1011,27,14,8657,12,2680,25,2312],"class_list":{"0":"post-523308","1":"post","2":"type-post","3":"status-publish","4":"format-standard","5":"has-post-thumbnail","7":"category-toulouse","8":"tag-actu","9":"tag-actualites","10":"tag-conseil","11":"tag-cylad","12":"tag-energie","13":"tag-eu","14":"tag-europe","15":"tag-fr","16":"tag-france","17":"tag-international","18":"tag-management","19":"tag-news","20":"tag-occitanie","21":"tag-republique-francaise","22":"tag-toulouse"},"share_on_mastodon":{"url":"https:\/\/pubeurope.com\/@fr\/115521238094479368","error":""},"_links":{"self":[{"href":"https:\/\/www.europesays.com\/fr\/wp-json\/wp\/v2\/posts\/523308","targetHints":{"allow":["GET"]}}],"collection":[{"href":"https:\/\/www.europesays.com\/fr\/wp-json\/wp\/v2\/posts"}],"about":[{"href":"https:\/\/www.europesays.com\/fr\/wp-json\/wp\/v2\/types\/post"}],"author":[{"embeddable":true,"href":"https:\/\/www.europesays.com\/fr\/wp-json\/wp\/v2\/users\/2"}],"replies":[{"embeddable":true,"href":"https:\/\/www.europesays.com\/fr\/wp-json\/wp\/v2\/comments?post=523308"}],"version-history":[{"count":0,"href":"https:\/\/www.europesays.com\/fr\/wp-json\/wp\/v2\/posts\/523308\/revisions"}],"wp:featuredmedia":[{"embeddable":true,"href":"https:\/\/www.europesays.com\/fr\/wp-json\/wp\/v2\/media\/373637"}],"wp:attachment":[{"href":"https:\/\/www.europesays.com\/fr\/wp-json\/wp\/v2\/media?parent=523308"}],"wp:term":[{"taxonomy":"category","embeddable":true,"href":"https:\/\/www.europesays.com\/fr\/wp-json\/wp\/v2\/categories?post=523308"},{"taxonomy":"post_tag","embeddable":true,"href":"https:\/\/www.europesays.com\/fr\/wp-json\/wp\/v2\/tags?post=523308"}],"curies":[{"name":"wp","href":"https:\/\/api.w.org\/{rel}","templated":true}]}}