{"id":523311,"date":"2025-11-09T18:50:10","date_gmt":"2025-11-09T18:50:10","guid":{"rendered":"https:\/\/www.europesays.com\/fr\/523311\/"},"modified":"2025-11-09T18:50:10","modified_gmt":"2025-11-09T18:50:10","slug":"des-vols-vers-une-ville-du-sud-fin-des-golden-monoliths-candidat-rn-les-infos-de-la-semaine-a-lille","status":"publish","type":"post","link":"https:\/\/www.europesays.com\/fr\/523311\/","title":{"rendered":"Des vols vers une ville du Sud, fin des Golden Monoliths, candidat RN&#8230; Les infos de la semaine \u00e0 Lille"},"content":{"rendered":"<p>            Par<br \/>\n        <strong><br \/>\n            <a href=\"https:\/\/actu.fr\/auteur\/margot-nicodeme\" title=\"Consulter tous les articles de Margot Nicod\u00e8me\" target=\"_blank\" rel=\"noopener\">Margot Nicod\u00e8me<\/a><br \/>\n        <\/strong><\/p>\n<p>        Publi\u00e9 le<\/p>\n<p>            9 nov. 2025 \u00e0 18h35        <\/p>\n<p>Le temps passe ! La premi\u00e8re semaine de novembre 2025 touche \u00e0 sa fin, d\u00e9j\u00e0, et <b>l\u2019actualit\u00e9 fut comme d\u2019habitude tr\u00e8s riche <\/b>dans la m\u00e9tropole de <a href=\"https:\/\/actu.fr\/hauts-de-france\/lille_59350\" target=\"_blank\" rel=\"noopener\">Lille<\/a> et dans le <a href=\"https:\/\/actu.fr\/hauts-de-france\/nord_59\" target=\"_blank\" rel=\"noopener\">Nord<\/a>. Pour raccrocher les wagons, voici le traditionnel r\u00e9cap\u2019 des infos marquantes du dimanche soir. <b>Nouvelle destination depuis l\u2019a\u00e9roport de Lille<\/b>,<b> fin des Golden Monoliths<\/b>, <b>candidat RN \u00e0 la Mairie de Lille<\/b>\u2026 Voici ce qu\u2019il faut retenir de cette semaine du 3 novembre.<\/p>\n<p class=\" wall-content\"><a href=\"https:\/\/actu.fr\/hauts-de-france\/lille_59350\/la-consommation-de-drogue-a-explose-a-lille-jusquaux-abords-des-ecoles-le-maire-demande-des-renforts_63390012.html\" target=\"_blank\" rel=\"noopener\">\u00ab\u00a0La consommation de drogue a explos\u00e9 \u00e0 Lille, jusqu\u2019aux abords des \u00e9coles\u00a0\u00bb : le maire demande des renforts<\/a><\/p>\n<p class=\" wall-content\">Le maire de Lille Arnaud Deslandes a \u00e9crit au ministre de l\u2019Int\u00e9rieur Laurent Nu\u00f1ez afin de demander des renforts de police face \u00e0 l\u2019explosion des trafics de drogue. D\u00e9tails.<\/p>\n<p class=\" wall-content\"><a href=\"https:\/\/actu.fr\/hauts-de-france\/lille_59350\/nouveau-a-laeroport-de-lille-des-vols-vers-cette-ville-ensoleillee-surnommee-la-porte-de-la-mediterranee_63402445.html\" target=\"_blank\" rel=\"noopener\">Nouveau \u00e0 l\u2019a\u00e9roport de Lille : des vols vers cette ville ensoleill\u00e9e surnomm\u00e9e la porte de la M\u00e9diterran\u00e9e<\/a><\/p>\n<p class=\" wall-content\">Il y a encore du nouveau \u00e0 l\u2019a\u00e9roport de Lille ! La compagnie a\u00e9rienne Volotea propose en effet des vols vers une ville connue pour \u00eatre la porte de la M\u00e9diterran\u00e9e.<\/p>\n<p class=\" wall-content\"><a href=\"https:\/\/actu.fr\/hauts-de-france\/lille_59350\/municipales-2026-a-lille-leurodepute-matthieu-valet-candidat-pour-le-rassemblement-national_63409240.html\" target=\"_blank\" rel=\"noopener\">Municipales 2026 \u00e0 Lille : l\u2019eurod\u00e9put\u00e9 Matthieu Valet candidat pour le Rassemblement National<\/a><\/p>\n<p class=\" wall-content\">C\u2019\u00e9tait un secret de polichinelle, c\u2019est d\u00e9sormais officiel. C\u2019est l\u2019eurod\u00e9put\u00e9 Matthieu Valet qui va se pr\u00e9senter aux Municipales 2026 \u00e0 Lille pour le Rassemblement National.<\/p>\n<p class=\" wall-content\"><a href=\"https:\/\/actu.fr\/hauts-de-france\/lille_59350\/voici-le-nom-qui-a-ete-choisi-pour-ladorable-panda-roux-ne-au-zoo-de-lille_63411726.html\" target=\"_blank\" rel=\"noopener\">Voici le nom qui a \u00e9t\u00e9 choisi pour l\u2019adorable panda roux n\u00e9 au zoo de Lille<\/a><\/p>\n<p class=\" wall-content\">Un jeune m\u00e2le panda roux est n\u00e9 au zoo de Lille durant l\u2019\u00e9t\u00e9 2025. La Ville avait lanc\u00e9 un vote en ligne pour choisir son petit nom parmi trois propos\u00e9s. Voici les r\u00e9sultats.<\/p>\n<p class=\" wall-content\"><a href=\"https:\/\/actu.fr\/hauts-de-france\/villeneuve-d-ascq_59009\/lille-ils-ont-tire-sur-lhomme-qui-les-a-attaques-avec-un-couteau-les-temoignages-poignants-de-policiers_63394946.html\" target=\"_blank\" rel=\"noopener\">Lille. Ils ont tir\u00e9 sur l\u2019homme qui les a attaqu\u00e9s avec un couteau : les t\u00e9moignages poignants de policiers<\/a><\/p>\n<p class=\" wall-content\">Cinq policiers \u00e9taient sur le banc des parties civiles au tribunal de Lille le 3\u00a0novembre apr\u00e8s avoir \u00e9t\u00e9 agress\u00e9s au couteau par un couple. Ils ont livr\u00e9 de poignants t\u00e9moignages.<\/p>\n<p class=\" wall-content\"><a href=\"https:\/\/actu.fr\/hauts-de-france\/roubaix_59512\/roubaix-cette-marque-de-chaussures-mondialement-connue-qui-cartonne-ouvre-une-boutique-chez-mcarthurglen_63397829.html\" target=\"_blank\" rel=\"noopener\">Roubaix. Cette marque de chaussures mondialement connue qui cartonne ouvre une boutique chez McArthurGlen<\/a><\/p>\n<p class=\" wall-content\">Adepte de mod\u00e8les classiques ou d\u00e9jant\u00e9s\u2009: chaque f\u00e9ru de la marque trouve \u00ab\u00a0sabot\u00a0\u00bb \u00e0 son pied dans cette enseigne mondialement connue, qui arrive \u00e0 Roubaix d\u2019ici fin 2025.<\/p>\n<p class=\" wall-content\"><a href=\"https:\/\/actu.fr\/hauts-de-france\/lille_59350\/je-me-tate-le-message-fort-du-chu-de-lille-du-losc-et-de-lemahieu_63391537.html\" target=\"_blank\" rel=\"noopener\">\u00ab\u00a0Je me t\u00e2te\u00a0\u00bb : le message fort du CHU de Lille, du LOSC et de Lemahieu<\/a><\/p>\n<p class=\" wall-content\">Le CHU de Lille, le LOSC ainsi que l\u2019entreprise Lemahieu se mobilisent \u00e0 nouveau dans la lutte contre les cancers masculins avec un message important\u2009: auto-palpez-vous\u2009!<\/p>\n<p>Votre r\u00e9gion, votre actu !<\/p>\n<p>Recevez chaque jour les infos qui comptent pour vous.<\/p>\n<p>\t<a href=\"https:\/\/actu.fr\/newsletter\" class=\"ac-btn ac-btn--corner ac-btn--medium ac-btn--blue800\" target=\"_blank\" rel=\"noopener\">S&rsquo;incrire<\/a><\/p>\n<p class=\" wall-content\"><a href=\"https:\/\/actu.fr\/hauts-de-france\/marcq-en-baroeul_59378\/massages-avec-finitions-dans-un-salon-de-marcq-en-baroeul-la-gerante-reconnue-coupable_63404489.html\" target=\"_blank\" rel=\"noopener\">Massages avec \u00ab\u00a0finitions\u00a0\u00bb dans un salon de Marcq-en-Bar\u0153ul : la g\u00e9rante reconnue coupable<\/a><\/p>\n<p class=\" wall-content\">La g\u00e9rante de 51 ans d\u2019un salon de massage de Marcq-en-Bar\u0153ul a \u00e9t\u00e9 reconnue coupable d\u2019y avoir accueilli des prestations sexuelles, entre 2024 et 2025.<\/p>\n<p class=\" wall-content\"><a href=\"https:\/\/actu.fr\/hauts-de-france\/lille_59350\/a-lille-les-golden-monoliths-vivent-leurs-derniers-instants-voici-quand-ils-seront-demontes_63386147.html\" target=\"_blank\" rel=\"noopener\">\u00c0 Lille, les Golden Monoliths vivent leurs derniers instants : voici quand ils seront d\u00e9mont\u00e9s<\/a><\/p>\n<p class=\" wall-content\">Ils ont suscit\u00e9 des r\u00e9actions, c\u2019est peu de le dire : en place depuis 7 mois, les Golden Monoliths, ces conteneurs install\u00e9s \u00e0 Lille dans le cadre de lille3000, vont \u00eatre d\u00e9mont\u00e9s.<\/p>\n<p class=\" wall-content\"><a href=\"https:\/\/actu.fr\/hauts-de-france\/lille_59350\/emploi-la-mairie-de-lille-recrute-activement-en-novembre-une-trentaine-de-postes-a-pourvoir_63380111.html\" target=\"_blank\" rel=\"noopener\">Emploi. La Mairie de Lille recrute activement en novembre : une trentaine de postes \u00e0 pourvoir<\/a><\/p>\n<p class=\" wall-content\">Opportunit\u00e9s professionnelles : la Ville de Lille (Nord) recrute sur une trentaine de postes, majoritairement permanents, en ce mois de novembre 2025. Voici lesquels.<\/p>\n<p class=\" wall-content\"><a href=\"https:\/\/actu.fr\/hauts-de-france\/lille_59350\/presente-dans-130-villes-de-france-cette-enseigne-ouvre-enfin-son-premier-magasin-a-lille_63381899.html\" target=\"_blank\" rel=\"noopener\">Pr\u00e9sente dans 130 villes de France, cette enseigne ouvre enfin son premier magasin \u00e0 Lille<\/a><\/p>\n<p class=\" wall-content\">N\u00e9e en 2002, cette enseigne pionni\u00e8re de l\u2019achat-vente d\u2019occasion ouvre enfin son premier magasin \u00e0 Lille. Le point de vente de 150 m\u00b2 est situ\u00e9 \u00e0 un emplacement strat\u00e9gique.<\/p>\n<p class=\" wall-content\"><a href=\"https:\/\/actu.fr\/faits-divers\/deux-conducteurs-interpelles-pour-avoir-roule-a-des-vitesses-folles-dans-le-nord_63391072.html\" target=\"_blank\" rel=\"noopener\">Deux conducteurs interpell\u00e9s pour avoir roul\u00e9 \u00e0 des vitesses folles dans le Nord<\/a><\/p>\n<p class=\" wall-content\">Deux conducteurs ont \u00e9t\u00e9 interpell\u00e9s dans le Nord pour avoir roul\u00e9 \u00e0 des vitesses largement sup\u00e9rieures aux limitations. Leurs v\u00e9hicules ont \u00e9t\u00e9 immobilis\u00e9s par la gendarmerie.<\/p>\n<p class=\" wall-content\"><a href=\"https:\/\/actu.fr\/insolite\/pres-de-8-millions-de-vues-lincroyable-photo-de-classe-de-cette-ecole-belge-fait-le-tour-du-monde_63414914.html\" target=\"_blank\" rel=\"noopener\">Pr\u00e8s de 8 millions de vues : l\u2019incroyable photo de classe de cette \u00e9cole belge fait le tour du monde\u00a0!<\/a><\/p>\n<p class=\" wall-content\">On termine avec du positif ! Un buzz incroyable : le concept original d\u2019une photo de classe, pens\u00e9 par une \u00e9cole maternelle en Belgique, \u00e0 la fronti\u00e8re avec le Nord, fait le tour du monde.<\/p>\n<p class=\" wall-content\">Personnalisez votre actualit\u00e9 en ajoutant vos villes et m\u00e9dias en favori avec <a href=\"https:\/\/moncompte.actu.fr\" title=\"D\u00e9couvez Mon Actu\" rel=\"nofollow noopener\" data-trk=\"{&quot;cta&quot;:{&quot;action&quot;:&quot;https:\\\/\\\/moncompte.actu.fr&quot;,&quot;category&quot;:&quot;mon compte&quot;,&quot;from&quot;:&quot;article footer&quot;,&quot;name&quot;:&quot;Mon actu&quot;,&quot;type&quot;:&quot;cta&quot;}}\" target=\"_blank\">Mon Actu<\/a>.<\/p>\n","protected":false},"excerpt":{"rendered":"Par Margot Nicod\u00e8me Publi\u00e9 le 9 nov. 2025 \u00e0 18h35 Le temps passe ! La premi\u00e8re semaine de&hellip;\n","protected":false},"author":2,"featured_media":523312,"comment_status":"","ping_status":"","sticky":false,"template":"","format":"standard","meta":{"footnotes":""},"categories":[2815],"tags":[1111,11,1777,674,1011,27,811,1307,12,25,104,586],"class_list":{"0":"post-523311","1":"post","2":"type-post","3":"status-publish","4":"format-standard","5":"has-post-thumbnail","7":"category-lille","8":"tag-actu","9":"tag-actualites","10":"tag-eu","11":"tag-europe","12":"tag-fr","13":"tag-france","14":"tag-hauts-de-france","15":"tag-lille","16":"tag-news","17":"tag-republique-francaise","18":"tag-societe","19":"tag-voyage"},"share_on_mastodon":{"url":"https:\/\/pubeurope.com\/@fr\/115521246077879650","error":""},"_links":{"self":[{"href":"https:\/\/www.europesays.com\/fr\/wp-json\/wp\/v2\/posts\/523311","targetHints":{"allow":["GET"]}}],"collection":[{"href":"https:\/\/www.europesays.com\/fr\/wp-json\/wp\/v2\/posts"}],"about":[{"href":"https:\/\/www.europesays.com\/fr\/wp-json\/wp\/v2\/types\/post"}],"author":[{"embeddable":true,"href":"https:\/\/www.europesays.com\/fr\/wp-json\/wp\/v2\/users\/2"}],"replies":[{"embeddable":true,"href":"https:\/\/www.europesays.com\/fr\/wp-json\/wp\/v2\/comments?post=523311"}],"version-history":[{"count":0,"href":"https:\/\/www.europesays.com\/fr\/wp-json\/wp\/v2\/posts\/523311\/revisions"}],"wp:featuredmedia":[{"embeddable":true,"href":"https:\/\/www.europesays.com\/fr\/wp-json\/wp\/v2\/media\/523312"}],"wp:attachment":[{"href":"https:\/\/www.europesays.com\/fr\/wp-json\/wp\/v2\/media?parent=523311"}],"wp:term":[{"taxonomy":"category","embeddable":true,"href":"https:\/\/www.europesays.com\/fr\/wp-json\/wp\/v2\/categories?post=523311"},{"taxonomy":"post_tag","embeddable":true,"href":"https:\/\/www.europesays.com\/fr\/wp-json\/wp\/v2\/tags?post=523311"}],"curies":[{"name":"wp","href":"https:\/\/api.w.org\/{rel}","templated":true}]}}