{"id":523315,"date":"2025-11-09T18:52:12","date_gmt":"2025-11-09T18:52:12","guid":{"rendered":"https:\/\/www.europesays.com\/fr\/523315\/"},"modified":"2025-11-09T18:52:12","modified_gmt":"2025-11-09T18:52:12","slug":"un-homme-de-26-ans-blesse-par-balle-a-bon-secours-14e-cette-nuit","status":"publish","type":"post","link":"https:\/\/www.europesays.com\/fr\/523315\/","title":{"rendered":"un homme de 26 ans bless\u00e9 par balle \u00e0 Bon-Secours (14e) cette nuit"},"content":{"rendered":"<p>Nuit agit\u00e9e dans la cit\u00e9 phoc\u00e9enne ce samedi soir 8\u00a0novembre. Alors que peu avant 22\u00a0heures, <a href=\"https:\/\/www.laprovence.com\/article\/faits-divers-justice\/9803413081923\/un-jeune-homme-de-20-ans-grievement-blesse-par-balle-quartier-de-la-belle-de-mai-a-marseille\" target=\"_blank\" rel=\"noopener\">un jeune homme de 20\u00a0ans avait \u00e9t\u00e9 gri\u00e8vement bless\u00e9 par balle<\/a> dans le quartier de la Belle-de-Mai (3e arrondissement de <a href=\"https:\/\/www.laprovence.com\/bouches-du-rhone\/marseille-13055\" target=\"_blank\" rel=\"noopener\">Marseille<\/a>), des coups de feu ont retenti \u00e0 nouveau peu avant une heure du matin de l\u2019autre c\u00f4t\u00e9 de la ville, dans le quartier de Bon-Secours (14e arrondissement).<\/p>\n<p>Un jeune homme de 26\u00a0ans y a \u00e9t\u00e9 bless\u00e9 au niveau de la main. Il a \u00e9t\u00e9 transport\u00e9 non m\u00e9dicalis\u00e9 \u00e0 l\u2019h\u00f4pital, ses jours n\u2019\u00e9taient pas en danger. Le contexte des tirs n\u2019est pas encore connu \u00e0 cette heure, une enqu\u00eate a \u00e9t\u00e9 ouverte par les services de police pour faire la lumi\u00e8re sur cet \u00e9pisode.<\/p>\n<p>La cit\u00e9 phoc\u00e9enne a connu ces derni\u00e8res semaines une recrudescence de violences par arme \u00e0 feu. Au moins quatre <a href=\"https:\/\/www.laprovence.com\/article\/faits-divers-justice\/1092350070404715\/une-quadragenaire-blessee-par-balle-dans-le-15e-arrondissement-par-lex-compagnon-de-sa-fille\" target=\"_blank\" rel=\"noopener\">bless\u00e9s par balles<\/a> sont \u00e0 d\u00e9nombrer depuis le d\u00e9but du mois de novembre.<\/p>\n","protected":false},"excerpt":{"rendered":"Nuit agit\u00e9e dans la cit\u00e9 phoc\u00e9enne ce samedi soir 8\u00a0novembre. Alors que peu avant 22\u00a0heures, un jeune homme&hellip;\n","protected":false},"author":2,"featured_media":523316,"comment_status":"","ping_status":"","sticky":false,"template":"","format":"standard","meta":{"footnotes":""},"categories":[2814],"tags":[17,1111,11,1764,6195,3916,64363,1777,674,274,1011,27,4933,884,12,5912,882,25],"class_list":{"0":"post-523315","1":"post","2":"type-post","3":"status-publish","4":"format-standard","5":"has-post-thumbnail","7":"category-marseille","8":"tag-17","9":"tag-actu","10":"tag-actualites","11":"tag-ans","12":"tag-balle","13":"tag-blesse","14":"tag-bon-secours","15":"tag-eu","16":"tag-europe","17":"tag-faits-divers-justice","18":"tag-fr","19":"tag-france","20":"tag-homme","21":"tag-marseille","22":"tag-news","23":"tag-par","24":"tag-provence-alpes-cote-dazur","25":"tag-republique-francaise"},"share_on_mastodon":{"url":"https:\/\/pubeurope.com\/@fr\/115521253977592533","error":""},"_links":{"self":[{"href":"https:\/\/www.europesays.com\/fr\/wp-json\/wp\/v2\/posts\/523315","targetHints":{"allow":["GET"]}}],"collection":[{"href":"https:\/\/www.europesays.com\/fr\/wp-json\/wp\/v2\/posts"}],"about":[{"href":"https:\/\/www.europesays.com\/fr\/wp-json\/wp\/v2\/types\/post"}],"author":[{"embeddable":true,"href":"https:\/\/www.europesays.com\/fr\/wp-json\/wp\/v2\/users\/2"}],"replies":[{"embeddable":true,"href":"https:\/\/www.europesays.com\/fr\/wp-json\/wp\/v2\/comments?post=523315"}],"version-history":[{"count":0,"href":"https:\/\/www.europesays.com\/fr\/wp-json\/wp\/v2\/posts\/523315\/revisions"}],"wp:featuredmedia":[{"embeddable":true,"href":"https:\/\/www.europesays.com\/fr\/wp-json\/wp\/v2\/media\/523316"}],"wp:attachment":[{"href":"https:\/\/www.europesays.com\/fr\/wp-json\/wp\/v2\/media?parent=523315"}],"wp:term":[{"taxonomy":"category","embeddable":true,"href":"https:\/\/www.europesays.com\/fr\/wp-json\/wp\/v2\/categories?post=523315"},{"taxonomy":"post_tag","embeddable":true,"href":"https:\/\/www.europesays.com\/fr\/wp-json\/wp\/v2\/tags?post=523315"}],"curies":[{"name":"wp","href":"https:\/\/api.w.org\/{rel}","templated":true}]}}