{"id":52332,"date":"2025-04-25T17:55:09","date_gmt":"2025-04-25T17:55:09","guid":{"rendered":"https:\/\/www.europesays.com\/fr\/52332\/"},"modified":"2025-04-25T17:55:09","modified_gmt":"2025-04-25T17:55:09","slug":"en-bretagne-lextreme-droite-se-ligue-pour-projeter-un-film-raciste-interdit-au-royaume-uni-liberation","status":"publish","type":"post","link":"https:\/\/www.europesays.com\/fr\/52332\/","title":{"rendered":"En Bretagne, l\u2019extr\u00eame droite se ligue pour projeter un film raciste interdit au Royaume-Uni \u2013 Lib\u00e9ration"},"content":{"rendered":"<p class=\"sc-ksZaOG ehjQrN text-element\">Les r\u00e9seaux d\u2019extr\u00eame droite fran\u00e7ais continuent \u00e0 s\u2019activer pour organiser des diffusions du film Silenced, produit par une figure du militantisme radical et islamophobe britannique, Tommy Robinson. Un long m\u00e9trage servant \u00e0 la truelle une propagande raciste et complotiste, \u00e0 tel point qu\u2019il est interdit au Royaume-Uni et a contribu\u00e9 \u00e0 ce que son auteur soit <a href=\"https:\/\/www.liberation.fr\/international\/europe\/royaume-uni-18-mois-de-prison-pour-lagitateur-dextreme-droite-tommy-robinson-20241028_65ZW3WGXFBHMDOUVXLSKOYF2IQ\/\" target=\"_blank\" rel=\"nofollow noopener\" title=\"https:\/\/www.liberation.fr\/international\/europe\/royaume-uni-18-mois-de-prison-pour-lagitateur-dextreme-droite-tommy-robinson-20241028_65ZW3WGXFBHMDOUVXLSKOYF2IQ\/\">condamn\u00e9 \u00e0 dix-huit mois de prison en octobre dernier<\/a> (il purge toujours sa peine).<\/p>\n<p class=\"sc-ksZaOG ehjQrN text-element\">Apr\u00e8s l\u2019H\u00e9rault et la Vend\u00e9e, c\u2019est en Bretagne que la mouvance s\u2019organise ces derni\u00e8res semaines. En r\u00e9ponse, les autorit\u00e9s se montrent fermes : \u00e0 Castelnau-le-Lez, pr\u00e8s de Montpellier, en f\u00e9vrier, \u00e0 Lannion mi-mars et \u00e0 Saint-Brieuc mercredi 23 avril, les maires ont pris des arr\u00eat\u00e9s pour emp\u00eacher ces \u00e9v\u00e9nements, invoquant un risque de trouble \u00e0 l\u2019ordre public et le contenu haineux du film. Pas de quoi d\u00e9courager ses thurif\u00e9raires : \u00e0 chaque fois ou presque, ils ont r\u00e9ussi \u00e0 trouver des solutions de repli. Une nouvelle projection est pr\u00e9vue samedi 26 avril dans l\u2019arri\u00e8re-pays lorientais, o\u00f9 des \u00e9diles se mobilisent \u00e9galement.<\/p>\n<p class=\"sc-ksZaOG ehjQrN text-element\">Au menu de cette \u00absoir\u00e9e exceptionnelle\u00bb,<\/p>\n","protected":false},"excerpt":{"rendered":"Les r\u00e9seaux d\u2019extr\u00eame droite fran\u00e7ais continuent \u00e0 s\u2019activer pour organiser des diffusions du film Silenced, produit par une&hellip;\n","protected":false},"author":2,"featured_media":52333,"comment_status":"","ping_status":"","sticky":false,"template":"","format":"standard","meta":{"footnotes":""},"categories":[1588],"tags":[11,829,1777,674,1076,12,10162,473,1853,1851,1850,1852],"class_list":{"0":"post-52332","1":"post","2":"type-post","3":"status-publish","4":"format-standard","5":"has-post-thumbnail","7":"category-royaume-uni","8":"tag-actualites","9":"tag-bretagne","10":"tag-eu","11":"tag-europe","12":"tag-extreme-droite","13":"tag-news","14":"tag-racisme","15":"tag-royaume-uni","16":"tag-royaume-uni-de-grande-bretagne-et-dirlande-du-nord","17":"tag-uk","18":"tag-united-kingdom","19":"tag-united-kingdom-of-great-britain-and-northern-ireland"},"share_on_mastodon":{"url":"https:\/\/pubeurope.com\/@fr\/114399892364234540","error":""},"_links":{"self":[{"href":"https:\/\/www.europesays.com\/fr\/wp-json\/wp\/v2\/posts\/52332","targetHints":{"allow":["GET"]}}],"collection":[{"href":"https:\/\/www.europesays.com\/fr\/wp-json\/wp\/v2\/posts"}],"about":[{"href":"https:\/\/www.europesays.com\/fr\/wp-json\/wp\/v2\/types\/post"}],"author":[{"embeddable":true,"href":"https:\/\/www.europesays.com\/fr\/wp-json\/wp\/v2\/users\/2"}],"replies":[{"embeddable":true,"href":"https:\/\/www.europesays.com\/fr\/wp-json\/wp\/v2\/comments?post=52332"}],"version-history":[{"count":0,"href":"https:\/\/www.europesays.com\/fr\/wp-json\/wp\/v2\/posts\/52332\/revisions"}],"wp:featuredmedia":[{"embeddable":true,"href":"https:\/\/www.europesays.com\/fr\/wp-json\/wp\/v2\/media\/52333"}],"wp:attachment":[{"href":"https:\/\/www.europesays.com\/fr\/wp-json\/wp\/v2\/media?parent=52332"}],"wp:term":[{"taxonomy":"category","embeddable":true,"href":"https:\/\/www.europesays.com\/fr\/wp-json\/wp\/v2\/categories?post=52332"},{"taxonomy":"post_tag","embeddable":true,"href":"https:\/\/www.europesays.com\/fr\/wp-json\/wp\/v2\/tags?post=52332"}],"curies":[{"name":"wp","href":"https:\/\/api.w.org\/{rel}","templated":true}]}}