{"id":523321,"date":"2025-11-09T18:55:18","date_gmt":"2025-11-09T18:55:18","guid":{"rendered":"https:\/\/www.europesays.com\/fr\/523321\/"},"modified":"2025-11-09T18:55:18","modified_gmt":"2025-11-09T18:55:18","slug":"la-detresse-des-habitants-dun-immeuble-ravage-apres-le-tournage-dun-clip-de-rap-pres-de-lyon","status":"publish","type":"post","link":"https:\/\/www.europesays.com\/fr\/523321\/","title":{"rendered":"la d\u00e9tresse des habitants d\u2019un immeuble ravag\u00e9 apr\u00e8s le tournage d\u2019un clip de rap pr\u00e8s de Lyon"},"content":{"rendered":"<p class=\"article-p mdl\">\u00c0 Rillieux-la-Pape, commune de la M\u00e9tropole de Lyon,\u00a0<a class=\"link\" href=\"https:\/\/www.rtl.fr\/actu\/justice-faits-divers\/un-immeuble-prend-feu-en-marge-d-un-tournage-de-clip-pres-de-lyon-plusieurs-dizaines-de-sinistres-7900564152\" title=\"Un immeuble prend feu en marge d&#039;un tournage de clip pr\u00e8s de Lyon, plusieurs dizaines de sinistr\u00e9s\" target=\"_blank\" rel=\"noopener\">le tournage ill\u00e9gal d&rsquo;un clip de rap a d\u00e9g\u00e9n\u00e9r\u00e9<\/a>, ce samedi 8 novembre. \u00c0 la vue d&rsquo;un \u00e9quipage de police stationn\u00e9 \u00e0 proximit\u00e9, les personnes pr\u00e9sentes sur le tournage ont pris les agents cible avec des mortiers d&rsquo;artifice. L&rsquo;un des tirs a atterri sur le balcon d&rsquo;un immeuble, d\u00e9clenchant un incendie.\u00a0<\/p>\n<p class=\"article-p mdl\">Cinq appartements et 39 personnes ont \u00e9t\u00e9 sinistr\u00e9s. Lila, m\u00e8re de trois enfants, habitait au troisi\u00e8me \u00e9tage. Son appartement a \u00e9t\u00e9 enti\u00e8rement d\u00e9vast\u00e9 par l&rsquo;incendie. Au pied de l&rsquo;immeuble, elle a du mal \u00e0 retenir ses larmes.\u00a0<\/p>\n<p class=\"article-p mdl\">\u00ab\u00a0C&rsquo;est une catastrophe, c&rsquo;est toute une vie, c&rsquo;est tout qui part. On se retrouve SDF du jour au lendemain. Moi je suis d\u00e9vast\u00e9e. Mes souvenirs, mes photos, mes papiers, j&rsquo;ai plus rien. Je suis en pyjama, moi et ma fille, on est en pyjama dehors avec des v\u00eatements qu&rsquo;on nous a ramen\u00e9s. Je suis an\u00e9antie, j&rsquo;ai plus de vie, je travaille, j&rsquo;ai des enfants. Vous arrivez, vous n&rsquo;avez plus de vie, vous n&rsquo;avez plus de souvenirs, plus d&rsquo;habits. J&rsquo;ai tout perdu en une fraction de seconde\u00a0\u00bb, confie-t-elle au micro de RTL.<\/p>\n<blockquote class=\"article-quote\">\n<p class=\"article-quote-text icon icon-quote-v2\">On \u00e9tait calmement chez nous et on se retrouve sans domicile<\/p>\n<p>Lila, sinistr\u00e9e de l&rsquo;incendie<\/p>\n<\/blockquote>\n<p class=\"article-p mdl\">Apr\u00e8s le tir, tout est all\u00e9 tr\u00e8s vite. \u00ab\u00a0\u00c7a a pris tellement vite et puis \u00e7a s&rsquo;enflammait. J&rsquo;ai entendu les jeunes hurler qu&rsquo;il y avait le feu et qu&rsquo;il fallait sortir. Donc apr\u00e8s la premi\u00e8re r\u00e9action, c&rsquo;est d&rsquo;aller voir les personnes qui sont seules, de toquer aux portes et de faire sortir le plus de monde possible le plus t\u00f4t possible. Et on a r\u00e9ussi \u00e0 \u00e9vacuer tout le monde\u00a0\u00bb, explique Lila.<\/p>\n<p class=\"article-p mdl\">D&rsquo;apr\u00e8s les pompiers et la pr\u00e9fecture du Rh\u00f4ne, l&rsquo;incendie n&rsquo;a pas fait de victimes. Mais il faut d\u00e9sormais reloger les 39 sinistr\u00e9s, comme Lila. \u00ab\u00a0Je suis chez une voisine et j&rsquo;attends de savoir la suite. C&rsquo;est nous les victimes et voil\u00e0, on n&rsquo;a rien demand\u00e9. On \u00e9tait calmement chez nous et on se retrouve sans domicile\u00a0\u00bb, ajoute-t-elle.\u00a0<\/p>\n<p>            Une enqu\u00eate ouverte<\/p>\n<p class=\"article-p mdl\">Pour l&rsquo;heure, la ville a ouvert un gymnase pour les habitants sans solution imm\u00e9diate. \u00ab\u00a0Nous les logerons, en tout cas les personnes qui n&rsquo;ont pas d&rsquo;alternative, seront prises en charge du d\u00e9but jusqu&rsquo;\u00e0 la fin, aussi longtemps qu&rsquo;il le faut\u00a0\u00bb, assure sur RTL le maire Horizons de Rillieux-la-Pape, Alexandre Vincendet.\u00a0<\/p>\n<p class=\"article-p mdl\">\u00ab\u00a0S&rsquo;il faut emmener les enfants m\u00eame \u00e0 l&rsquo;\u00e9cole avec des moyens municipaux, nous le ferons. Parce qu&rsquo;aujourd&rsquo;hui, l\u00e0 o\u00f9 nous les logeons dans un centre de loisirs, ils sont un peu \u00e9loign\u00e9s des \u00e9coles de leurs enfants\u00a0\u00bb, ajoute l&rsquo;\u00e9dile, qui pr\u00e9cise qu&rsquo;une salle va \u00eatre ouverte, d\u00e8s ce lundi, \u00e0 la mairie \u00ab\u00a0pour que la cha\u00eene de solidarit\u00e9 puisse s&rsquo;organiser pour que nous soutenions ces familles\u00a0\u00bb.\u00a0<\/p>\n<p class=\"article-p mdl\">\u00ab\u00a0C&rsquo;est un miracle, il n&rsquo;y a eu ni bless\u00e9, ni mort, \u00e7a aurait pu \u00eatre dramatique parce que ce qui s&rsquo;est pass\u00e9 hier, c&rsquo;est un v\u00e9ritable acte criminel\u00a0\u00bb, fustige le maire. Une enqu\u00eate a \u00e9t\u00e9 ouverte par le parquet de Lyon.<\/p>\n<p>    La r\u00e9daction vous recommande<\/p>\n<p class=\"s-newsletter__title\">\n                L\u2019actualit\u00e9 par la r\u00e9daction de RTL dans votre bo\u00eete mail.\n            <\/p>\n<p class=\"s-newsletter__subtitle\">\n                Gr\u00e2ce \u00e0 votre compte RTL abonnez-vous \u00e0 la newsletter RTL info pour suivre toute l&rsquo;actualit\u00e9 au quotidien\n            <\/p>\n<p>\n                                    Lire la suite\n                                <\/p>\n","protected":false},"excerpt":{"rendered":"\u00c0 Rillieux-la-Pape, commune de la M\u00e9tropole de Lyon,\u00a0le tournage ill\u00e9gal d&rsquo;un clip de rap a d\u00e9g\u00e9n\u00e9r\u00e9, ce samedi&hellip;\n","protected":false},"author":2,"featured_media":523322,"comment_status":"","ping_status":"","sticky":false,"template":"","format":"standard","meta":{"footnotes":""},"categories":[1889],"tags":[1111,11,2430,1777,674,118,107,1011,27,2428,12,1072,64364,25],"class_list":{"0":"post-523321","1":"post","2":"type-post","3":"status-publish","4":"format-standard","5":"has-post-thumbnail","7":"category-lyon","8":"tag-actu","9":"tag-actualites","10":"tag-auvergne-rhone-alpes","11":"tag-eu","12":"tag-europe","13":"tag-faits-divers","14":"tag-fil-info","15":"tag-fr","16":"tag-france","17":"tag-lyon","18":"tag-news","19":"tag-police","20":"tag-police-scientifique","21":"tag-republique-francaise"},"share_on_mastodon":{"url":"https:\/\/pubeurope.com\/@fr\/115521265510310727","error":""},"_links":{"self":[{"href":"https:\/\/www.europesays.com\/fr\/wp-json\/wp\/v2\/posts\/523321","targetHints":{"allow":["GET"]}}],"collection":[{"href":"https:\/\/www.europesays.com\/fr\/wp-json\/wp\/v2\/posts"}],"about":[{"href":"https:\/\/www.europesays.com\/fr\/wp-json\/wp\/v2\/types\/post"}],"author":[{"embeddable":true,"href":"https:\/\/www.europesays.com\/fr\/wp-json\/wp\/v2\/users\/2"}],"replies":[{"embeddable":true,"href":"https:\/\/www.europesays.com\/fr\/wp-json\/wp\/v2\/comments?post=523321"}],"version-history":[{"count":0,"href":"https:\/\/www.europesays.com\/fr\/wp-json\/wp\/v2\/posts\/523321\/revisions"}],"wp:featuredmedia":[{"embeddable":true,"href":"https:\/\/www.europesays.com\/fr\/wp-json\/wp\/v2\/media\/523322"}],"wp:attachment":[{"href":"https:\/\/www.europesays.com\/fr\/wp-json\/wp\/v2\/media?parent=523321"}],"wp:term":[{"taxonomy":"category","embeddable":true,"href":"https:\/\/www.europesays.com\/fr\/wp-json\/wp\/v2\/categories?post=523321"},{"taxonomy":"post_tag","embeddable":true,"href":"https:\/\/www.europesays.com\/fr\/wp-json\/wp\/v2\/tags?post=523321"}],"curies":[{"name":"wp","href":"https:\/\/api.w.org\/{rel}","templated":true}]}}