{"id":523336,"date":"2025-11-09T19:04:21","date_gmt":"2025-11-09T19:04:21","guid":{"rendered":"https:\/\/www.europesays.com\/fr\/523336\/"},"modified":"2025-11-09T19:04:21","modified_gmt":"2025-11-09T19:04:21","slug":"la-conspiration-contre-roosevelt-roman-de-thomas-snegaroff-sur-lhistoire-des-usa-avant-guerre","status":"publish","type":"post","link":"https:\/\/www.europesays.com\/fr\/523336\/","title":{"rendered":"La Conspiration contre Roosevelt, roman de Thomas Sn\u00e9garoff sur l&rsquo;histoire des USA avant-guerre"},"content":{"rendered":"<p>\t\t\t7<\/p>\n<p>Si l\u2019on connait bien <strong>Thomas Sn\u00e9garoff<\/strong> journaliste, chroniqueur, pr\u00e9sentateur travaillant au service public de l\u2019audiovisuel, historien aussi et sp\u00e9cialiste des Etats-Unis d\u2019Am\u00e9rique, Thomas Sn\u00e9garoff \u00e9crivain en revanche nous est moins connu ! Et pourtant il est d\u00e9j\u00e0 l\u2019auteur d\u2019au moins deux r\u00e9cits de fiction, les<strong> \u00e9ditions Albin Michel<\/strong> viennent de publier son dernier ouvrage\u00a0:<strong>\u00a0La conspiration<\/strong>. \u00a0<\/p>\n<p><img loading=\"lazy\" decoding=\"async\" width=\"320\" height=\"469\" src=\"https:\/\/www.europesays.com\/fr\/wp-content\/uploads\/2025\/11\/La-conspiration-couv-.jpg\" alt=\"\" class=\"wp-image-34032\"  \/><\/p>\n<p>C\u2019est \u00e0 partir de faits r\u00e9els, peu connus, qu\u2019il a b\u00e2ti son roman. La conspiration est l\u2019id\u00e9e, jamais r\u00e9alis\u00e9e, heureusement, d\u2019un coup d\u2019\u00e9tat contre le<strong> pr\u00e9sident Roosevelt<\/strong> en 1933. Les protagonistes\u00a0: des banquiers, des industriels, quelques militaires qui ne veulent pas des r\u00e9formes sociales et \u00e9conomiques promises lors de la campagne \u00e9lectorale du nouveau pr\u00e9sident qui passe \u00e0 leurs yeux comme un supp\u00f4t du communisme et qui, comble de l\u2019ignominie a des ascendances juives. Leur chef de file est le tout puissant \u00ab\u00a0roi\u00a0\u00bb de Walt Street\u00a0: <strong>J.P. Morgan<\/strong>, raciste, antis\u00e9mite, ne connaissant, et ne reconnaissant, que l\u2019aristocratie de l\u2019argent dont le but est d\u2019\u00eatre encore plus riche et de vivre dans un pays o\u00f9 l\u2019\u00e9tat est absent. Il est entour\u00e9 de grands capitalistes comme les<strong> fr\u00e8res DuPont<\/strong> (de Nemours) ou l\u2019h\u00e9ritier des machines Singer <strong>Robert Sterling Clark, <\/strong>et bien d\u2019autres travaillant dans la finance, l\u2019industrie, les m\u00e9dias. Malgr\u00e9 bien des diff\u00e9rences dues \u00e0 l\u2019\u00e9poque, nous ne sommes pas tr\u00e8s loin des mouvements libertariens am\u00e9ricains ou argentins.\u00a0<\/p>\n<p>Ils admirent le fascisme qui s\u2019installe en Italie et le nazisme qui arrive au pouvoir avec l\u2019accession d\u2019Hitler \u00e0 la chancellerie. De l\u2019ordre, encore de l\u2019ordre, aucune revendication sociale, c\u2019est le terrain indispensable pour faire des affaires et donc de gagner de l\u2019argent. D\u2019ailleurs, dans le pass\u00e9, ils ont plus que contribu\u00e9 (en sous-main) aux interventions am\u00e9ricaines \u00e0 Cuba et dans quelques pays d\u2019Am\u00e9rique du Sud. Au demeurant des interventions officiellement au nom des principes d\u00e9mocratiques d\u00e9fendues par les Etats-Unis, de fait, pour permettre aux grandes entreprises et autres consortiums de gagner encore plus d\u2019argent au d\u00e9triment des populations locales. Leur but, cr\u00e9er un mouvement de masse qui renversera, au nom de la volont\u00e9 populaire, les d\u00e9mocrates et leur r\u00e9forme du New Deal.<\/p>\n<p>C\u2019est une \u00e9poque o\u00f9 les mouvements fascistes et communistes se multiplient aux Etats-Unis. De plus les v\u00e9t\u00e9rans de la Premi\u00e8re Guerre mondiale, sont totalement marginalis\u00e9s et font partie des victimes de la crise de 1929. Ils ont bien essay\u00e9 de se r\u00e9unir pour faire pression sur les pouvoirs publics avec la Bonus Army qui fut un \u00e9chec. Mais ils avaient re\u00e7u le soutien d\u2019un des g\u00e9n\u00e9raux les plus m\u00e9daill\u00e9s, assez atypique, <strong>Smedley Butler.<\/strong> C\u2019est lui qui est choisi par les comploteurs pour mener une \u00ab\u00a0arm\u00e9e\u00a0\u00bb de 500 000 hommes sur Washington et renverser Roosevelt.<\/p>\n<p><a href=\"https:\/\/olecio.fr\/\" target=\"_blank\" rel=\"nofollow noopener\"><img decoding=\"async\" src=\"https:\/\/www.europesays.com\/fr\/wp-content\/uploads\/2025\/11\/Olecio-page.png\" alt=\"Ol\u00e9cio partenaire de Wukali\"\/><\/a><\/p>\n<p>Pour se faire ils utilisent un courtier en bourse <strong>Gerald C. MacGuire<\/strong>, qui a pour mission de convaincre Butler des bienfaits du fascisme. Ce qu\u2019ils ne savent pas, c\u2019est que le g\u00e9n\u00e9ral est loin d\u2019\u00eatre dupe et finit par les d\u00e9noncer devant une commission ad-hoc de la Chambre des repr\u00e9sentants. M\u00eame si les protagonistes ne furent pas poursuivis, de fait, cette histoire, politiquement utilis\u00e9e par Roosevelt, a largement contribu\u00e9 \u00e0 sa r\u00e9\u00e9lection \u00e0 la pr\u00e9sidence.<\/p>\n<p>Ce travail de recherche de Thomas Sn\u00e9garoff nous fournit aussi l\u2019occasion de d\u00e9couvrir la personnalit\u00e9 d\u2019un g\u00e9n\u00e9ral atypique, <strong>Smedley Butler,<\/strong> le premier \u00e0 d\u00e9noncer le fonctionnement du complexe militaro-industriel dans son ouvrage\u00a0<strong>La guerre est un racket<\/strong>, un vrai pacifiste, vrai patriote, d\u00e9fenseur acharn\u00e9 de la d\u00e9mocratie.<\/p>\n<p>Dans ce roman facile et agr\u00e9able \u00e0 lire, <strong>Thomas Sn\u00e9garoff <\/strong>nous raconte une petite partie de l\u2019histoire des Etats-Unis qui a failli \u00eatre dramatique (si le complot avait r\u00e9ussi) pour les id\u00e9aux d\u00e9mocratiques. Bien s\u00fbr, les liens entre les milieux industriels et financiers avec le fascisme et le nazisme sont connus, mais peu savent que l\u2019action de ces premiers a aussi complot\u00e9 contre les fondements m\u00eame des institutions am\u00e9ricaines.\u00a0<\/p>\n<p class=\"has-background\" style=\"background-color:#abb7c263\"><strong>La conspiration<\/strong><br \/><strong>Thomas Sn\u00e9garoff<\/strong><br \/>\u00e9ditions Albin Michel. 22\u20ac90<\/p>\n<p class=\"has-background\" style=\"background-color:#fdaaaa8f\"><strong>WUKALI\u00a0 est un magazine d\u2019art et de culture librement accessible sur internet<\/strong>*<br \/>Vous d\u00e9sirez nous contacter pour r\u00e9agir \u00e0 un article, nous faire part de votre actualit\u00e9, ou nous proposer des textes et des sujets<br \/>\u27bd\u00a0 <strong>redaction@wukali.com\u00a0<\/strong><br \/>*Vous pouvez vous connecter \u00e0 votre guise, quand vous le voulez, et bien s\u00fbr relayer nos articles sur vos r\u00e9seaux sociaux. Vous \u00eates notre meilleur soutien aussi par avance: merci !<\/p>\n<p>,<\/p>\n","protected":false},"excerpt":{"rendered":"7 Si l\u2019on connait bien Thomas Sn\u00e9garoff journaliste, chroniqueur, pr\u00e9sentateur travaillant au service public de l\u2019audiovisuel, historien aussi&hellip;\n","protected":false},"author":2,"featured_media":523337,"comment_status":"","ping_status":"","sticky":false,"template":"","format":"standard","meta":{"footnotes":""},"categories":[1589],"tags":[11,73,1866,12,1864,1865,1863,308],"class_list":{"0":"post-523336","1":"post","2":"type-post","3":"status-publish","4":"format-standard","5":"has-post-thumbnail","7":"category-etats-unis","8":"tag-actualites","9":"tag-etats-unis","10":"tag-etats-unis-damerique","11":"tag-news","12":"tag-united-states","13":"tag-united-states-of-america","14":"tag-us","15":"tag-usa"},"share_on_mastodon":{"url":"https:\/\/pubeurope.com\/@fr\/115521301656436873","error":""},"_links":{"self":[{"href":"https:\/\/www.europesays.com\/fr\/wp-json\/wp\/v2\/posts\/523336","targetHints":{"allow":["GET"]}}],"collection":[{"href":"https:\/\/www.europesays.com\/fr\/wp-json\/wp\/v2\/posts"}],"about":[{"href":"https:\/\/www.europesays.com\/fr\/wp-json\/wp\/v2\/types\/post"}],"author":[{"embeddable":true,"href":"https:\/\/www.europesays.com\/fr\/wp-json\/wp\/v2\/users\/2"}],"replies":[{"embeddable":true,"href":"https:\/\/www.europesays.com\/fr\/wp-json\/wp\/v2\/comments?post=523336"}],"version-history":[{"count":0,"href":"https:\/\/www.europesays.com\/fr\/wp-json\/wp\/v2\/posts\/523336\/revisions"}],"wp:featuredmedia":[{"embeddable":true,"href":"https:\/\/www.europesays.com\/fr\/wp-json\/wp\/v2\/media\/523337"}],"wp:attachment":[{"href":"https:\/\/www.europesays.com\/fr\/wp-json\/wp\/v2\/media?parent=523336"}],"wp:term":[{"taxonomy":"category","embeddable":true,"href":"https:\/\/www.europesays.com\/fr\/wp-json\/wp\/v2\/categories?post=523336"},{"taxonomy":"post_tag","embeddable":true,"href":"https:\/\/www.europesays.com\/fr\/wp-json\/wp\/v2\/tags?post=523336"}],"curies":[{"name":"wp","href":"https:\/\/api.w.org\/{rel}","templated":true}]}}