{"id":523338,"date":"2025-11-09T19:05:14","date_gmt":"2025-11-09T19:05:14","guid":{"rendered":"https:\/\/www.europesays.com\/fr\/523338\/"},"modified":"2025-11-09T19:05:14","modified_gmt":"2025-11-09T19:05:14","slug":"au-royaume-uni-un-scandale-fait-tomber-le-directeur-general-et-la-redactrice-en-chef-de-la-bbc-liberation","status":"publish","type":"post","link":"https:\/\/www.europesays.com\/fr\/523338\/","title":{"rendered":"Au Royaume-Uni, un scandale fait tomber le directeur g\u00e9n\u00e9ral et la r\u00e9dactrice en chef de la BBC \u2013 Lib\u00e9ration"},"content":{"rendered":"<p class=\"sc-cPiKLX AiZTS text-element\">Du rififi chez \u00abAuntie\u00bb. Le directeur g\u00e9n\u00e9ral de la BBC, Tim Davie, et la r\u00e9dactrice en chef Deborah Turness ont d\u00e9missionn\u00e9 ce dimanche apr\u00e8s la diffusion l\u2019an dernier d\u2019un montage fallacieux de discours de Donald Trump. L\u2019affaire, r\u00e9v\u00e9l\u00e9e par le journal conservateur The Daily Telegraph mardi, concerne un documentaire du magazine d\u2019information Panorama de la t\u00e9l\u00e9vision publique britannique, diffus\u00e9 une semaine avant l\u2019\u00e9lection pr\u00e9sidentielle aux Etats-Unis du 5 novembre 2024.<\/p>\n<p class=\"sc-cPiKLX AiZTS text-element\">La BBC est accus\u00e9e d\u2019avoir mont\u00e9 des extraits distincts d\u2019un discours de Donald Trump de telle fa\u00e7on qu\u2019il semble dire \u00e0 ses partisans qu\u2019il va marcher avec eux <a href=\"https:\/\/www.liberation.fr\/planete\/2021\/01\/06\/invasion-du-capitole-le-bien-tardif-go-home-de-trump_1810539\/\" target=\"_blank\" rel=\"noreferrer nofollow noopener\" title=\"https:\/\/www.liberation.fr\/planete\/2021\/01\/06\/invasion-du-capitole-le-bien-tardif-go-home-de-trump_1810539\/\">vers le Capitole<\/a> pour se \u00abbattre comme des diables\u00bb. Dans sa phrase int\u00e9grale, il dit \u00abnous allons marcher vers le Capitole et nous allons encourager nos courageux s\u00e9nateurs et repr\u00e9sentants et repr\u00e9sentantes au Congr\u00e8s\u00bb. L\u2019expression \u00abse battre comme des diables\u00bb correspond \u00e0 un autre passage.<\/p>\n<p class=\"sc-cPiKLX AiZTS text-element\">Donald Trump, alors battu dans les urnes par le d\u00e9mocrate Joe Biden mais pr\u00e9tendant le contraire, avait prononc\u00e9 ce discours le 6 janvier 2021, jour de l\u2019assaut men\u00e9 contre le si\u00e8ge du Congr\u00e8s \u00e0 Washington par des centaines de ses partisans.<\/p>\n<p class=\"sc-cPiKLX AiZTS text-element\">La ministre britannique de la Culture, Lisa Nandy, avait jug\u00e9 dimanche \u00abextr\u00eamement grave\u00bb l\u2019accusation faite \u00e0 la BBC d\u2019avoir pr\u00e9sent\u00e9 de mani\u00e8re trompeuse des propos du pr\u00e9sident am\u00e9ricain. Nandy, qui s\u2019exprimait sur la cha\u00eene de t\u00e9l\u00e9vision BBC News, a indiqu\u00e9 avoir \u00abparl\u00e9 cette semaine\u00bb avec le pr\u00e9sident du groupe audiovisuel public, Samir Shah, qui doit s\u2019expliquer lundi aupr\u00e8s d\u2019une commission parlementaire. Selon plusieurs m\u00e9dias, y compris la BBC elle-m\u00eame, la r\u00e9ponse inclura des excuses de la part de ce responsable.<\/p>\n<p class=\"sc-cPiKLX AiZTS text-element\">Peu avant la d\u00e9mission de Davie et Turness, la ministre avait affirm\u00e9 \u00eatre \u00abconfiante\u00bb dans le fait que la direction de le groupe public \u00abtraitait [l\u2019affaire] avec le s\u00e9rieux requis\u00bb : \u00abIl ne s\u2019agit pas seulement de l\u2019\u00e9mission Panorama, m\u00eame si c\u2019est extr\u00eamement grave, mais d\u2019une s\u00e9rie d\u2019all\u00e9gations tr\u00e8s graves, dont la plus grave est qu\u2019il existe un parti pris syst\u00e9mique dans la mani\u00e8re dont des sujets difficiles sont trait\u00e9s par la BBC.\u00bb<\/p>\n<p class=\"sc-cPiKLX AiZTS text-element\">La British Broadcasting Corporation a \u00e9t\u00e9 <a href=\"https:\/\/www.liberation.fr\/international\/moyen-orient\/gaza-la-bbc-sanctionnee-pour-avoir-fait-intervenir-le-fils-dun-chef-du-hamas-dans-un-documentaire-20251017_D4G6NEE4NBA6PKMPZYCH2KLQCY\/\" target=\"_blank\" rel=\"noreferrer nofollow noopener\" title=\"https:\/\/www.liberation.fr\/international\/moyen-orient\/gaza-la-bbc-sanctionnee-pour-avoir-fait-intervenir-le-fils-dun-chef-du-hamas-dans-un-documentaire-20251017_D4G6NEE4NBA6PKMPZYCH2KLQCY\/\">\u00e9pingl\u00e9e le 17 octobre<\/a> par le r\u00e9gulateur des m\u00e9dias pour avoir \u00abenfreint les r\u00e8gles de diffusion\u00bb \u00e0 propos d\u2019un reportage \u00e0 Gaza dans lequel le narrateur principal, un enfant, \u00e9tait le fils d\u2019un haut responsable du mouvement islamiste palestinien Hamas. L\u2019Ofcom avait jug\u00e9 que le fait de ne pas avoir pr\u00e9cis\u00e9 ce lien de parent\u00e9 avait \u00abconstitu\u00e9 une source de tromperie substantielle\u00bb.<\/p>\n","protected":false},"excerpt":{"rendered":"Du rififi chez \u00abAuntie\u00bb. Le directeur g\u00e9n\u00e9ral de la BBC, Tim Davie, et la r\u00e9dactrice en chef Deborah&hellip;\n","protected":false},"author":2,"featured_media":523339,"comment_status":"","ping_status":"","sticky":false,"template":"","format":"standard","meta":{"footnotes":""},"categories":[1588],"tags":[11,1777,674,12,473,1853,1851,1850,1852],"class_list":{"0":"post-523338","1":"post","2":"type-post","3":"status-publish","4":"format-standard","5":"has-post-thumbnail","7":"category-royaume-uni","8":"tag-actualites","9":"tag-eu","10":"tag-europe","11":"tag-news","12":"tag-royaume-uni","13":"tag-royaume-uni-de-grande-bretagne-et-dirlande-du-nord","14":"tag-uk","15":"tag-united-kingdom","16":"tag-united-kingdom-of-great-britain-and-northern-ireland"},"share_on_mastodon":{"url":"https:\/\/pubeurope.com\/@fr\/115521304838823740","error":""},"_links":{"self":[{"href":"https:\/\/www.europesays.com\/fr\/wp-json\/wp\/v2\/posts\/523338","targetHints":{"allow":["GET"]}}],"collection":[{"href":"https:\/\/www.europesays.com\/fr\/wp-json\/wp\/v2\/posts"}],"about":[{"href":"https:\/\/www.europesays.com\/fr\/wp-json\/wp\/v2\/types\/post"}],"author":[{"embeddable":true,"href":"https:\/\/www.europesays.com\/fr\/wp-json\/wp\/v2\/users\/2"}],"replies":[{"embeddable":true,"href":"https:\/\/www.europesays.com\/fr\/wp-json\/wp\/v2\/comments?post=523338"}],"version-history":[{"count":0,"href":"https:\/\/www.europesays.com\/fr\/wp-json\/wp\/v2\/posts\/523338\/revisions"}],"wp:featuredmedia":[{"embeddable":true,"href":"https:\/\/www.europesays.com\/fr\/wp-json\/wp\/v2\/media\/523339"}],"wp:attachment":[{"href":"https:\/\/www.europesays.com\/fr\/wp-json\/wp\/v2\/media?parent=523338"}],"wp:term":[{"taxonomy":"category","embeddable":true,"href":"https:\/\/www.europesays.com\/fr\/wp-json\/wp\/v2\/categories?post=523338"},{"taxonomy":"post_tag","embeddable":true,"href":"https:\/\/www.europesays.com\/fr\/wp-json\/wp\/v2\/tags?post=523338"}],"curies":[{"name":"wp","href":"https:\/\/api.w.org\/{rel}","templated":true}]}}