{"id":523346,"date":"2025-11-09T19:09:14","date_gmt":"2025-11-09T19:09:14","guid":{"rendered":"https:\/\/www.europesays.com\/fr\/523346\/"},"modified":"2025-11-09T19:09:14","modified_gmt":"2025-11-09T19:09:14","slug":"tres-vite-il-a-eu-un-comportement-inapproprie-lancien-avocat-de-guy-georges-juge-pour-le-viol-dune-stagiaire","status":"publish","type":"post","link":"https:\/\/www.europesays.com\/fr\/523346\/","title":{"rendered":"\u00ab\u00a0Tr\u00e8s vite, il a eu un comportement inappropri\u00e9\u00a0\u00bb\u2026 L\u2019ancien avocat de Guy Georges jug\u00e9 pour le viol d\u2019une stagiaire"},"content":{"rendered":"<p>Alex Ursulet est un habitu\u00e9 des pr\u00e9toires. Ag\u00e9 de 68 ans, l\u2019avocat a notamment d\u00e9fendu, au cours de sa longue carri\u00e8re, l\u2019ancien maire de Grenoble, <a href=\"https:\/\/www.20minutes.fr\/politique\/4175452-20250926-quelques-politiques-pu-esquiver-prison\" class=\"c-link c-link--is-underlined\" target=\"_blank\" rel=\"noopener\">Alain Carignon<\/a>, ou l\u2019ex-Premier ministre du S\u00e9n\u00e9gal, Idrissa Seck. Il s\u2019est surtout fait conna\u00eetre en obtenant du tueur en s\u00e9rie <a href=\"https:\/\/www.20minutes.fr\/faits_divers\/4135326-20250124-guy-georges-non-tueur-serie-libere-contrairement-dit-rumeur-tiktok\" class=\"c-link c-link--is-underlined\" target=\"_blank\" rel=\"noopener\">Guy Georges<\/a> des aveux lors de son proc\u00e8s devant la cour d\u2019assises en\u00a02001. Le p\u00e9naliste, qui conna\u00eet bien le palais de justice de <a href=\"https:\/\/www.20minutes.fr\/paris\/\" class=\"c-link c-link--is-underlined\" target=\"_blank\" rel=\"noopener\">Paris<\/a>, ne portera pas sa robe noire lorsqu\u2019il prendra place, lundi, dans la salle Diderot. Car c\u2019est lui qui est <a href=\"https:\/\/www.20minutes.fr\/faits_divers\/4057813-20231014-avocat-alex-ursulet-ancien-associe-jacques-verges-renvoye-devant-cour-criminelle-viol\" class=\"c-link c-link--is-underlined\" target=\"_blank\" rel=\"noopener\">jug\u00e9, durant cinq jours, par la cour criminelle d\u00e9partementale<\/a> de la capitale, pour le viol d\u2019une jeune avocate, d\u00e9sormais \u00e2g\u00e9e de 32 ans. Il encourt dix ans d\u2019emprisonnement et 150.000 euros d\u2019amende.<\/p>\n<p>Les faits d\u00e9nonc\u00e9s par la plaignante, r\u00e9v\u00e9l\u00e9s par <a href=\"https:\/\/www.mediapart.fr\/journal\/france\/151019\/l-avocat-alex-ursulet-est-vise-par-une-plainte-pour-viol#paywall-anchor\" target=\"_blank\" class=\"c-link c-link--is-underlined\" rel=\"noopener\">Mediapart<\/a>, remontent \u00e0\u00a02018. A l\u2019\u00e9poque, la jeune femme est \u00e9tudiante \u00e0 l\u2019\u00e9cole des avocats Ali\u00e9nor de Bordeaux. Dans le cadre de sa formation, elle effectue un stage au sein du cabinet parisien d\u2019Alex Ursulet, un avocat r\u00e9put\u00e9, donc. \u00ab\u00a0Tr\u00e8s vite, il a eu un comportement parfaitement inadapt\u00e9 pour un ma\u00eetre de stage, en lui envoyant beaucoup de SMS totalement inappropri\u00e9s. Au d\u00e9but, ma cliente s\u2019efforce de croire qu\u2019il ne s\u2019agit que de second degr\u00e9\u00a0\u00bb, raconte \u00e0 20 Minutes Me Thibault Laforcade, l\u2019avocate de la jeune femme, qui souhaite rester anonyme.<\/p>\n<p>\u00ab\u00a0Magnifique\u00a0\u00bb<\/p>\n<p>Le 30 janvier\u00a02018, Alex Ursulet l\u2019invite \u00e0 d\u00e9jeuner dans un restaurant du 16e\u00a0arrondissement. A quel \u00e2ge a-t-elle perdu sa virginit\u00e9\u00a0? Combien de partenaires a-t-elle eus\u00a0? Au cours du repas, le p\u00e9naliste se montre particuli\u00e8rement intrusif en assaillant sa jeune stagiaire de questions intimes.<\/p>\n<\/p>\n<p>De retour au cabinet, Alex Ursulet se serait approch\u00e9 d\u2019elle, l\u2019aurait embrass\u00e9 avant de lui imposer une p\u00e9n\u00e9tration digitale. Sur le moment, la jeune, t\u00e9tanis\u00e9e par la peur, semble se laisser faire par son ma\u00eetre de stage. \u00ab\u00a0Quand on est en \u00e9tat de sid\u00e9ration, le cerveau essaye de se prot\u00e9ger. On ne sait plus exactement o\u00f9 on est, on se dit qu\u2019on hallucine, que tout \u00e7a ne peut pas \u00eatre vrai\u00a0\u00bb, rappelle Me Thibault Laforcade. \u00ab\u00a0Comme bien souvent dans ce type de cas, ma cliente a, durant de longues minutes, r\u00e9fl\u00e9chi \u00e0 ce qui la mettrait le moins en danger, de s\u2019en sortir avec le moins de d\u00e9g\u00e2ts possibles.\u00a0\u00bb<\/p>\n<p>Apr\u00e8s les faits, l\u2019ancien associ\u00e9 de Jacques Verg\u00e8s lui envoie deux textos, notamment pour lui demander de porter des bas au travail plut\u00f4t que des collants. \u00ab\u00a0Magnifique\u00a0\u00bb, \u00ab\u00a0Des bas\u00a0!\u00a0\u00bb lui \u00e9crit-il. \u00ab\u00a0Ce dernier message est extr\u00eamement r\u00e9v\u00e9lateur puisque c\u2019est un ordre, une injonction pour qu\u2019elle puisse en porter d\u00e8s le lendemain, et que cela soit plus facile pour lui de recommencer\u00a0\u00bb, estime l\u2019avocat de la jeune femme.<\/p>\n<p>Radi\u00e9 du barreau de Paris<\/p>\n<p>Au d\u00e9but, sa cliente d\u00e9cide de ne pas d\u00e9poser plainte et \u00ab\u00a0d\u2019enfouir le plus profond\u00e9ment possible\u00a0\u00bb ce souvenir p\u00e9nible, pour \u00ab\u00a0avancer\u00a0\u00bb et \u00ab\u00a0tourner la page\u00a0\u00bb. Mais aussi par \u00ab\u00a0peur des repr\u00e9sailles, de menaces\u00a0\u00bb. Elle se confie toutefois \u00e0 une amie, qui lui conseille de partir et l\u2019aide \u00e0 trouver un nouveau stage.<\/p>\n<p>Mais l\u2019affaire finit par remonter aux oreilles du conseil de l\u2019Ordre qui ouvre, courant 2019, une enqu\u00eate disciplinaire visant Alex Ursulet. \u00ab\u00a0Coupable de manquements graves aux principes de la profession d\u2019avocat\u00a0\u00bb, il est <a href=\"https:\/\/www.lemonde.fr\/societe\/article\/2020\/01\/22\/les-manquements-graves-d-alex-ursulet-vise-par-une-plainte-pour-viol-et-radie-par-le-barreau-de-paris_6026771_3224.html\" rel=\"nofollow noopener\" target=\"_blank\" class=\"c-link c-link--is-underlined\">radi\u00e9 en d\u00e9cembre de cette m\u00eame ann\u00e9e<\/a> du barreau de Paris. Il fait appel de la d\u00e9cision, ce qui lui permet de continuer d\u2019exercer. En avril\u00a02022, la cour d\u2019appel d\u00e9cide d\u2019attendre l\u2019issue de son proc\u00e8s pour viol avant de se prononcer sur une \u00e9ventuelle radiation.<\/p>\n<p><img decoding=\"async\" alt=\"Me Alex Ursulet, le 12 mars 2018, lors du proc\u00e8s en appel d'ex-salari\u00e9s d'Air France dans l'affaire de la &quot;chemise arrach\u00e9e&quot; du DRH de l'entreprise. \" class=\"c-img\" loading=\"lazy\" fetchpriority=\"auto\" width=\"718\"  src=\"https:\/\/img.20mn.fr\/R3JjIFvRSECA82K3Rop8kyk\/718x0\" \/>Me Alex Ursulet, le 12 mars 2018, lors du proc\u00e8s en appel d&rsquo;ex-salari\u00e9s d&rsquo;Air France dans l&rsquo;affaire de la \u00ab\u00a0chemise arrach\u00e9e\u00a0\u00bb du DRH de l&rsquo;entreprise. \u2002-\u00a0Sevgi<\/p>\n<p>Son ancienne stagiaire se d\u00e9cide \u00e0 d\u00e9poser plainte en septembre\u00a02019. \u00ab\u00a0Des auditions sont alors men\u00e9es par les membres de la commission de discipline du conseil de l\u2019Ordre alors qu\u2019elle n\u2019a pas encore d\u00e9pos\u00e9 plainte. Elle le fait pour se r\u00e9approprier son histoire que tout le monde est en train de commenter\u00a0\u00bb, explique son avocat.<\/p>\n<p>Alex Ursulet est plac\u00e9 en garde \u00e0 vue en juin\u00a02020. D\u2019abord <a href=\"https:\/\/www.20minutes.fr\/justice\/2807031-20200624-paris-avocat-accuse-viol-ancienne-stagiaire-place-garde-vue\" class=\"c-link c-link--is-underlined\" target=\"_blank\" rel=\"noopener\">plac\u00e9 sous le statut de t\u00e9moin assist\u00e9<\/a>, plus favorable, il est finalement <a href=\"https:\/\/www.20minutes.fr\/justice\/3194699-20211210-paris-avocat-alex-ursulet-mis-examen-viol-ancienne-stagiaire\" class=\"c-link c-link--is-underlined\" target=\"_blank\" rel=\"noopener\">mis en examen, en d\u00e9cembre\u00a02021<\/a>, par la juge d\u2019instruction.<\/p>\n<p>\u00ab\u00a0D\u00e9termination\u00a0\u00bb et \u00ab\u00a0combativit\u00e9\u00a0\u00bb<\/p>\n<p>Trois ans plus tard, la <a href=\"https:\/\/www.20minutes.fr\/justice\/4044818-20230708-parquet-paris-demande-proces-viol-aggrave-contre-avocat-alex-ursulet\" class=\"c-link c-link--is-underlined\" target=\"_blank\" rel=\"noopener\">magistrate ordonne son renvoi devant la cour criminelle d\u00e9partementale<\/a>. Dans son ordonnance, elle explique que cet avocat \u00ab\u00a0reconnu par ses pairs\u00a0\u00bb a profit\u00e9 de \u00ab\u00a0sa r\u00e9putation\u00a0\u00bb pour instaurer un rapport de \u00ab\u00a0domination\u00a0\u00bb avec sa stagiaire, \u00ab\u00a0alternant proximit\u00e9, r\u00e9primandes et compliments\u00a0\u00bb. Pour l\u2019accusation, il a mis en place \u00ab\u00a0un stratag\u00e8me\u00a0\u00bb visant \u00e0 \u00ab\u00a0la surprendre\u00a0\u00bb et \u00e0 \u00ab\u00a0la contraindre \u00e0 un acte sexuel non consenti\u00a0\u00bb.<\/p>\n<p>Contact\u00e9s par 20 Minutes, les avocats d\u2019Alex Ursulet, Mes Marie Burguburu et Fanny Colin, n\u2019ont pas souhait\u00e9 s\u2019exprimer publiquement avant l\u2019audience.<\/p>\n<p>La cliente de Me Thibault Laforcade \u00ab\u00a0est pass\u00e9e par des hauts et des bas\u00a0\u00bb, \u00ab\u00a0beaucoup de moments de d\u00e9tresse\u00a0\u00bb. Apr\u00e8s une pause de deux ans, elle a d\u00e9cid\u00e9 \u00ab\u00a0que cette histoire ne l\u2019emp\u00eacherait pas de faire ce qu\u2019elle veut sur le plan professionnel\u00a0\u00bb. Celle qui exerce aujourd\u2019hui comme avocate \u00ab\u00a0a gagn\u00e9 en d\u00e9termination, en combativit\u00e9\u00a0\u00bb, d\u00e9crit son d\u00e9fenseur. \u00ab\u00a0Elle a d\u00e9cid\u00e9 qu\u2019elle n\u2019avait plus honte et compris que la honte ne devait pas se situer de son c\u00f4t\u00e9 \u00e0 elle\u00a0\u00bb, ajoute-t-il. Lors de ces cinq jours d\u2019audience, elle souhaite \u00ab\u00a0que la v\u00e9rit\u00e9 judiciaire soit enfin pos\u00e9e sur les faits afin de pouvoir avancer sereinement dans la vie\u00a0\u00bb.<\/p>\n","protected":false},"excerpt":{"rendered":"Alex Ursulet est un habitu\u00e9 des pr\u00e9toires. Ag\u00e9 de 68 ans, l\u2019avocat a notamment d\u00e9fendu, au cours de&hellip;\n","protected":false},"author":2,"featured_media":523347,"comment_status":"","ping_status":"","sticky":false,"template":"","format":"standard","meta":{"footnotes":""},"categories":[2],"tags":[47,11,20933,1011,27,662,303,12,626,2694,25,3693,1265],"class_list":{"0":"post-523346","1":"post","2":"type-post","3":"status-publish","4":"format-standard","5":"has-post-thumbnail","7":"category-actualites","8":"tag-actualite","9":"tag-actualites","10":"tag-avocat","11":"tag-fr","12":"tag-france","13":"tag-ile-de-france","14":"tag-justice","15":"tag-news","16":"tag-paris","17":"tag-proces","18":"tag-republique-francaise","19":"tag-tribunal","20":"tag-viol"},"share_on_mastodon":{"url":"https:\/\/pubeurope.com\/@fr\/115521321225358481","error":""},"_links":{"self":[{"href":"https:\/\/www.europesays.com\/fr\/wp-json\/wp\/v2\/posts\/523346","targetHints":{"allow":["GET"]}}],"collection":[{"href":"https:\/\/www.europesays.com\/fr\/wp-json\/wp\/v2\/posts"}],"about":[{"href":"https:\/\/www.europesays.com\/fr\/wp-json\/wp\/v2\/types\/post"}],"author":[{"embeddable":true,"href":"https:\/\/www.europesays.com\/fr\/wp-json\/wp\/v2\/users\/2"}],"replies":[{"embeddable":true,"href":"https:\/\/www.europesays.com\/fr\/wp-json\/wp\/v2\/comments?post=523346"}],"version-history":[{"count":0,"href":"https:\/\/www.europesays.com\/fr\/wp-json\/wp\/v2\/posts\/523346\/revisions"}],"wp:featuredmedia":[{"embeddable":true,"href":"https:\/\/www.europesays.com\/fr\/wp-json\/wp\/v2\/media\/523347"}],"wp:attachment":[{"href":"https:\/\/www.europesays.com\/fr\/wp-json\/wp\/v2\/media?parent=523346"}],"wp:term":[{"taxonomy":"category","embeddable":true,"href":"https:\/\/www.europesays.com\/fr\/wp-json\/wp\/v2\/categories?post=523346"},{"taxonomy":"post_tag","embeddable":true,"href":"https:\/\/www.europesays.com\/fr\/wp-json\/wp\/v2\/tags?post=523346"}],"curies":[{"name":"wp","href":"https:\/\/api.w.org\/{rel}","templated":true}]}}