{"id":52336,"date":"2025-04-25T17:57:09","date_gmt":"2025-04-25T17:57:09","guid":{"rendered":"https:\/\/www.europesays.com\/fr\/52336\/"},"modified":"2025-04-25T17:57:09","modified_gmt":"2025-04-25T17:57:09","slug":"une-premiere-argentee-pour-ngayap-hambou","status":"publish","type":"post","link":"https:\/\/www.europesays.com\/fr\/52336\/","title":{"rendered":"une premi\u00e8re argent\u00e9e pour Ngayap Hambou"},"content":{"rendered":"<p>Neuf mois apr\u00e8s s\u2019\u00eatre r\u00e9v\u00e9l\u00e9 aux JO de Paris, le Fran\u00e7ais Maxime-Ga\u00ebl Ngayap Hambou a d\u00e9croch\u00e9 sa premi\u00e8re m\u00e9daille continentale, l\u2019argent, vendredi aux championnats d\u2019Europe de judo de Podgorica (Mont\u00e9n\u00e9gro).<\/p>\n<p>Ngayap Hambou s\u2019est inclin\u00e9 en finale dans la cat\u00e9gorie des moins de 90\u00a0kg, battu par l\u2019Italien Christian Parlati. Le vice-champion du monde 2022 a fait c\u00e9der le Fran\u00e7ais sur une cl\u00e9 de bras.<\/p>\n<p>Nous avons bloqu\u00e9 l&rsquo;affichage de ce contenu pour respecter vos choix en mati\u00e8re de cookies. En cliquant sur \u00ab\u00a0Accepter\u00a0\u00bb,\u00a0vous acceptez le d\u00e9p\u00f4t de cookies. Vous pouvez modifier vos choix \u00e0 tout moment en vous rendant sur <a class=\"blocSansConsentement_lien__m9THN\" href=\"https:\/\/www.lanouvellerepublique.fr\/politique-de-confidentialite\" target=\"_blank\" rel=\"noopener\">cette page<\/a>.<\/p>\n<p>Accepter<\/p>\n<p>\u00c0 l\u2019issue de la journ\u00e9e, le judoka de 23\u00a0ans \u00e9tait partag\u00e9 entre satisfaction et frustration. \u00ab\u00a0Aller chercher une m\u00e9daille en championnat d\u2019Europe, ce n\u2019est pas facile donc il y a de la satisfaction. Mais aussi un peu de d\u00e9ception pour cette d\u00e9faite en finale\u00a0\u00bb, a-t-il reconnu.<\/p>\n<p>\u00ab Un bon championnat de pr\u00e9paration \u00bb<\/p>\n<p>\u00ab\u00a0J\u2019\u00e9tais venu chercher le titre mais je vais aller re-bosser et la prochaine fois, ce sera la plus belle des m\u00e9dailles\u00a0\u00bb, a-t-il ajout\u00e9. Ngayap Hambou s\u2019\u00e9tait r\u00e9v\u00e9l\u00e9 aux JO 2024 de Paris en allant chercher une m\u00e9daille de bronze alors qu\u2019il n\u2019\u00e9tait pas forc\u00e9ment attendu sur le podium. Il confirme ainsi son nouveau statut, neuf mois apr\u00e8s ses exploits olympiques.<\/p>\n<p>Nous avons bloqu\u00e9 l&rsquo;affichage de ce contenu pour respecter vos choix en mati\u00e8re de cookies. En cliquant sur \u00ab\u00a0Accepter\u00a0\u00bb,\u00a0vous acceptez le d\u00e9p\u00f4t de cookies. Vous pouvez modifier vos choix \u00e0 tout moment en vous rendant sur <a class=\"blocSansConsentement_lien__m9THN\" href=\"https:\/\/www.lanouvellerepublique.fr\/politique-de-confidentialite\" target=\"_blank\" rel=\"noopener\">cette page<\/a>.<\/p>\n<p>Accepter<\/p>\n<p>\u00ab\u00a0C\u2019\u00e9tait une belle journ\u00e9e o\u00f9 j\u2019ai mis des choses en place\u00a0\u00bb, a-t-il estim\u00e9 en vue de l\u2019objectif majeur de la saison\u00a0: les Mondiaux de Budapest dans six semaines (13-20 juin). \u00ab\u00a0J\u2019ai pris pas mal de judokas qui seront pr\u00e9sents aux championnats du monde, donc c\u2019\u00e9tait un bon championnat de pr\u00e9paration pour aller chercher une grosse m\u00e9daille aux Monde.\u00a0\u00bb<\/p>\n<p>En plus d\u2019\u00e9toffer son palmar\u00e8s, la comp\u00e9tition lui a \u00e9galement permis de marquer des points face \u00e0 la concurrence tricolore.<\/p>\n<p>Sur la route de sa finale, Ngayap Hambou a en effet battu l\u2019autre Fran\u00e7ais en lice Alexis Mathieu, qu\u2019il avait d\u00e9j\u00e0 doubl\u00e9 dans la course olympique pour Paris.<\/p>\n<p>Nous avons bloqu\u00e9 l&rsquo;affichage de ce contenu pour respecter vos choix en mati\u00e8re de cookies. En cliquant sur \u00ab\u00a0Accepter\u00a0\u00bb,\u00a0vous acceptez le d\u00e9p\u00f4t de cookies. Vous pouvez modifier vos choix \u00e0 tout moment en vous rendant sur <a class=\"blocSansConsentement_lien__m9THN\" href=\"https:\/\/www.lanouvellerepublique.fr\/politique-de-confidentialite\" target=\"_blank\" rel=\"noopener\">cette page<\/a>.<\/p>\n<p>Accepter<\/p>\n<p>Dicko et Tcheum\u00e9o en lice ce samedi<\/p>\n<p>En lice pour le bronze, Alexis Mathieu a ensuite perdu son combat pour la troisi\u00e8me place, battu par l\u2019Azerba\u00efjanais Murad Fatiyev sur un ippon. Chez les femmes, Marie-Eve Gahi\u00e9 pouvait \u00e9galement viser le bronze mais elle s\u2019est inclin\u00e9e contre la Croate Lara Cvjeko, vice-championne du monde en 2022 et n\u00b0 2 mondiale.<\/p>\n<p>Au terme du troisi\u00e8me jour de comp\u00e9tition, les Bleus comptent donc huit m\u00e9dailles\u00a0. La comp\u00e9tition se poursuit ce samedi avec notamment Romane Dicko, en qu\u00eate d\u2019un cinqui\u00e8me titre europ\u00e9en chez les +\u00a078\u00a0kg, et Audrey Tcheum\u00e9o qui peut s\u2019offrir une sixi\u00e8me couronne.<\/p>\n","protected":false},"excerpt":{"rendered":"Neuf mois apr\u00e8s s\u2019\u00eatre r\u00e9v\u00e9l\u00e9 aux JO de Paris, le Fran\u00e7ais Maxime-Ga\u00ebl Ngayap Hambou a d\u00e9croch\u00e9 sa premi\u00e8re&hellip;\n","protected":false},"author":2,"featured_media":52337,"comment_status":"","ping_status":"","sticky":false,"template":"","format":"standard","meta":{"footnotes":""},"categories":[1586],"tags":[328,11,1777,674,1011,27,13739,12,25,60],"class_list":{"0":"post-52336","1":"post","2":"type-post","3":"status-publish","4":"format-standard","5":"has-post-thumbnail","7":"category-europe","8":"tag-a-la-une","9":"tag-actualites","10":"tag-eu","11":"tag-europe","12":"tag-fr","13":"tag-france","14":"tag-judo","15":"tag-news","16":"tag-republique-francaise","17":"tag-sports"},"share_on_mastodon":{"url":"https:\/\/pubeurope.com\/@fr\/114399900303127053","error":""},"_links":{"self":[{"href":"https:\/\/www.europesays.com\/fr\/wp-json\/wp\/v2\/posts\/52336","targetHints":{"allow":["GET"]}}],"collection":[{"href":"https:\/\/www.europesays.com\/fr\/wp-json\/wp\/v2\/posts"}],"about":[{"href":"https:\/\/www.europesays.com\/fr\/wp-json\/wp\/v2\/types\/post"}],"author":[{"embeddable":true,"href":"https:\/\/www.europesays.com\/fr\/wp-json\/wp\/v2\/users\/2"}],"replies":[{"embeddable":true,"href":"https:\/\/www.europesays.com\/fr\/wp-json\/wp\/v2\/comments?post=52336"}],"version-history":[{"count":0,"href":"https:\/\/www.europesays.com\/fr\/wp-json\/wp\/v2\/posts\/52336\/revisions"}],"wp:featuredmedia":[{"embeddable":true,"href":"https:\/\/www.europesays.com\/fr\/wp-json\/wp\/v2\/media\/52337"}],"wp:attachment":[{"href":"https:\/\/www.europesays.com\/fr\/wp-json\/wp\/v2\/media?parent=52336"}],"wp:term":[{"taxonomy":"category","embeddable":true,"href":"https:\/\/www.europesays.com\/fr\/wp-json\/wp\/v2\/categories?post=52336"},{"taxonomy":"post_tag","embeddable":true,"href":"https:\/\/www.europesays.com\/fr\/wp-json\/wp\/v2\/tags?post=52336"}],"curies":[{"name":"wp","href":"https:\/\/api.w.org\/{rel}","templated":true}]}}