{"id":523368,"date":"2025-11-09T19:25:12","date_gmt":"2025-11-09T19:25:12","guid":{"rendered":"https:\/\/www.europesays.com\/fr\/523368\/"},"modified":"2025-11-09T19:25:12","modified_gmt":"2025-11-09T19:25:12","slug":"sa-fille-ael-touche-son-heritage-apres-30-ans-de-carriere","status":"publish","type":"post","link":"https:\/\/www.europesays.com\/fr\/523368\/","title":{"rendered":"sa fille A\u00ebl touche son h\u00e9ritage apr\u00e8s 30 ans de carri\u00e8re"},"content":{"rendered":"<p>Les h\u00e9ritages artistiques prennent parfois des formes<br \/>\ninattendues et touchantes dans le monde du spectacle. Entre<br \/>\nsouvenirs tangibles et transmission familiale, certains artistes<br \/>\nchoisissent de perp\u00e9tuer leur histoire par des gestes symboliques.<br \/>\n<strong>Florent Pagny<\/strong> illustre parfaitement cette d\u00e9marche<br \/>\nen partageant avec ses enfants des fragments de sa carri\u00e8re.<\/p>\n<p>Le chanteur embl\u00e9matique vient ainsi d\u00a0\u00bboffrir \u00e0 sa fille<br \/>\n<strong>A\u00ebl<\/strong> un v\u00eatement charg\u00e9 d&rsquo;histoire et d&rsquo;\u00e9motion. Ce<br \/>\n<strong>pull vintage<\/strong> traverse d\u00e9sormais les g\u00e9n\u00e9rations et<br \/>\nporte en lui trente ann\u00e9es de carri\u00e8re musicale. Par cons\u00e9quent,<br \/>\ncette transmission familiale r\u00e9v\u00e8le l&rsquo;attachement profond de<br \/>\nl&rsquo;artiste \u00e0 ses racines et \u00e0 sa prog\u00e9niture.<\/p>\n<p><strong>Florent Pagny<\/strong> r\u00e8gle ses comptes avec<br \/>\n<strong>Olivia Ruiz<\/strong><\/p>\n<p>L&rsquo;interpr\u00e8te de \u00ab Savoir aimer \u00bb n&rsquo;h\u00e9site jamais \u00e0<br \/>\n<a href=\"https:\/\/www.melty.fr\/people\/cette-gamine-je-ne-laime-pas-florent-pagny-regle-ses-comptes-avec-olivia-ruiz-2267190.html\" rel=\"nofollow noopener\" target=\"_blank\"><br \/>\nexprimer ses opinions tranch\u00e9es<\/a> sur certains artistes de sa<br \/>\ng\u00e9n\u00e9ration. Il y a peu, <strong>Florent Pagny<\/strong> a raviv\u00e9 une<br \/>\nancienne tension avec <strong>Olivia Ruiz<\/strong> lors d&rsquo;une<br \/>\ninterview marquante. Le chanteur a rappel\u00e9 son r\u00f4le de parrain lors<br \/>\nde la premi\u00e8re <strong>Star Academy<\/strong> o\u00f9 participait la<br \/>\njeune femme.<\/p>\n<p>D&rsquo;ailleurs, l&rsquo;artiste a confi\u00e9 \u00e0 Philippe Vandel des propos sans<br \/>\n\u00e9quivoque sur leur relation professionnelle. \u00ab Cette gamine,<br \/>\nj&rsquo;\u00e9tais parrain du premier <strong>Star Academy<\/strong> o\u00f9 elle<br \/>\n\u00e9tait \u00bb, a-t-il d\u00e9clar\u00e9 avec une certaine amertume. Il a<br \/>\n\u00e9galement r\u00e9v\u00e9l\u00e9 que la chanteuse l&rsquo;\u00e9vite syst\u00e9matiquement lors de<br \/>\nleurs rencontres sur les plateaux t\u00e9l\u00e9vis\u00e9s. \u00ab Je l&rsquo;ai vu une<br \/>\nfois, deux fois, trois fois, et je me suis dit : &lsquo;Oh toi, j&rsquo;ai<br \/>\ncompris&rsquo; \u00bb, a-t-il ajout\u00e9. En outre, cette franchise brutale<br \/>\ncontraste avec l&rsquo;attitude d&rsquo;autres artistes qu&rsquo;il appr\u00e9cie<br \/>\ndavantage. N\u00e9anmoins, ces r\u00e9v\u00e9lations d\u00e9voilent \u00e9galement d&rsquo;autres<br \/>\naspects plus surprenants de sa personnalit\u00e9.<\/p>\n<p>L&rsquo;incroyable anecdote sur le <strong>cannabis<\/strong> \u00e0<br \/>\nl&rsquo;<strong>\u00c9lys\u00e9e<\/strong><\/p>\n<p>Tout r\u00e9cemment, <strong>Florent Pagny<\/strong> a cr\u00e9\u00e9 la<br \/>\nsurprise en racontant <a href=\"https:\/\/www.melty.fr\/people\/invite-a-lelysee-florent-pagny-avoue-y-avoir-consomme-de-la-drogue-cetait-un-truc-de-gamin-2268536.html\" rel=\"nofollow noopener\" target=\"_blank\"><br \/>\nune histoire rocambolesque dans l&rsquo;\u00e9mission Legend<\/a>. L&rsquo;artiste a<br \/>\nd\u00e9voil\u00e9 sans d\u00e9tour avoir fum\u00e9 du <strong>cannabis<\/strong> dans<br \/>\nles couloirs du palais pr\u00e9sidentiel fran\u00e7ais. Cette confession<br \/>\naudacieuse remonte \u00e0 l&rsquo;\u00e9poque o\u00f9 <strong>Jacques Chirac<\/strong><br \/>\noccupait les lieux du pouvoir r\u00e9publicain.<\/p>\n<p>\u00ab J&rsquo;\u00e9tais un vrai fumeur, je fumais partout \u00bb, a-t-il<br \/>\nlanc\u00e9 avec un humour d\u00e9concertant \u00e0 Guillaume Pley. Il a ensuite<br \/>\nexpliqu\u00e9 son raisonnement pour le moins provocateur lors de ce<br \/>\nd\u00e9jeuner officiel. \u00ab \u00c9coute, finalement cet endroit est pay\u00e9<br \/>\npar le contribuable. J&rsquo;en suis un et je suis un peu \u00e0 la<br \/>\nmaison \u00bb, a-t-il pr\u00e9cis\u00e9. L&rsquo;\u00e9v\u00e9nement se d\u00e9roulait lors de<br \/>\nl&rsquo;anniversaire de Charles Aznavour et lui a valu trente ann\u00e9es<br \/>\nd&rsquo;absence. Cependant, cette transgression assum\u00e9e illustre le<br \/>\ncaract\u00e8re rebelle qui anime toujours le chanteur aujourd&rsquo;hui. Par<br \/>\nailleurs, cette facette iconoclaste contraste avec des moments plus<br \/>\ntendres de sa vie familiale.<\/p>\n<p>Un <strong>pull vintage<\/strong><br \/>\ntraverse les g\u00e9n\u00e9rations chez <strong>Florent Pagny<\/strong><\/p>\n<p><strong>Florent Pagny<\/strong> vient de transmettre \u00e0 sa fille<br \/>\n<strong>A\u00ebl<\/strong> un h\u00e9ritage vestimentaire charg\u00e9 de souvenirs<br \/>\net d&rsquo;histoire. Le mercredi 22 octobre 2025, la jeune femme a<br \/>\npartag\u00e9 sur Instagram des images \u00e9mouvantes de ce tr\u00e9sor. Elle a<br \/>\nd\u00e9voil\u00e9 une vid\u00e9o montrant son p\u00e8re bien plus jeune dans sa demeure<br \/>\nbourguignonne datant de 1995.<\/p>\n<blockquote class=\"instagram-media\" style=\"background: #ffffff;border: 0;margin: 1px;width: 100%;padding: 0;max-width: 500px;\" data-instgrm-permalink=\"https:\/\/www.instagram.com\/p\/DP_1jx1ij2T\/?\" data-instgrm-version=\"14\"\/>\n<p>Le c\u00e9l\u00e8bre coach de The Voice portait alors un pull noir orn\u00e9 de<br \/>\nfleurs roses et d&rsquo;imprim\u00e9s dor\u00e9s. Cette pi\u00e8ce<br \/>\n<strong>vintage<\/strong> accompagnait l&rsquo;enregistrement de l&rsquo;album \u00ab<br \/>\nBienvenue chez moi \u00bb sorti il y a exactement trente ans.<br \/>\nAujourd&rsquo;hui, <strong>A\u00ebl<\/strong> arbore fi\u00e8rement ce v\u00eatement en<br \/>\npleine nature avec un chapeau et des bottines<br \/>\n<strong>vintage<\/strong>. \u00ab Il m\u00e8ne une belle vie ce pull<br \/>\n\u00bb, a-t-elle sobrement comment\u00e9 sur son compte Instagram personnel.<br \/>\nEn d\u00e9finitive, ce geste symbolique t\u00e9moigne de la transmission<br \/>\naffective que privil\u00e9gie l&rsquo;artiste avec ses enfants. Cette pi\u00e8ce<br \/>\nvestimentaire repr\u00e9sente ainsi bien plus qu&rsquo;un simple accessoire de<br \/>\nmode pour la famille Pagny.<\/p>\n<p><script async src=\"\/\/www.instagram.com\/embed.js\"><\/script><\/p>\n","protected":false},"excerpt":{"rendered":"Les h\u00e9ritages artistiques prennent parfois des formes inattendues et touchantes dans le monde du spectacle. Entre souvenirs tangibles&hellip;\n","protected":false},"author":2,"featured_media":523369,"comment_status":"","ping_status":"","sticky":false,"template":"","format":"standard","meta":{"footnotes":""},"categories":[1355],"tags":[58,59,3109,1011,27,1361,873],"class_list":{"0":"post-523368","1":"post","2":"type-post","3":"status-publish","4":"format-standard","5":"has-post-thumbnail","7":"category-musique","8":"tag-divertissement","9":"tag-entertainment","10":"tag-florent-pagny","11":"tag-fr","12":"tag-france","13":"tag-music","14":"tag-musique"},"share_on_mastodon":{"url":"https:\/\/pubeurope.com\/@fr\/115521383620570779","error":""},"_links":{"self":[{"href":"https:\/\/www.europesays.com\/fr\/wp-json\/wp\/v2\/posts\/523368","targetHints":{"allow":["GET"]}}],"collection":[{"href":"https:\/\/www.europesays.com\/fr\/wp-json\/wp\/v2\/posts"}],"about":[{"href":"https:\/\/www.europesays.com\/fr\/wp-json\/wp\/v2\/types\/post"}],"author":[{"embeddable":true,"href":"https:\/\/www.europesays.com\/fr\/wp-json\/wp\/v2\/users\/2"}],"replies":[{"embeddable":true,"href":"https:\/\/www.europesays.com\/fr\/wp-json\/wp\/v2\/comments?post=523368"}],"version-history":[{"count":0,"href":"https:\/\/www.europesays.com\/fr\/wp-json\/wp\/v2\/posts\/523368\/revisions"}],"wp:featuredmedia":[{"embeddable":true,"href":"https:\/\/www.europesays.com\/fr\/wp-json\/wp\/v2\/media\/523369"}],"wp:attachment":[{"href":"https:\/\/www.europesays.com\/fr\/wp-json\/wp\/v2\/media?parent=523368"}],"wp:term":[{"taxonomy":"category","embeddable":true,"href":"https:\/\/www.europesays.com\/fr\/wp-json\/wp\/v2\/categories?post=523368"},{"taxonomy":"post_tag","embeddable":true,"href":"https:\/\/www.europesays.com\/fr\/wp-json\/wp\/v2\/tags?post=523368"}],"curies":[{"name":"wp","href":"https:\/\/api.w.org\/{rel}","templated":true}]}}