{"id":523370,"date":"2025-11-09T19:26:13","date_gmt":"2025-11-09T19:26:13","guid":{"rendered":"https:\/\/www.europesays.com\/fr\/523370\/"},"modified":"2025-11-09T19:26:13","modified_gmt":"2025-11-09T19:26:13","slug":"sully-lheroisme-et-ses-nuances-selon-clint-eastwood-telerama","status":"publish","type":"post","link":"https:\/\/www.europesays.com\/fr\/523370\/","title":{"rendered":"\u201cSully\u201d, l\u2019h\u00e9ro\u00efsme et ses nuances selon Clint Eastwood &#8211; T\u00e9l\u00e9rama"},"content":{"rendered":"<ol>\n<li><a href=\"https:\/\/news.google.com\/rss\/articles\/CBMipwFBVV95cUxOSS1reVU4TWpzMWFDSGtPSUg0NldHc2NINVlhTFVEODJvZ3dUY1ZTeGF2NDJrNTcxWm44TzFpd3dEejdEVUxQc3p6MHpwSkJrSEpIWkN4MVZTRVZMMVVxTC14bmJWb3FYcC1tT2loY2M0LVJ2Ym1zeDlaNFp6UnBHTUt0STZOMmVkWGtSU01hNWZibi1uSGF3UnQ4RW5QZHljY3g5U0pWSQ?oc=5\" target=\"_blank\" rel=\"nofollow noopener\">\u201cSully\u201d, l\u2019h\u00e9ro\u00efsme et ses nuances selon Clint Eastwood<\/a>&nbsp;&nbsp;T\u00e9l\u00e9rama<\/li>\n<li><a href=\"https:\/\/news.google.com\/rss\/articles\/CBMifkFVX3lxTE5vYUc2TDlEdXpxbjVXa192ZnpYR2hOYTNVS25IZzVFc1VfMFlKUVA1X0MtUTY0aDIwYy1HUmN6QkxjeFZ1UG9CN3VTMzFqYTAta0RyQkdPNEU0eFJST29DS3ZPYS1CZDJ2bHZ0Ukk3RGgxX2YtUHdYQVRrTUVVUQ?oc=5\" target=\"_blank\" rel=\"nofollow noopener\">Ce soir \u00e0 la t\u00e9l\u00e9 : not\u00e9 4,1 sur 5, ce film de Clint Eastwood adapte une histoire vraie \u00e0 peine croyable<\/a>&nbsp;&nbsp;AlloCin\u00e9<\/li>\n<li><a href=\"https:\/\/news.google.com\/rss\/articles\/CBMixAFBVV95cUxOSjktU3hzNG5ZUkZ6UWZtbWY5UU9xal92TW1SUTFKNjBkNlUwTmVsMkVSN2tmOV9wT0theXVybXBTeFpjUGQ0NHZKeUNBU01tUE1haXcwS2FqZHZVMllESWpTbl9QNFpRYnZ5TVJTLWZFTVVFQm9zZ0VzYk1KVkUzeWxnaDVpWi15bEJRcG9ZaUJERUR2OW5OYkJjYkdxdy1xaGhlQXcwYjVhWERselVjZjJzeU5GZnU2U3M2ajF5blcyenZ6?oc=5\" target=\"_blank\" rel=\"nofollow noopener\">Sully : Le malaise auquel a d\u00fb faire face Clint Eastwood pour la sortie du film<\/a>&nbsp;&nbsp;programme-tv.net<\/li>\n<li><a href=\"https:\/\/news.google.com\/rss\/articles\/CBMi1gFBVV95cUxQWGhEdGdOVFJaZTNpVzRER0NZVXFlTG5wRjVEbmNKTUxoM2hwVkJETGhwZ0UyZkNwZ2liZ01QNE5GazdfbWY1NmpkbkJtZzlCZDdvcHBWR1BxRWJ0dXEyMkEwdUlUak5OX01Zd09IYVNsSzZLaFdhTUhRNjJFSzU5c21lekVWeWN3QTkxV2ZMSzJTQUoxZ3hzOFYyQW5YVGhUV25Gc09mTU5zdFZVdmlrR09hNlpYUlFSTG9SNW1fVFJXWk5SM3ZXUkdXX0xja0ZmVWowVG5n?oc=5\" target=\"_blank\" rel=\"nofollow noopener\">Sully : Que pense le pilote qui a sauv\u00e9 155 personnes d&rsquo;un crash d&rsquo;avion du film inspir\u00e9 de sa vie ?<\/a>&nbsp;&nbsp;CesoirTV<\/li>\n<li><a href=\"https:\/\/news.google.com\/rss\/articles\/CBMiakFVX3lxTE5lMWw1Ri1uaXd4YjBUanE2NlB4NkI2VHJXMWpNdzhYM2JsNnBIOVF2UGZPTG93M3ZRckl3c3ZPd3NjcE9OVHBfM3FadEtkRHhDa1d1d1lfMzZsazgtOUdVRUYydktFOU9kMUE?oc=5\" target=\"_blank\" rel=\"nofollow noopener\">\u201cSully\u201d : Tom Hanks en un pilote d\u2019avion h\u00e9ro\u00efque ce soir sur ARTE<\/a>&nbsp;&nbsp;Bulles de Culture<\/li>\n<\/ol>\n","protected":false},"excerpt":{"rendered":"\u201cSully\u201d, l\u2019h\u00e9ro\u00efsme et ses nuances selon Clint Eastwood&nbsp;&nbsp;T\u00e9l\u00e9rama Ce soir \u00e0 la t\u00e9l\u00e9 : not\u00e9 4,1 sur 5,&hellip;\n","protected":false},"author":2,"featured_media":523371,"comment_status":"","ping_status":"","sticky":false,"template":"","format":"standard","meta":{"footnotes":""},"categories":[1354],"tags":[58,59,1346,1011,27,1360],"class_list":{"0":"post-523370","1":"post","2":"type-post","3":"status-publish","4":"format-standard","5":"has-post-thumbnail","7":"category-films","8":"tag-divertissement","9":"tag-entertainment","10":"tag-films","11":"tag-fr","12":"tag-france","13":"tag-movies"},"share_on_mastodon":{"url":"https:\/\/pubeurope.com\/@fr\/115521387708596234","error":""},"_links":{"self":[{"href":"https:\/\/www.europesays.com\/fr\/wp-json\/wp\/v2\/posts\/523370","targetHints":{"allow":["GET"]}}],"collection":[{"href":"https:\/\/www.europesays.com\/fr\/wp-json\/wp\/v2\/posts"}],"about":[{"href":"https:\/\/www.europesays.com\/fr\/wp-json\/wp\/v2\/types\/post"}],"author":[{"embeddable":true,"href":"https:\/\/www.europesays.com\/fr\/wp-json\/wp\/v2\/users\/2"}],"replies":[{"embeddable":true,"href":"https:\/\/www.europesays.com\/fr\/wp-json\/wp\/v2\/comments?post=523370"}],"version-history":[{"count":0,"href":"https:\/\/www.europesays.com\/fr\/wp-json\/wp\/v2\/posts\/523370\/revisions"}],"wp:featuredmedia":[{"embeddable":true,"href":"https:\/\/www.europesays.com\/fr\/wp-json\/wp\/v2\/media\/523371"}],"wp:attachment":[{"href":"https:\/\/www.europesays.com\/fr\/wp-json\/wp\/v2\/media?parent=523370"}],"wp:term":[{"taxonomy":"category","embeddable":true,"href":"https:\/\/www.europesays.com\/fr\/wp-json\/wp\/v2\/categories?post=523370"},{"taxonomy":"post_tag","embeddable":true,"href":"https:\/\/www.europesays.com\/fr\/wp-json\/wp\/v2\/tags?post=523370"}],"curies":[{"name":"wp","href":"https:\/\/api.w.org\/{rel}","templated":true}]}}