{"id":5234,"date":"2025-04-06T12:14:11","date_gmt":"2025-04-06T12:14:11","guid":{"rendered":"https:\/\/www.europesays.com\/fr\/5234\/"},"modified":"2025-04-06T12:14:11","modified_gmt":"2025-04-06T12:14:11","slug":"previsions-du-dimanche-6-avril-2025-5","status":"publish","type":"post","link":"https:\/\/www.europesays.com\/fr\/5234\/","title":{"rendered":"pr\u00e9visions du dimanche 6 avril 2025"},"content":{"rendered":"<p>Lyon va \u00eatre baign\u00e9e de soleil au cours de cette journ\u00e9e. Le mercure affichera 14\u00b0C en moyenne. Une l\u00e9g\u00e8re brise de nord soufflera au cours de la matin\u00e9e. Les temp\u00e9ratures vont enregistrer une hausse de quelques degr\u00e9s durant l&rsquo;apr\u00e8s-midi. Les maximales iront jusqu&rsquo;\u00e0 19\u00b0C alors que les minimales seront de 16\u00b0C. Un vent de nord-ouest est attendu : il soufflera \u00e0 21 km\/h. On passera de dimanche \u00e0 lundi par une nuit claire.<\/p>\n<p>Un bel ensoleillement est pr\u00e9vu demain \u00e0 Lyon. Le mercure va baisser de quelques degr\u00e9s. On anticipe des temp\u00e9ratures d&rsquo;environ 10\u00b0C. Le matin, un petit vent de nord-est sera ressenti par les habitants. Les temp\u00e9ratures vont monter pendant l&rsquo;apr\u00e8s-midi de plusieurs degr\u00e9s. Les valeurs seront comprises entre 14 et 16\u00b0C. Il va faire 10\u00b0C en moyenne demain soir. Une brise de nord-ouest soufflera l\u00e9g\u00e8rement.<\/p>\n<p>Les jours se suivent et ne changent pas. Des temp\u00e9ratures dans les 11\u00b0C accompagneront un ciel ensoleill\u00e9.<\/p>\n<p><\/p>\n","protected":false},"excerpt":{"rendered":"Lyon va \u00eatre baign\u00e9e de soleil au cours de cette journ\u00e9e. Le mercure affichera 14\u00b0C en moyenne. Une&hellip;\n","protected":false},"author":2,"featured_media":5235,"comment_status":"","ping_status":"","sticky":false,"template":"","format":"standard","meta":{"footnotes":""},"categories":[1889],"tags":[1111,11,2430,1777,674,1011,27,2428,12,2119,25,2429,2431],"class_list":{"0":"post-5234","1":"post","2":"type-post","3":"status-publish","4":"format-standard","5":"has-post-thumbnail","7":"category-lyon","8":"tag-actu","9":"tag-actualites","10":"tag-auvergne-rhone-alpes","11":"tag-eu","12":"tag-europe","13":"tag-fr","14":"tag-france","15":"tag-lyon","16":"tag-news","17":"tag-previsions-meteo","18":"tag-republique-francaise","19":"tag-rhone","20":"tag-rhone-alpes"},"share_on_mastodon":{"url":"https:\/\/pubeurope.com\/@fr\/114290967497442261","error":""},"_links":{"self":[{"href":"https:\/\/www.europesays.com\/fr\/wp-json\/wp\/v2\/posts\/5234","targetHints":{"allow":["GET"]}}],"collection":[{"href":"https:\/\/www.europesays.com\/fr\/wp-json\/wp\/v2\/posts"}],"about":[{"href":"https:\/\/www.europesays.com\/fr\/wp-json\/wp\/v2\/types\/post"}],"author":[{"embeddable":true,"href":"https:\/\/www.europesays.com\/fr\/wp-json\/wp\/v2\/users\/2"}],"replies":[{"embeddable":true,"href":"https:\/\/www.europesays.com\/fr\/wp-json\/wp\/v2\/comments?post=5234"}],"version-history":[{"count":0,"href":"https:\/\/www.europesays.com\/fr\/wp-json\/wp\/v2\/posts\/5234\/revisions"}],"wp:featuredmedia":[{"embeddable":true,"href":"https:\/\/www.europesays.com\/fr\/wp-json\/wp\/v2\/media\/5235"}],"wp:attachment":[{"href":"https:\/\/www.europesays.com\/fr\/wp-json\/wp\/v2\/media?parent=5234"}],"wp:term":[{"taxonomy":"category","embeddable":true,"href":"https:\/\/www.europesays.com\/fr\/wp-json\/wp\/v2\/categories?post=5234"},{"taxonomy":"post_tag","embeddable":true,"href":"https:\/\/www.europesays.com\/fr\/wp-json\/wp\/v2\/tags?post=5234"}],"curies":[{"name":"wp","href":"https:\/\/api.w.org\/{rel}","templated":true}]}}