{"id":523401,"date":"2025-11-09T19:43:11","date_gmt":"2025-11-09T19:43:11","guid":{"rendered":"https:\/\/www.europesays.com\/fr\/523401\/"},"modified":"2025-11-09T19:43:11","modified_gmt":"2025-11-09T19:43:11","slug":"sous-la-voute-du-carre-sainte-anne-larbre-de-jr-sepanouit-de-45-000-mains","status":"publish","type":"post","link":"https:\/\/www.europesays.com\/fr\/523401\/","title":{"rendered":"sous la vo\u00fbte du Carr\u00e9 Sainte-Anne, l&rsquo;arbre de JR s&rsquo;\u00e9panouit de 45 000 mains"},"content":{"rendered":"<p>            Par<br \/>\n        <strong><br \/>\n            <a href=\"https:\/\/actu.fr\/auteur\/c-nithard\" title=\"Consulter tous les articles de C\u00e9dric Nithard\" target=\"_blank\" rel=\"noopener\">C\u00e9dric Nithard<\/a><br \/>\n        <\/strong><\/p>\n<p>        Publi\u00e9 le<\/p>\n<p>            9 nov. 2025 \u00e0 20h30        <\/p>\n<p>Depuis le 27 juin, <strong>l\u2019exposition \u00ab\u00a0Adventice\u00a0\u00bb de JR<\/strong> marque <strong>la r\u00e9ouverture du Carr\u00e9 Sainte-Anne<\/strong> \u00e0 <strong>Montpellier<\/strong>. L\u2019artiste fran\u00e7ais \u00e0 la renomm\u00e9e internationale a imagin\u00e9 <strong>une oeuvre monumentale participative<\/strong>, accompagn\u00e9e de quelques toiles, sp\u00e9cialement pour les lieux. L\u2019exposition rencontrant <strong>un v\u00e9ritable succ\u00e8s<\/strong>, celle-ci est prolong\u00e9e jusqu\u2019au 4 janvier 2026.<\/p>\n<p>Une oeuvre participative<\/p>\n<p class=\" wall-content\"><a href=\"https:\/\/actu.fr\/occitanie\/montpellier_34172\/montpellier-dedie-a-l-art-contemporain-le-carre-sainte-anne-rouvrira-fin-2024_59301504.html\" target=\"_blank\" rel=\"noopener\">Apr\u00e8s sept ans de fermeture consacr\u00e9s \u00e0 une restauration en profondeur n\u00e9cessaire<\/a>, le Carr\u00e9 Sainte-Anne s\u2019est r\u00e9v\u00e9l\u00e9e au public de la plus belle des mani\u00e8res. Durant un mois, <a href=\"https:\/\/actu.fr\/occitanie\/montpellier_34172\/en-images-montpellier-le-carre-sainte-anne-ouvre-a-nouveau-ses-portes-huit-ans-apres-les-avoir-fermees_62698151.html\" target=\"_blank\" rel=\"noopener\">les corps de m\u00e9tiers ayant oeuvr\u00e9 \u00e0 redonner tout son \u00e9clat<\/a> et surtout s\u00e9curiser cette \u00e9glise n\u00e9ogothique du XIXe si\u00e8cle, d\u00e9sacralis\u00e9e dans les ann\u00e9es 80 pour devenir un lieu d\u2019art en 1991, ont d\u2019abord \u00e9t\u00e9 mis \u00e0 l\u2019honneur avant de donner carte blanche \u00e0 l\u2019artiste JR.<\/p>\n<p class=\" wall-content\">Pour cette exposition inaugurale, <a href=\"https:\/\/actu.fr\/occitanie\/montpellier_34172\/montpellier-participez-a-l-oeuvre-collective-de-jr-pour-la-reouverture-du-carre-sainte-anne_62369275.html\" target=\"_blank\" rel=\"noopener\">ce dernier avait lanc\u00e9 un appel \u00e0 participation aux Montpelli\u00e9rains pour cr\u00e9er une oeuvre collective<\/a> : un arbre de vie dont le feuillage est compos\u00e9 des photocopies des mains des participants. Sur place, une photocopieuse permet \u00e9galement aux visiteurs de laisser leur empreinte. Et depuis les premiers jours, les branches se sont bien garnies. \u00c0 la mi-octobre, 45 000 personnes avaient ainsi contribuer \u00e0 construire l\u2019arbre g\u00e9ant, pi\u00e8ce principale de l\u2019exposition c\u00e9l\u00e9brant la diversit\u00e9.<\/p>\n<p>    <a href=\"https:\/\/www.google.com\/maps\/embed?pb=!1m18!1m12!1m3!1d5777.641108909555!2d3.8718694757939573!3d43.61027777110422!2m3!1f0!2f0!3f0!3m2!1i1024!2i768!4f13.1!3m3!1m2!1s0x12b6afa81f7725d3%3A0x707c7afdd8de15e4!2sCarr%C3%A9%20Sainte%20Anne!5e0!3m2!1sfr!2sfr!4v1761903532223!5m2!1sfr!2sfr\" title=\"Ouvrie le lien\" target=\"_blank\" rel=\"noopener\">Cliquez ici pour visualiser le contenu<\/a><\/p>\n<p class=\" wall-content\">Une oeuvre onirique, s\u2019\u00e9panouissant dans un Carr\u00e9 Sainte-Anne \u00e9clatant, qui a d\u00e9j\u00e0 conquis 220 000 visiteurs. Face \u00e0 ce succ\u00e8s, l\u2019exposition, pr\u00e9vue initialement jusqu\u2019au 7 d\u00e9cembre, est logiquement prolong\u00e9 jusqu\u2019au 4 janvier 2026 pour pouvoir en profiter jusqu\u2019au 4 janvier 2026. Enfin, des visites nocturnes pourraient \u00eatre propos\u00e9es pendant <a href=\"https:\/\/actu.fr\/occitanie\/montpellier_34172\/montpellier-coeur-de-ville-en-lumieres-une-10e-edition-prete-a-briller-de-mille-feux_63324677.html\" target=\"_blank\" rel=\"noopener\">C\u0153ur de Ville en Lumi\u00e8res<\/a>.<\/p>\n<p>Vid\u00e9os : en ce moment sur ActuDu mardi au dimanche de 10h \u00e0 13h et de 14h \u00e0 18h. Entr\u00e9e libre. Visites guid\u00e9es : vendredi \u00e0 16h, samedi et dimanche \u00e0 11h et 16h. Visites familles : mercredi et dimanche \u00e0 11h et 15h. Plus de renseignements sur <a href=\"https:\/\/www.montpellier.fr\/vie-quotidienne\/vivre-ici\/se-cultiver\/expositions-et-musees\/carre-sainte-anne#\/search@43.6101460,3.8746210,15.00\" target=\"_blank\" rel=\"noopener\">montpellier.fr<\/a>.<\/p>\n<p class=\" wall-content\">Personnalisez votre actualit\u00e9 en ajoutant vos villes et m\u00e9dias en favori avec <a href=\"https:\/\/moncompte.actu.fr\" title=\"D\u00e9couvez Mon Actu\" rel=\"nofollow noopener\" data-trk=\"{&quot;cta&quot;:{&quot;action&quot;:&quot;https:\\\/\\\/moncompte.actu.fr&quot;,&quot;category&quot;:&quot;mon compte&quot;,&quot;from&quot;:&quot;article footer&quot;,&quot;name&quot;:&quot;Mon actu&quot;,&quot;type&quot;:&quot;cta&quot;}}\" target=\"_blank\">Mon Actu<\/a>.<\/p>\n","protected":false},"excerpt":{"rendered":"Par C\u00e9dric Nithard Publi\u00e9 le 9 nov. 2025 \u00e0 20h30 Depuis le 27 juin, l\u2019exposition \u00ab\u00a0Adventice\u00a0\u00bb de JR&hellip;\n","protected":false},"author":2,"featured_media":523402,"comment_status":"","ping_status":"","sticky":false,"template":"","format":"standard","meta":{"footnotes":""},"categories":[9599],"tags":[1111,11,1777,674,1011,27,1652,2208,12,2680,25],"class_list":{"0":"post-523401","1":"post","2":"type-post","3":"status-publish","4":"format-standard","5":"has-post-thumbnail","7":"category-montpellier","8":"tag-actu","9":"tag-actualites","10":"tag-eu","11":"tag-europe","12":"tag-fr","13":"tag-france","14":"tag-loisirs-culture","15":"tag-montpellier","16":"tag-news","17":"tag-occitanie","18":"tag-republique-francaise"},"share_on_mastodon":{"url":"https:\/\/pubeurope.com\/@fr\/115521454510275295","error":""},"_links":{"self":[{"href":"https:\/\/www.europesays.com\/fr\/wp-json\/wp\/v2\/posts\/523401","targetHints":{"allow":["GET"]}}],"collection":[{"href":"https:\/\/www.europesays.com\/fr\/wp-json\/wp\/v2\/posts"}],"about":[{"href":"https:\/\/www.europesays.com\/fr\/wp-json\/wp\/v2\/types\/post"}],"author":[{"embeddable":true,"href":"https:\/\/www.europesays.com\/fr\/wp-json\/wp\/v2\/users\/2"}],"replies":[{"embeddable":true,"href":"https:\/\/www.europesays.com\/fr\/wp-json\/wp\/v2\/comments?post=523401"}],"version-history":[{"count":0,"href":"https:\/\/www.europesays.com\/fr\/wp-json\/wp\/v2\/posts\/523401\/revisions"}],"wp:featuredmedia":[{"embeddable":true,"href":"https:\/\/www.europesays.com\/fr\/wp-json\/wp\/v2\/media\/523402"}],"wp:attachment":[{"href":"https:\/\/www.europesays.com\/fr\/wp-json\/wp\/v2\/media?parent=523401"}],"wp:term":[{"taxonomy":"category","embeddable":true,"href":"https:\/\/www.europesays.com\/fr\/wp-json\/wp\/v2\/categories?post=523401"},{"taxonomy":"post_tag","embeddable":true,"href":"https:\/\/www.europesays.com\/fr\/wp-json\/wp\/v2\/tags?post=523401"}],"curies":[{"name":"wp","href":"https:\/\/api.w.org\/{rel}","templated":true}]}}