{"id":523413,"date":"2025-11-09T19:51:01","date_gmt":"2025-11-09T19:51:01","guid":{"rendered":"https:\/\/www.europesays.com\/fr\/523413\/"},"modified":"2025-11-09T19:51:01","modified_gmt":"2025-11-09T19:51:01","slug":"strasbourg-linsoumis-florian-kobryn-a-devoile-son-programme","status":"publish","type":"post","link":"https:\/\/www.europesays.com\/fr\/523413\/","title":{"rendered":"Strasbourg. L&rsquo;Insoumis Florian Kobryn a d\u00e9voil\u00e9 son programme"},"content":{"rendered":"<p class=\"wp-block-post-excerpt__excerpt\">Florian Kobryn, candidat de La France insoumise \u00e0 Strasbourg, a pr\u00e9sent\u00e9 jeudi son programme pour les \u00e9lections municipales. Il promet une campagne participative avec un programme de 400 mesures et un ton d\u00e9j\u00e0 bien offensif. <\/p>\n<p class=\"font-sans\">\n\t\t\tCet article est en acc\u00e8s libre. Pour soutenir Rue89 Strasbourg,<br \/>\n\t\t\t<a class=\"underline\" href=\"https:\/\/www.rue89strasbourg.com\/abonnement\" target=\"_blank\" rel=\"noopener\">abonnez-vous<\/a>.\n\t\t<\/p>\n<p>Eva Chibane<\/p>\n<p>Publi\u00e9 le 6 novembre 2025\u00a0\u00a0\u00b7\u00a0\u00a0<\/p>\n<p>Imprim\u00e9 le 9 novembre 2025 \u00e0 20h48\u00a0\u00a0\u00b7\u00a0\u00a0<\/p>\n<p>Modifi\u00e9 le 6 novembre 2025\u00a0\u00a0\u00b7\u00a0\u00a0<\/p>\n<p>\t\t\t\t\t4\u00a0minutes\n<\/p>\n<p class=\"has-drop-cap\">Florian Kobryn, candidat de La France insoumise (LFI) pour les \u00e9lections municipales de mars 2026, a pr\u00e9sent\u00e9 le programme de son mouvement jeudi 6 novembre. \u00c0 ses c\u00f4t\u00e9s, <a href=\"https:\/\/www.rue89strasbourg.com\/florian-kobryn-halima-meneceur-la-france-insoumise-strasbourg-363716\" target=\"_blank\" rel=\"noreferrer noopener\">Halima Meneceur<\/a>, co-t\u00eate de liste et fondatrice du groupe d\u2019action LFI \u00e0 Hautepierre, Benjamin Kuntz, Lisa Farault, <a href=\"https:\/\/www.rue89strasbourg.com\/la-france-insoumise-strasbourg-2026-345577\" target=\"_blank\" rel=\"noreferrer noopener\">les anciens \u00ab\u00a0chefs de file\u00a0\u00bb<\/a> et Victor L., coordinateur du programme, qui pr\u00e9f\u00e8re taire son nom de famille pour pr\u00e9server son employabilit\u00e9.<\/p>\n<p>Rendez-vous a \u00e9t\u00e9 donn\u00e9 au caf\u00e9 Romulus, \u00e0 l\u2019Esplanade. \u00ab\u00a0C\u2019est un quartier populaire et \u00e9tudiant\u00a0\u00bb, souligne Florian Kobryn, \u00e9galement <a href=\"https:\/\/www.rue89strasbourg.com\/florian-kobryn-france-insoumise-346369\" target=\"_blank\" rel=\"noreferrer noopener\">conseiller d\u00e9partemental d\u2019opposition<\/a> \u00e0 la Collectivit\u00e9 europ\u00e9enne d\u2019Alsace. Deux publics que le candidat juge \u00ab\u00a0oubli\u00e9s par la municipalit\u00e9\u00a0\u00bb.<\/p>\n<p>Telle une dissertation bien ficel\u00e9e, la conf\u00e9rence de presse s\u2019est d\u00e9roul\u00e9e en trois temps. Chacun sa sous-partie, chacun son argumentaire, pour d\u00e9rouler un programme de 400 mesures, imagin\u00e9 par une cinquantaine de militants venus de \u00ab\u00a0tous horizons\u00a0\u00bb apr\u00e8s les \u00e9lections europ\u00e9ennes et les \u00e9lections l\u00e9gislatives anticip\u00e9es de juin 2024.<\/p>\n<p>\u00ab\u00a0On a lanc\u00e9 un appel pour construire un programme. Nous avons des personnes plus ou moins politiques et plus ou moins comp\u00e9tentes\u00a0\u00bb, raconte Victor, le coordinateur. Le tout sous une devise\u00a0: \u00ab\u00a0Convaincre\u2026 et se laisser convaincre.\u00a0\u00bb Se laisser convaincre car \u00ab\u00a0on a pu se tromper dans le programme, conc\u00e8de \u00e9tonnement Victor. Par exemple, il y aura peut-\u00eatre des comp\u00e9tences qu\u2019on a attribu\u00e9es \u00e0 la Ville qui rel\u00e8vent plut\u00f4t du D\u00e9partement.\u00a0\u00bb Florian Kobryn l\u2019assume : \u00ab\u00a0Notre d\u00e9marche est celle de l\u2019\u00e9ducation populaire. On s\u2019est entour\u00e9 de gens motiv\u00e9s, qui ont beaucoup \u00e0 apprendre.\u00a0\u00bb Si la liste pr\u00e9sente d\u00e9j\u00e0 des mesures, elle explique que son programme va encore s\u2019affiner pour devenir exclusivement de comp\u00e9tence municipale.<\/p>\n<p>Eau, r\u00e9f\u00e9rendum et op\u00e9ra au programme<\/p>\n<p>Le <a href=\"https:\/\/www.kobryn2026.eu\/programme.html\" target=\"_blank\" rel=\"noreferrer noopener\">programme est structur\u00e9 en quinze livrets th\u00e9matiques<\/a> \u2014 culture, sport, politiques publiques\u2026 Certaines veulent marquer les esprits : gratuit\u00e9 des transports pour les moins de 25 ans, des 30 premiers m\u00e8tres cubes d\u2019eau pour tous les foyers, ou encore l\u2019interdiction progressive des panneaux publicitaires. Et pour frapper un grand coup symbolique, l\u2019\u00e9quipe s\u2019attaque \u00e0 l\u2019Op\u00e9ra du Rhin. \u00ab\u00a0La r\u00e9novation doit \u00eatre l\u2019occasion de repenser cet outil et de sortir de la course au gigantisme\u00a0\u00bb, assure Florian Kobryn, sans en dire davantage. Le candidat est d\u2019ailleurs responsable des ateliers de construction des d\u00e9cors du Th\u00e9\u00e2tre national de Strasbourg (TNS).<\/p>\n<p>Sur le plan d\u00e9mocratique, LFI veut introduire de nouveaux outils\u00a0: <a href=\"https:\/\/www.assemblee-nationale.fr\/dyn\/17\/textes\/l17b0313_proposition-loi\" target=\"_blank\" rel=\"noreferrer noopener\">un r\u00e9f\u00e9rendum r\u00e9vocatoire<\/a> pour d\u00e9mettre un \u00e9lu si 20 % du corps \u00e9lectoral le demande, et un r\u00e9f\u00e9rendum d\u2019initiative locale. Autre mesure phare annonc\u00e9e\u00a0: la d\u00e9livrance d\u2019un r\u00e9c\u00e9piss\u00e9 \u00e0 chaque contr\u00f4le policier, qu\u2019il soit national ou municipal, pour lutter contre les discriminations.<\/p>\n<p>\t\tStationnement, gare au SUV<\/p>\n<p>Les propositions s\u2019encha\u00eenent\u00a0: un mode de garde d\u2019enfants assur\u00e9 pour les parents, un encadrement des loyers, un contr\u00f4le accru des d\u00e9l\u00e9gations de service public, une \u00ab\u00a0maison des livreurs\u00a0\u00bb pour accompagner les travailleurs ub\u00e9ris\u00e9s, ou encore le maintien de la \u00ab\u00a0salle de consommation \u00e0 moindre risque\u00a0\u00bb. Un point commun avec la maire actuelle, Jeanne Barseghian <a href=\"https:\/\/www.rue89strasbourg.com\/halte-soins-addictions-maire-strasbourg-premier-ministre-365578\" target=\"_blank\" rel=\"noreferrer noopener\">(lire notre article)<\/a>.<\/p>\n<p>\u00ab\u00a0Strasbourg doit \u00eatre une ville qui prend soin de tout le monde\u00a0\u00bb, mart\u00e8le l\u2019Insoumis. La liste s\u2019aventure aussi sur le terrain international\u00a0: elle r\u00e9clame la suspension du jumelage entre Strasbourg et la ville isra\u00e9lienne de Ramat Gan, pour d\u00e9noncer \u00ab\u00a0le g\u00e9nocide \u00e0 Gaza\u00a0\u00bb.<\/p>\n<p>Et puis, il y a le stationnement, grand classique des campagnes municipales. Alors que Pierre Jakubowicz (Horizons) proposait, au conseil municipal du 3 novembre, un forfait universel de 15 euros pour les salari\u00e9s et professionnels, Florian Kobryn contre-attaque avec un syst\u00e8me par tranches de revenus\u00a0: gratuit\u00e9 pour les m\u00e9nages les plus pr\u00e9caires, tarif doubl\u00e9 pour les propri\u00e9taires de SUV. \u00ab\u00a0On ne peut pas faire de transformation \u00e9cologique sans justice sociale. Aujourd\u2019hui, le stationnement n\u2019est pas juste\u00a0: il ne s\u2019attaque pas aux gros pollueurs\u00a0\u00bb, d\u00e9fend le candidat.<\/p>\n<p><img loading=\"lazy\" decoding=\"async\" width=\"792\" height=\"594\" src=\"https:\/\/www.europesays.com\/fr\/wp-content\/uploads\/2025\/11\/54905945665-1d43928a2f-o-792x594.jpg\" alt=\"\" class=\"wp-image-365810\"  \/> L\u2019\u00e9quipe de campagne de Florian Kobryn (Victor L, Lisa Farault, Halima Meneceur, et Benjamin Kuntz).Photo\u00a0: Eva Chibane \/ Rue89 Strasbourg \/ cc<\/p>\n<blockquote class=\"wp-block-pullquote\" id=\"quote-124426\">\n<p>\u00ab\u00a0Nous sommes les seuls \u00e0 pr\u00e9senter un programme de cette ampleur\u00a0\u00bb<\/p>\n<p>Florian Kobryn, candidat LFI aux \u00e9lections municipales<\/p><\/blockquote>\n<p>Florian Kobryn sait toutefois que le terrain local n\u2019a jamais souri \u00e0 LFI. En 2024, le parti a d\u00e9croch\u00e9 21,28% des voix aux \u00e9lections europ\u00e9ennes \u00e0 Strasbourg, mais aux municipales de 2020, la liste men\u00e9e par Kevin Loquais avait plafonn\u00e9 \u00e0 3,24%, loin derri\u00e8re l\u2019alliance citoyenne et des \u00c9cologistes. \u00ab\u00a0En 2020, on \u00e9tait encore des b\u00e9b\u00e9s, le parti \u00e9tait jeune. L\u00e0, nous sommes des adultes avec une force militante importante\u00a0\u00bb, sourit Halima Meneceur. La candidate veut croire que le vent tourne. L\u2019\u00e9lection d\u2019Emmanuel Fernandes comme d\u00e9put\u00e9 LFI en 2022 et le mandat d\u00e9partemental de Florian Kobryn auraient renforc\u00e9 l\u2019ancrage local d\u2019apr\u00e8s le candidat\u00a0:<\/p>\n<blockquote class=\"wp-block-quote is-layout-flow wp-block-quote-is-layout-flow\">\n<p>\u00ab\u00a0Avec les r\u00e9sultats nationaux, il \u00e9tait de notre responsabilit\u00e9 de proposer une offre politique \u00e0 ce scrutin local. Nous sommes les seuls \u00e0 pr\u00e9senter un programme politique de cette ampleur. Personne n\u2019a un projet aussi complet \u00e0 proposer aux habitants.\u00a0\u00bb<\/p>\n<\/blockquote>\n<p>Le tractage a d\u00e9j\u00e0 commenc\u00e9\u00a0et 45 actions de campagne sont pr\u00e9vues en novembre. Le 24, un \u00ab\u00a0parlement populaire\u00a0\u00bb est annonc\u00e9 au centre socioculturel de Hautepierre avec sept th\u00e9matiques et des temps d\u2019\u00e9changes. Le programme, malgr\u00e9 ses 400 mesures, reste \u00e9volutif, assure le mouvement. <\/p>\n<p>Aller <strong>plus loin<\/strong><\/p>\n","protected":false},"excerpt":{"rendered":"Florian Kobryn, candidat de La France insoumise \u00e0 Strasbourg, a pr\u00e9sent\u00e9 jeudi son programme pour les \u00e9lections municipales.&hellip;\n","protected":false},"author":2,"featured_media":523414,"comment_status":"","ping_status":"","sticky":false,"template":"","format":"standard","meta":{"footnotes":""},"categories":[2820],"tags":[1111,11,2761,1777,674,3678,1011,27,775,2338,12,316,25,640],"class_list":{"0":"post-523413","1":"post","2":"type-post","3":"status-publish","4":"format-standard","5":"has-post-thumbnail","7":"category-strasbourg","8":"tag-actu","9":"tag-actualites","10":"tag-elections-municipales-2026","11":"tag-eu","12":"tag-europe","13":"tag-florian-kobryn","14":"tag-fr","15":"tag-france","16":"tag-grand-est","17":"tag-la-france-insoumise","18":"tag-news","19":"tag-politique","20":"tag-republique-francaise","21":"tag-strasbourg"},"share_on_mastodon":{"url":"https:\/\/pubeurope.com\/@fr\/115521486478918209","error":""},"_links":{"self":[{"href":"https:\/\/www.europesays.com\/fr\/wp-json\/wp\/v2\/posts\/523413","targetHints":{"allow":["GET"]}}],"collection":[{"href":"https:\/\/www.europesays.com\/fr\/wp-json\/wp\/v2\/posts"}],"about":[{"href":"https:\/\/www.europesays.com\/fr\/wp-json\/wp\/v2\/types\/post"}],"author":[{"embeddable":true,"href":"https:\/\/www.europesays.com\/fr\/wp-json\/wp\/v2\/users\/2"}],"replies":[{"embeddable":true,"href":"https:\/\/www.europesays.com\/fr\/wp-json\/wp\/v2\/comments?post=523413"}],"version-history":[{"count":0,"href":"https:\/\/www.europesays.com\/fr\/wp-json\/wp\/v2\/posts\/523413\/revisions"}],"wp:featuredmedia":[{"embeddable":true,"href":"https:\/\/www.europesays.com\/fr\/wp-json\/wp\/v2\/media\/523414"}],"wp:attachment":[{"href":"https:\/\/www.europesays.com\/fr\/wp-json\/wp\/v2\/media?parent=523413"}],"wp:term":[{"taxonomy":"category","embeddable":true,"href":"https:\/\/www.europesays.com\/fr\/wp-json\/wp\/v2\/categories?post=523413"},{"taxonomy":"post_tag","embeddable":true,"href":"https:\/\/www.europesays.com\/fr\/wp-json\/wp\/v2\/tags?post=523413"}],"curies":[{"name":"wp","href":"https:\/\/api.w.org\/{rel}","templated":true}]}}