{"id":523415,"date":"2025-11-09T19:52:13","date_gmt":"2025-11-09T19:52:13","guid":{"rendered":"https:\/\/www.europesays.com\/fr\/523415\/"},"modified":"2025-11-09T19:52:13","modified_gmt":"2025-11-09T19:52:13","slug":"ligue-1-un-diesel-qui-a-bien-carbure-les-notes-de-racing-club-de-strasbourg","status":"publish","type":"post","link":"https:\/\/www.europesays.com\/fr\/523415\/","title":{"rendered":"Ligue 1. Un diesel qui a bien carbur\u00e9\u00a0: les notes de Racing club de Strasbourg"},"content":{"rendered":"<p>En plus de faire tourner son effectif, <a href=\"https:\/\/www.dna.fr\/p\/liam-rosenior\" target=\"_blank\" rel=\"noopener\">Liam Rosenior<\/a> avait aussi choisi de changer de syst\u00e8me de jeu en optant pour un 4-4-2 afin d\u2019associer ses deux pointes, Joaquin Panichelli et Emmanuel Emegha. Apr\u00e8s un petit quart d\u2019heure de t\u00e2tonnement, les pi\u00e8ces du puzzle ont fini par s\u2019imbriquer. Et cette fois-ci, apr\u00e8s avoir ouvert le score, le Racing a su conserver le gain des trois points face \u00e0 un \u201cgros\u201d du championnat.<\/p>\n<p>Penders 6<\/p>\n<p>D\u2019entr\u00e9e, il a pu se chauffer les gants sur une frappe dans la niche sign\u00e9e Haraldsson. Sollicit\u00e9 \u00e0 la relance, il a bien tenu son r\u00f4le. En revanche, sa mauvaise appr\u00e9ciation sur un corner de Perraud a failli lui co\u00fbter cher mais le portier belge s\u2019est bien rattrap\u00e9 en d\u00e9viant sur son poteau la t\u00eate de Ngoy. Averti pour avoir mis trop de temps \u00e0 tirer un six-m\u00e8tres (80e ), il a bien g\u00e9r\u00e9 les centres nordistes apr\u00e8s le repos.<\/p>\n<p>Dou\u00e9&#8230;                        <\/p>\n","protected":false},"excerpt":{"rendered":"En plus de faire tourner son effectif, Liam Rosenior avait aussi choisi de changer de syst\u00e8me de jeu&hellip;\n","protected":false},"author":2,"featured_media":523416,"comment_status":"","ping_status":"","sticky":false,"template":"","format":"standard","meta":{"footnotes":""},"categories":[2820],"tags":[1111,11,2880,1777,674,107,63,1011,27,775,12,41281,25,517,640,2879],"class_list":{"0":"post-523415","1":"post","2":"type-post","3":"status-publish","4":"format-standard","5":"has-post-thumbnail","7":"category-strasbourg","8":"tag-actu","9":"tag-actualites","10":"tag-edition-strasbourg","11":"tag-eu","12":"tag-europe","13":"tag-fil-info","14":"tag-football","15":"tag-fr","16":"tag-france","17":"tag-grand-est","18":"tag-news","19":"tag-racing-club-strasbourg-masculin","20":"tag-republique-francaise","21":"tag-sport","22":"tag-strasbourg","23":"tag-strasbourg-ville"},"share_on_mastodon":{"url":"https:\/\/pubeurope.com\/@fr\/115521489788118708","error":""},"_links":{"self":[{"href":"https:\/\/www.europesays.com\/fr\/wp-json\/wp\/v2\/posts\/523415","targetHints":{"allow":["GET"]}}],"collection":[{"href":"https:\/\/www.europesays.com\/fr\/wp-json\/wp\/v2\/posts"}],"about":[{"href":"https:\/\/www.europesays.com\/fr\/wp-json\/wp\/v2\/types\/post"}],"author":[{"embeddable":true,"href":"https:\/\/www.europesays.com\/fr\/wp-json\/wp\/v2\/users\/2"}],"replies":[{"embeddable":true,"href":"https:\/\/www.europesays.com\/fr\/wp-json\/wp\/v2\/comments?post=523415"}],"version-history":[{"count":0,"href":"https:\/\/www.europesays.com\/fr\/wp-json\/wp\/v2\/posts\/523415\/revisions"}],"wp:featuredmedia":[{"embeddable":true,"href":"https:\/\/www.europesays.com\/fr\/wp-json\/wp\/v2\/media\/523416"}],"wp:attachment":[{"href":"https:\/\/www.europesays.com\/fr\/wp-json\/wp\/v2\/media?parent=523415"}],"wp:term":[{"taxonomy":"category","embeddable":true,"href":"https:\/\/www.europesays.com\/fr\/wp-json\/wp\/v2\/categories?post=523415"},{"taxonomy":"post_tag","embeddable":true,"href":"https:\/\/www.europesays.com\/fr\/wp-json\/wp\/v2\/tags?post=523415"}],"curies":[{"name":"wp","href":"https:\/\/api.w.org\/{rel}","templated":true}]}}