{"id":523421,"date":"2025-11-09T19:55:21","date_gmt":"2025-11-09T19:55:21","guid":{"rendered":"https:\/\/www.europesays.com\/fr\/523421\/"},"modified":"2025-11-09T19:55:21","modified_gmt":"2025-11-09T19:55:21","slug":"orvault-spectacle-cabaret-avec-la-cle-des-chants","status":"publish","type":"post","link":"https:\/\/www.europesays.com\/fr\/523421\/","title":{"rendered":"Orvault. Spectacle cabaret avec \u00ab\u00a0la Cl\u00e9 des chants\u00a0\u00bb"},"content":{"rendered":"<p>La joyeuse troupe de Cabaret la \u00ab\u00a0Cl\u00e9 des chants d\u2019Orvault\u00a0\u00bb compte quatre\u00a0chanteuses et quatre\u00a0chanteurs dirig\u00e9s par son pr\u00e9sident Pascal Bonnet, depuis 5\u00a0ans. La troupe pr\u00e9pare son spectacle de fin d\u2019ann\u00e9e au centre St\u00e9vin d\u2019Orvault, avant la repr\u00e9sentation unique qui aura lieu \u00e0 la salle du Parc \u00e0 la Gobini\u00e8re, le samedi 29\u00a0novembre \u00e0 15\u00a0h. Le titre du spectacle\u00a0: \u00ab\u00a0Chantons l\u2019Amour\u00a0\u00bb<\/p>\n<p>\u00a0Nous ferons la part belle \u00e0 la chanson fran\u00e7aise dans ce spectacle\u00a0: Michel Fugain, Patricia Kass, Florent Pagny, Kenji Girac, Pierre Bachelet, Michel Sardou, Fr\u00e9d\u00e9ric Fran\u00e7ois, Georges Moustaki, Liane Foly, Pascal Obispo, Julien Clerc, Axelle Red, Henri Salvador, Ycare et Zaz, Jacques Brel, Fran\u00e7ois Morel, Philippe Lavil, sans oublier Johnny Hallyday\u00a0etc. Nous chanterons en solo, duo, et en groupe pour le d\u00e9but et fin de spectacle. Pr\u00e9sence \u00e9galement d\u2019un danseur Herv\u00e9 qui dansera avec Martine en d\u00e9but de deuxi\u00e8me partie sur \u00ab\u00a0La Diva du dancing\u00a0\u00bb. Nous serons accompagn\u00e9s par notre toujours fid\u00e8le musicien Bertrand Bugel. Il nous entra\u00eene et nous coache depuis de nombreuses ann\u00e9es\u00a0, pr\u00e9cise Pascal Bonnet.<\/p>\n<p>R\u00e9p\u00e9tition tous les lundis<\/p>\n<p>L\u2019association s\u2019est renforc\u00e9e \u00e9galement en accompagnement administratif et logistique, avec de nouveaux adh\u00e9rents orvaltais non chanteurs\u00a0: une tr\u00e9sori\u00e8re, un secr\u00e9taire et secr\u00e9taire adjoint, et des b\u00e9n\u00e9voles pour aider aux t\u00e2ches diverses lors des spectacles et animations.<\/p>\n<p>La troupe r\u00e9p\u00e8te tous les lundis apr\u00e8s-midi, de 17\u00a0h\u00a030 \u00e0 19\u00a0h\u00a030 au Centre St\u00e9vin de la Bugali\u00e8re \u00e0 Orvault, salle Descartes, L\u2019acc\u00e8s est libre et gratuit.\u00a0Nous chantons dans des Ehpad de la r\u00e9gion, et souhaiterions d\u00e9velopper cette activit\u00e9. Nous participons \u00e0 la f\u00eate de la Musique d\u2019Orvault, au T\u00e9l\u00e9thon, aux Fl\u00e2neries d\u2019Orvault\u00a0etc.\u00a0<\/p>\n<p>Nicolas, le dernier arrivant \u00e0 la Cl\u00e9 des Chants, chante et joue d\u00e9j\u00e0 dans une formation de musiques bretonnes. Il s\u2019est int\u00e9gr\u00e9 rapidement dans le groupe et a une voix qui est tr\u00e8s prometteuse.<\/p>\n<p>Contact\u00a0: Pascal Bonnet 07\u00a081\u00a052\u00a034\u00a070 ou Jacky Bretonni\u00e8re\u00a0: 06\u00a076\u00a018\u00a037\u00a095 Mail\u00a0: lacledeschants.orvault@gmail.com<\/p>\n<p>\u00a0<\/p>\n","protected":false},"excerpt":{"rendered":"La joyeuse troupe de Cabaret la \u00ab\u00a0Cl\u00e9 des chants d\u2019Orvault\u00a0\u00bb compte quatre\u00a0chanteuses et quatre\u00a0chanteurs dirig\u00e9s par son pr\u00e9sident&hellip;\n","protected":false},"author":2,"featured_media":523422,"comment_status":"","ping_status":"","sticky":false,"template":"","format":"standard","meta":{"footnotes":""},"categories":[2818],"tags":[1111,11,27985,9309,36433,1777,674,1011,27,766,12,4151,2636,25,3140],"class_list":{"0":"post-523421","1":"post","2":"type-post","3":"status-publish","4":"format-standard","5":"has-post-thumbnail","7":"category-nantes","8":"tag-actu","9":"tag-actualites","10":"tag-cabaret","11":"tag-chants","12":"tag-cle","13":"tag-eu","14":"tag-europe","15":"tag-fr","16":"tag-france","17":"tag-nantes","18":"tag-news","19":"tag-orvault","20":"tag-pays-de-la-loire","21":"tag-republique-francaise","22":"tag-spectacle"},"share_on_mastodon":{"url":"https:\/\/pubeurope.com\/@fr\/115521501473279692","error":""},"_links":{"self":[{"href":"https:\/\/www.europesays.com\/fr\/wp-json\/wp\/v2\/posts\/523421","targetHints":{"allow":["GET"]}}],"collection":[{"href":"https:\/\/www.europesays.com\/fr\/wp-json\/wp\/v2\/posts"}],"about":[{"href":"https:\/\/www.europesays.com\/fr\/wp-json\/wp\/v2\/types\/post"}],"author":[{"embeddable":true,"href":"https:\/\/www.europesays.com\/fr\/wp-json\/wp\/v2\/users\/2"}],"replies":[{"embeddable":true,"href":"https:\/\/www.europesays.com\/fr\/wp-json\/wp\/v2\/comments?post=523421"}],"version-history":[{"count":0,"href":"https:\/\/www.europesays.com\/fr\/wp-json\/wp\/v2\/posts\/523421\/revisions"}],"wp:featuredmedia":[{"embeddable":true,"href":"https:\/\/www.europesays.com\/fr\/wp-json\/wp\/v2\/media\/523422"}],"wp:attachment":[{"href":"https:\/\/www.europesays.com\/fr\/wp-json\/wp\/v2\/media?parent=523421"}],"wp:term":[{"taxonomy":"category","embeddable":true,"href":"https:\/\/www.europesays.com\/fr\/wp-json\/wp\/v2\/categories?post=523421"},{"taxonomy":"post_tag","embeddable":true,"href":"https:\/\/www.europesays.com\/fr\/wp-json\/wp\/v2\/tags?post=523421"}],"curies":[{"name":"wp","href":"https:\/\/api.w.org\/{rel}","templated":true}]}}