{"id":523428,"date":"2025-11-09T19:59:10","date_gmt":"2025-11-09T19:59:10","guid":{"rendered":"https:\/\/www.europesays.com\/fr\/523428\/"},"modified":"2025-11-09T19:59:10","modified_gmt":"2025-11-09T19:59:10","slug":"une-toiletteuse-a-domicile-ouvre-son-salon-pour-chiens-et-chats-au-sud-de-toulouse","status":"publish","type":"post","link":"https:\/\/www.europesays.com\/fr\/523428\/","title":{"rendered":"une toiletteuse \u00e0 domicile ouvre son salon pour chiens et chats au sud de Toulouse"},"content":{"rendered":"<p>            Par<br \/>\n        <strong><br \/>\n            <a href=\"https:\/\/actu.fr\/auteur\/angelique-passebosc\" title=\"Consulter tous les articles de Ang\u00e9lique Passebosc\" target=\"_blank\" rel=\"noopener\">Ang\u00e9lique Passebosc<\/a><br \/>\n        <\/strong><\/p>\n<p>        Publi\u00e9 le<\/p>\n<p>            9 nov. 2025 \u00e0 19h31        <\/p>\n<p>Voil\u00e0 pr\u00e8s de trois ans que <b>C\u00e9line Luciano<\/b> sillonne le territoire munie de son mat\u00e9riel de <b>toiletteuse<\/b>, entretenant ainsi les animaux de compagnie de ses clients directement \u00e0 leur domicile. Cette fa\u00e7on de travailler, la professionnelle l\u2019avait surtout choisie, \u00e0 l\u2019\u00e9poque, pour \u00ab\u2009se d\u00e9marquer\u2009\u00bb de ses homologues d\u00e9j\u00e0 install\u00e9s dans la commune de <a href=\"https:\/\/actu.fr\/occitanie\/nailloux_31396\" target=\"_blank\" rel=\"noopener\">Nailloux<\/a>. Et pour rapidement \u00ab\u2009mettre \u00e0 profit\u2009\u00bb ce qu\u2019elle avait appris au sortir de sa formation \u2013 qu\u2019elle a entam\u00e9e dans le cadre d\u2019<b>une reconversion professionnelle<\/b>.<\/p>\n<p class=\" wall-content\">Mais la fatigue accumul\u00e9e et les nombreuses contraintes d\u2019une telle activit\u00e9 exerc\u00e9e \u00e0 domicile ont vite conduit la quadrag\u00e9naire \u00e0 vouloir s\u2019installer de fa\u00e7on plus p\u00e9renne. \u00ab\u2009Il fallait s\u2019adapter en permanence. Souvent, je travaillais m\u00eame plut\u00f4t dehors\u2009\u00bb, se rappelle-t-elle. C\u00e9line Luciano voulait \u00e9galement pouvoir offrir<b> davantage de confort <\/b>\u00e0 ses clients \u00e0 quatre pattes, dans un espace plus ad\u00e9quat. Et l\u2019id\u00e9e d\u2019ouvrir <b>son propre salon de toilettage<\/b>, en reprenant notamment les locaux de l\u2019ancienne couturi\u00e8re de la rue du Laytie \u2013 laiss\u00e9s vacants depuis son d\u00e9part, il y a environ un an -, n\u2019a pas tard\u00e9 \u00e0 se concr\u00e9tiser.<\/p>\n<p>\u00ab\u2009C\u2019est lui qui m\u2019a donn\u00e9 envie de m\u2019occuper des chiens\u2009\u00bb<\/p>\n<p class=\" wall-content\">Depuis maintenant un peu plus de deux semaines, la toiletteuse accueille donc dans son petit salon<b> les chiens et chats de toutes races et de toutes tailles<\/b> pour des coupes aux ciseaux, des \u00e9pilations, des tontes, des bains, des soins ou encore des coupes de griffes. \u00ab\u2009L\u2019id\u00e9e, en m\u2019installant ici, c\u2019\u00e9tait aussi de pouvoir <b>toucher un maximum de personnes<\/b>, d\u2019\u00e9largir ma client\u00e8le. Le salon, c\u2019est plus confortable qu\u2019\u00e0 domicile, surtout pour les gros gabarits\u2009\u00bb, assure-t-elle. Car la quadrag\u00e9naire dispose d\u00e9sormais de tout le mat\u00e9riel n\u00e9cessaire pour les recevoir. \u00ab\u2009Et depuis que j\u2019ai ouvert, je n\u2019arr\u00eate pas\u2009\u00bb, s\u2019enthousiasme celle qui \u00e9tait encore, il y a moins de cinq ans, assistante ressources humaines dans une entreprise de nettoyage.<\/p>\n<p>    <a href=\"https:\/\/maps.google.com\/maps?q=43.3592609,1.624181&amp;z=15&amp;output=embed\" title=\"Ouvrie le lien\" target=\"_blank\" rel=\"noopener\">Cliquez ici pour visualiser le contenu<\/a><\/p>\n<p class=\" wall-content\">Ce qui l\u2019a pouss\u00e9e vers cette reconversion\u2009? <b>Son amour des animaux<\/b>. Et en particulier de son d\u00e9funt chien, Newton. \u00ab\u2009J\u2019avais envie de changer de m\u00e9tier et lorsque j\u2019ai pris cette d\u00e9cision, je me suis dit que ce serait forc\u00e9ment aupr\u00e8s des animaux que je travaillerai. Mais je ne savais pas encore dans quelle branche. C\u2019est lui qui m\u2019a donn\u00e9 envie de m\u2019occuper des chiens.<b> Il m\u2019a sorti de la situation dans laquelle j\u2019\u00e9tais<\/b>\u2026\u2009\u00bb, t\u00e9moigne avec \u00e9motion C\u00e9line Luciano qui s\u2019astreint d\u00e9sormais \u00e0 prendre soin de ces \u00eatres pleins de poils. \u00ab\u2009Puis, les animaux nous rendent tellement de choses, remarque-t-elle. Cette reconnaissance, c\u2019est pour moi la plus belle des r\u00e9compenses.\u2009\u00bb<\/p>\n<p>Vid\u00e9os : en ce moment sur ActuPourquoi faire toiletter nos amies les b\u00eates\u2009?<\/p>\n<p class=\" wall-content\">Mais en quoi est-ce n\u00e9cessaire de faire toiletter son compagnon \u00e0 quatre pattes\u2009? Pour la professionnelle, tout est une question <b>d\u2019hygi\u00e8ne et de sant\u00e9<\/b>. \u00ab\u2009Le toilettage, c\u2019est super important. D\u2019abord, parce que les animaux peuvent vite avoir des n\u0153uds, le poil colle alors \u00e0 la peau qui ne respire pas, ce qui peut provoquer toutes sortes d\u2019infections ou d\u2019inflammations. En p\u00e9riode de mue, c\u2019est d\u2019autant plus primordial qu\u2019un bon entretien<b> aide \u00e0 la thermor\u00e9gulation de l\u2019animal<\/b>.\u2009\u00bb \u00ab\u2009Puis c\u2019est aussi une question de confort\u2009\u00bb, conclut-elle.<\/p>\n<p>Votre r\u00e9gion, votre actu !<\/p>\n<p>Recevez chaque jour les infos qui comptent pour vous.<\/p>\n<p>\t<a href=\"https:\/\/actu.fr\/newsletter\" class=\"ac-btn ac-btn--corner ac-btn--medium ac-btn--blue800\" target=\"_blank\" rel=\"noopener\">S&rsquo;incrire<\/a><br \/>\n<b>Infos pratiques<\/b><br \/>La main \u00e0 la patte\u2009: 4 ter, rue du Laytie \u2013 31\u2009560 Nailloux<br \/>Horaires\u2009: sur rendez-vous du lundi au samedi<br \/>Contact\u2009: 07\u200950\u200908\u200946\u200920 ou \u00e0 <a href=\"http:\/\/actu.fr\/cdn-cgi\/l\/email-protection#beddd1d0cadfddcafed2d3dfd2ce90d8cc\" target=\"_blank\" rel=\"noopener\">[email\u00a0protected]<\/a><br \/>Renseignements compl\u00e9mentaires sur <a href=\"https:\/\/lmalp.fr\/\" target=\"_blank\" rel=\"noopener\">le site Internet du salon<\/a><\/p>\n<p class=\" wall-content\">Personnalisez votre actualit\u00e9 en ajoutant vos villes et m\u00e9dias en favori avec <a href=\"https:\/\/moncompte.actu.fr\" title=\"D\u00e9couvez Mon Actu\" rel=\"nofollow noopener\" data-trk=\"{&quot;cta&quot;:{&quot;action&quot;:&quot;https:\\\/\\\/moncompte.actu.fr&quot;,&quot;category&quot;:&quot;mon compte&quot;,&quot;from&quot;:&quot;article footer&quot;,&quot;name&quot;:&quot;Mon actu&quot;,&quot;type&quot;:&quot;cta&quot;}}\" target=\"_blank\">Mon Actu<\/a>.<\/p>\n","protected":false},"excerpt":{"rendered":"Par Ang\u00e9lique Passebosc Publi\u00e9 le 9 nov. 2025 \u00e0 19h31 Voil\u00e0 pr\u00e8s de trois ans que C\u00e9line Luciano&hellip;\n","protected":false},"author":2,"featured_media":523429,"comment_status":"","ping_status":"","sticky":false,"template":"","format":"standard","meta":{"footnotes":""},"categories":[2816],"tags":[1111,11,215,33,1777,674,1011,27,12,3147,2680,25,2312],"class_list":{"0":"post-523428","1":"post","2":"type-post","3":"status-publish","4":"format-standard","5":"has-post-thumbnail","7":"category-toulouse","8":"tag-actu","9":"tag-actualites","10":"tag-commerce","11":"tag-economie","12":"tag-eu","13":"tag-europe","14":"tag-fr","15":"tag-france","16":"tag-news","17":"tag-nouveaux-commerces","18":"tag-occitanie","19":"tag-republique-francaise","20":"tag-toulouse"},"share_on_mastodon":{"url":"https:\/\/pubeurope.com\/@fr\/115521517324023086","error":""},"_links":{"self":[{"href":"https:\/\/www.europesays.com\/fr\/wp-json\/wp\/v2\/posts\/523428","targetHints":{"allow":["GET"]}}],"collection":[{"href":"https:\/\/www.europesays.com\/fr\/wp-json\/wp\/v2\/posts"}],"about":[{"href":"https:\/\/www.europesays.com\/fr\/wp-json\/wp\/v2\/types\/post"}],"author":[{"embeddable":true,"href":"https:\/\/www.europesays.com\/fr\/wp-json\/wp\/v2\/users\/2"}],"replies":[{"embeddable":true,"href":"https:\/\/www.europesays.com\/fr\/wp-json\/wp\/v2\/comments?post=523428"}],"version-history":[{"count":0,"href":"https:\/\/www.europesays.com\/fr\/wp-json\/wp\/v2\/posts\/523428\/revisions"}],"wp:featuredmedia":[{"embeddable":true,"href":"https:\/\/www.europesays.com\/fr\/wp-json\/wp\/v2\/media\/523429"}],"wp:attachment":[{"href":"https:\/\/www.europesays.com\/fr\/wp-json\/wp\/v2\/media?parent=523428"}],"wp:term":[{"taxonomy":"category","embeddable":true,"href":"https:\/\/www.europesays.com\/fr\/wp-json\/wp\/v2\/categories?post=523428"},{"taxonomy":"post_tag","embeddable":true,"href":"https:\/\/www.europesays.com\/fr\/wp-json\/wp\/v2\/tags?post=523428"}],"curies":[{"name":"wp","href":"https:\/\/api.w.org\/{rel}","templated":true}]}}