{"id":523434,"date":"2025-11-09T20:03:17","date_gmt":"2025-11-09T20:03:17","guid":{"rendered":"https:\/\/www.europesays.com\/fr\/523434\/"},"modified":"2025-11-09T20:03:17","modified_gmt":"2025-11-09T20:03:17","slug":"marseille-avignon-et-toute-la-provence-dans-la-ferveur","status":"publish","type":"post","link":"https:\/\/www.europesays.com\/fr\/523434\/","title":{"rendered":"Marseille, Avignon et toute la Provence dans la ferveur"},"content":{"rendered":"<p>La date &#8211;\u00a0le onzi\u00e8me jour du onzi\u00e8me mois, \u00e0 la onzi\u00e8me heure\u00a0&#8211; est choisie pour marquer symboliquement la fin de la Premi\u00e8re Guerre mondiale, ce conflit d\u00e9clench\u00e9 en\u00a01914 par l\u2019attentat de Sarajevo et qui a emport\u00e9 pr\u00e8s de dix millions de vies.<\/p>\n<p>Pour la France, \u00e9puis\u00e9e, meurtrie, endeuill\u00e9e par 1,4\u00a0million de morts et 3,6\u00a0millions de bless\u00e9s, l\u2019annonce a la force d\u2019un miracle. Dans tout le pays, la joie jaillit, m\u00eal\u00e9e de larmes et de stupeur. <a href=\"https:\/\/laprovence.com\/article\/sorties-loisirs\/6555881\/grand-format-hommage-au-plus-jeune-poilu-mort-pour-la-france.html\" target=\"_blank\" rel=\"noopener\">Et Marseille, ville portuaire ouverte sur le monde, va vivre l\u2019une des journ\u00e9es les plus intenses de son histoire contemporaine.<\/a><\/p>\n<p>Le souffle de la paix gagne la cit\u00e9 phoc\u00e9enne<\/p>\n<p>Le 11\u00a0novembre, d\u00e8s l\u2019aube, <a href=\"https:\/\/laprovence.com\/article\/edition-marseille\/2754359\/1914-1918-marseille-base-arriere-de-la-grande-guerre.html\" target=\"_blank\" rel=\"noopener\">la nouvelle arrive \u00e0 Marseille <\/a>par les postes de TSF des navires militaires. Le g\u00e9n\u00e9ral G\u00e9r\u00f4me, commandant la XVe r\u00e9gion, avertit aussit\u00f4t le maire et le pr\u00e9fet\u00a0: les combats vont cesser \u00e0 11\u00a0heures. En quelques minutes, la rumeur &#8230;<\/p>\n","protected":false},"excerpt":{"rendered":"La date &#8211;\u00a0le onzi\u00e8me jour du onzi\u00e8me mois, \u00e0 la onzi\u00e8me heure\u00a0&#8211; est choisie pour marquer symboliquement la&hellip;\n","protected":false},"author":2,"featured_media":523435,"comment_status":"","ping_status":"","sticky":false,"template":"","format":"standard","meta":{"footnotes":""},"categories":[2814],"tags":[64365,17,1111,11,1446,1777,674,64366,1011,27,937,2831,884,12,24649,2403,1186,882,25],"class_list":{"0":"post-523434","1":"post","2":"type-post","3":"status-publish","4":"format-standard","5":"has-post-thumbnail","7":"category-marseille","8":"tag-64365","9":"tag-17","10":"tag-actu","11":"tag-actualites","12":"tag-dans","13":"tag-eu","14":"tag-europe","15":"tag-ferveur","16":"tag-fr","17":"tag-france","18":"tag-histoire","19":"tag-loisirs-traditions","20":"tag-marseille","21":"tag-news","22":"tag-novembre","23":"tag-paix","24":"tag-provence","25":"tag-provence-alpes-cote-dazur","26":"tag-republique-francaise"},"share_on_mastodon":{"url":"https:\/\/pubeurope.com\/@fr\/115521533040532908","error":""},"_links":{"self":[{"href":"https:\/\/www.europesays.com\/fr\/wp-json\/wp\/v2\/posts\/523434","targetHints":{"allow":["GET"]}}],"collection":[{"href":"https:\/\/www.europesays.com\/fr\/wp-json\/wp\/v2\/posts"}],"about":[{"href":"https:\/\/www.europesays.com\/fr\/wp-json\/wp\/v2\/types\/post"}],"author":[{"embeddable":true,"href":"https:\/\/www.europesays.com\/fr\/wp-json\/wp\/v2\/users\/2"}],"replies":[{"embeddable":true,"href":"https:\/\/www.europesays.com\/fr\/wp-json\/wp\/v2\/comments?post=523434"}],"version-history":[{"count":0,"href":"https:\/\/www.europesays.com\/fr\/wp-json\/wp\/v2\/posts\/523434\/revisions"}],"wp:featuredmedia":[{"embeddable":true,"href":"https:\/\/www.europesays.com\/fr\/wp-json\/wp\/v2\/media\/523435"}],"wp:attachment":[{"href":"https:\/\/www.europesays.com\/fr\/wp-json\/wp\/v2\/media?parent=523434"}],"wp:term":[{"taxonomy":"category","embeddable":true,"href":"https:\/\/www.europesays.com\/fr\/wp-json\/wp\/v2\/categories?post=523434"},{"taxonomy":"post_tag","embeddable":true,"href":"https:\/\/www.europesays.com\/fr\/wp-json\/wp\/v2\/tags?post=523434"}],"curies":[{"name":"wp","href":"https:\/\/api.w.org\/{rel}","templated":true}]}}