{"id":523438,"date":"2025-11-09T20:05:12","date_gmt":"2025-11-09T20:05:12","guid":{"rendered":"https:\/\/www.europesays.com\/fr\/523438\/"},"modified":"2025-11-09T20:05:12","modified_gmt":"2025-11-09T20:05:12","slug":"quel-avenir-pour-la-chapelle-de-cet-ancien-seminaire-mariste","status":"publish","type":"post","link":"https:\/\/www.europesays.com\/fr\/523438\/","title":{"rendered":"quel avenir pour la chapelle de cet ancien s\u00e9minaire mariste\u00a0?"},"content":{"rendered":"<p>L\u2019avenir de cette chapelle du XIX e \u00a0si\u00e8cle, au sein de l\u2019ancien s\u00e9minaire des P\u00e8res Maristes \u00e0 Sainte-Foy-l\u00e8s-Lyon, reste \u00e0 \u00e9crire. \u00ab\u00a0Rien n\u2019est arr\u00eat\u00e9. Nous sommes ouverts \u00e0 tous les projets\u00a0\u00bb, lance C\u00e9line Fauquembergue, de Rh\u00f4ne Sa\u00f4ne habitat.<\/p>\n<p>Depuis l\u2019acquisition du s\u00e9minaire du chemin du Grand-Roule en 2021, le promoteur immobilier a d\u00e9di\u00e9 une enveloppe de 14,6\u00a0millions d\u2019euros pour sa reconversion en une soixantaine de logements, dont les travaux vont s\u2019achever en fin d\u2019ann\u00e9e. Des espaces embl\u00e9matiques, comme la chapelle, la&#8230;<\/p>\n","protected":false},"excerpt":{"rendered":"L\u2019avenir de cette chapelle du XIX e \u00a0si\u00e8cle, au sein de l\u2019ancien s\u00e9minaire des P\u00e8res Maristes \u00e0 Sainte-Foy-l\u00e8s-Lyon,&hellip;\n","protected":false},"author":2,"featured_media":523439,"comment_status":"","ping_status":"","sticky":false,"template":"","format":"standard","meta":{"footnotes":""},"categories":[1889],"tags":[1111,11,2430,4406,33,3154,1777,674,1011,27,1908,2428,12,5889,25,2429,15673,15674,104],"class_list":{"0":"post-523438","1":"post","2":"type-post","3":"status-publish","4":"format-standard","5":"has-post-thumbnail","7":"category-lyon","8":"tag-actu","9":"tag-actualites","10":"tag-auvergne-rhone-alpes","11":"tag-commerce-et-services","12":"tag-economie","13":"tag-edition-sud-lyonnais","14":"tag-eu","15":"tag-europe","16":"tag-fr","17":"tag-france","18":"tag-logement","19":"tag-lyon","20":"tag-news","21":"tag-religion-croyance","22":"tag-republique-francaise","23":"tag-rhone","24":"tag-sainte-foy-les-lyon","25":"tag-sainte-foy-les-lyon-bassin","26":"tag-societe"},"share_on_mastodon":{"url":"https:\/\/pubeurope.com\/@fr\/115521540904609262","error":""},"_links":{"self":[{"href":"https:\/\/www.europesays.com\/fr\/wp-json\/wp\/v2\/posts\/523438","targetHints":{"allow":["GET"]}}],"collection":[{"href":"https:\/\/www.europesays.com\/fr\/wp-json\/wp\/v2\/posts"}],"about":[{"href":"https:\/\/www.europesays.com\/fr\/wp-json\/wp\/v2\/types\/post"}],"author":[{"embeddable":true,"href":"https:\/\/www.europesays.com\/fr\/wp-json\/wp\/v2\/users\/2"}],"replies":[{"embeddable":true,"href":"https:\/\/www.europesays.com\/fr\/wp-json\/wp\/v2\/comments?post=523438"}],"version-history":[{"count":0,"href":"https:\/\/www.europesays.com\/fr\/wp-json\/wp\/v2\/posts\/523438\/revisions"}],"wp:featuredmedia":[{"embeddable":true,"href":"https:\/\/www.europesays.com\/fr\/wp-json\/wp\/v2\/media\/523439"}],"wp:attachment":[{"href":"https:\/\/www.europesays.com\/fr\/wp-json\/wp\/v2\/media?parent=523438"}],"wp:term":[{"taxonomy":"category","embeddable":true,"href":"https:\/\/www.europesays.com\/fr\/wp-json\/wp\/v2\/categories?post=523438"},{"taxonomy":"post_tag","embeddable":true,"href":"https:\/\/www.europesays.com\/fr\/wp-json\/wp\/v2\/tags?post=523438"}],"curies":[{"name":"wp","href":"https:\/\/api.w.org\/{rel}","templated":true}]}}