{"id":523444,"date":"2025-11-09T20:09:13","date_gmt":"2025-11-09T20:09:13","guid":{"rendered":"https:\/\/www.europesays.com\/fr\/523444\/"},"modified":"2025-11-09T20:09:13","modified_gmt":"2025-11-09T20:09:13","slug":"la-marque-chinoise-attire-plus-de-50-000-visiteurs-en-quelques-jours-malgre-la-polemique","status":"publish","type":"post","link":"https:\/\/www.europesays.com\/fr\/523444\/","title":{"rendered":"la marque chinoise attire plus de 50 000 visiteurs en quelques jours malgr\u00e9 la pol\u00e9mique"},"content":{"rendered":"<p>            Par<br \/>\n        <strong><br \/>\n            <a href=\"https:\/\/actu.fr\/auteur\/thomas-martin\" title=\"Consulter tous les articles de Thomas Martin\" target=\"_blank\" rel=\"noopener\">Thomas Martin<\/a><br \/>\n        <\/strong><\/p>\n<p>        Publi\u00e9 le<\/p>\n<p>            9 nov. 2025 \u00e0 20h44        <\/p>\n<p>Simple curiosit\u00e9 ou vrai succ\u00e8s ?\u00a0 Il faudra attendre encore pour le savoir. La boutique Shein du BHV Paris, dont l\u2019inauguration mercredi s\u2019est faite en plein scandale autour de la plateforme asiatique, a accueilli \u00ab\u00a0plus de 50 000 visiteurs\u00a0\u00bb, s\u2019est f\u00e9licit\u00e9 <a href=\"https:\/\/actu.fr\/ile-de-france\/paris_75056\/audacieux-menteur-pathologique-le-patron-du-bhv-frederic-merlin-rattrape-par-la-tempete-shein-a-paris_63382354.html\" target=\"_blank\" rel=\"noopener\">Fr\u00e9d\u00e9ric Merlin<\/a>, patron de la Soci\u00e9t\u00e9 des grands magasins (SGM) qui poss\u00e8de le <a href=\"https:\/\/actu.fr\/tag\/bhv\" target=\"_blank\" rel=\"noopener\">BHV<\/a>, ce dimanche 9 novembre dans un post Instagram quelques jours apr\u00e8s l\u2019arriv\u00e9e tr\u00e8s controvers\u00e9e du g\u00e9ant chinois dans la capitale.\u00a0<\/p>\n<p>Fr\u00e9d\u00e9ric Merlin veut \u00e9largir l\u2019offre de Shein au BHV<\/p>\n<p class=\" wall-content\">Certains ne semblent donc pas avoir eu de cas de conscience puisque Fr\u00e9d\u00e9ric Merlin fait \u00e9tat d&rsquo;\u00a0\u00bbun panier moyen de 45 euros\u00a0\u00bb pour les clients, et affirme que \u00ab\u00a0pr\u00e8s de 15% d\u2019entre eux ont poursuivi leurs achats dans les autres rayons\u00a0\u00bb du grand magasin. A voir ce qu\u2019il en sera hors <a href=\"https:\/\/actu.fr\/ile-de-france\/paris_75056\/a-paris-le-bhv-annonce-une-sacree-operation-commerciale-pour-l-arrivee-de-la-marque-chinoise-polemique-shein_63383227.html\" target=\"_blank\" rel=\"noopener\">op\u00e9ration commerciale<\/a> comme cela \u00e9tait le cas pour l\u2019ouverture le 5 novembre.\u00a0<\/p>\n<p class=\" wall-content\">Le dirigeant a \u00e9galement dit vouloir \u00ab\u00a0\u00e9largir la capsule avec une offre homme plus compl\u00e8te, un espace enfant, une gamme de robes plus large et des basiques plus accessibles pour r\u00e9pondre \u00e0 tous les styles de vie\u00a0\u00bb.<\/p>\n<p class=\" wall-content\">Sur place lors de l\u2019inauguration, une de nos journalistes avait de son c\u00f4t\u00e9 constat\u00e9 <a href=\"https:\/\/actu.fr\/ile-de-france\/paris_75056\/choix-reduit-prix-eleves-grosse-deception-des-clients-apres-l-ouverture-de-shein-au-bhv-a-paris_63397941.html\" target=\"_blank\" rel=\"noopener\">la d\u00e9ception<\/a> de plusieurs clients d\u00e9plorant un choix r\u00e9duit et des prix \u00e9lev\u00e9s.\u00a0<\/p>\n<p>Shein \u00e9chappe \u00e0 la suspension<\/p>\n<p class=\" wall-content\">L\u2019inauguration avait pourtant suscit\u00e9 l\u2019\u00e9moi notamment apr\u00e8s la vente en ligne sur la plateforme de Shein de <a href=\"https:\/\/actu.fr\/ile-de-france\/paris_75056\/vente-de-poupees-pedopornographiques-sur-shein-une-manifestation-avant-l-arrivee-du-geant-chinois-au-bhv_63388716.html\" target=\"_blank\" rel=\"noopener\">poup\u00e9es sexuelles<\/a> ressemblant \u00e0 des fillettes, ainsi que des armes de cat\u00e9gorie A. Mais pas de quoi infl\u00e9chir le souhait de consommer chez certains\u2026<\/p>\n<p class=\" wall-content\">Apr\u00e8s avoir supprim\u00e9 de son site tous les produits illicites, Shein \u00e9chappe pour l\u2019heure \u00e0 une suspension en France, mais reste \u00ab\u00a0sous surveillance rapproch\u00e9e\u00a0\u00bb du gouvernement et toujours sous le coup de proc\u00e9dures judiciaires.<\/p>\n<p class=\" wall-content\">Concernant la plateforme de vente en ligne, un nouveau point de situation est pr\u00e9vu la semaine prochaine \u00e0 la demande du Premier ministre S\u00e9bastien Lecornu, alors que le minist\u00e8re de l\u2019Int\u00e9rieur a saisi vendredi le tribunal judiciaire de Paris pour \u00ab\u00a0faire cesser les graves dommages \u00e0 l\u2019ordre public caus\u00e9s par les d\u00e9faillances r\u00e9p\u00e9t\u00e9es de Shein\u00a0\u00bb.<\/p>\n<p class=\" wall-content\"><strong>Avec AFP<\/strong><\/p>\n<p class=\" wall-content\">Personnalisez votre actualit\u00e9 en ajoutant vos villes et m\u00e9dias en favori avec <a href=\"https:\/\/moncompte.actu.fr\" title=\"D\u00e9couvez Mon Actu\" rel=\"nofollow noopener\" data-trk=\"{&quot;cta&quot;:{&quot;action&quot;:&quot;https:\\\/\\\/moncompte.actu.fr&quot;,&quot;category&quot;:&quot;mon compte&quot;,&quot;from&quot;:&quot;article footer&quot;,&quot;name&quot;:&quot;Mon actu&quot;,&quot;type&quot;:&quot;cta&quot;}}\" target=\"_blank\">Mon Actu<\/a>.<\/p>\n","protected":false},"excerpt":{"rendered":"Par Thomas Martin Publi\u00e9 le 9 nov. 2025 \u00e0 20h44 Simple curiosit\u00e9 ou vrai succ\u00e8s ?\u00a0 Il faudra&hellip;\n","protected":false},"author":2,"featured_media":523445,"comment_status":"","ping_status":"","sticky":false,"template":"","format":"standard","meta":{"footnotes":""},"categories":[1888],"tags":[1111,1928,11,1927,4753,215,1777,674,1011,27,12,1926,3147,626,1925,25,104],"class_list":{"0":"post-523444","1":"post","2":"type-post","3":"status-publish","4":"format-standard","5":"has-post-thumbnail","7":"category-paris","8":"tag-actu","9":"tag-actu-paris","10":"tag-actualites","11":"tag-actualites-paris","12":"tag-bhv","13":"tag-commerce","14":"tag-eu","15":"tag-europe","16":"tag-fr","17":"tag-france","18":"tag-news","19":"tag-news-paris","20":"tag-nouveaux-commerces","21":"tag-paris","22":"tag-paris-news","23":"tag-republique-francaise","24":"tag-societe"},"share_on_mastodon":{"url":"https:\/\/pubeurope.com\/@fr\/115521556646614362","error":""},"_links":{"self":[{"href":"https:\/\/www.europesays.com\/fr\/wp-json\/wp\/v2\/posts\/523444","targetHints":{"allow":["GET"]}}],"collection":[{"href":"https:\/\/www.europesays.com\/fr\/wp-json\/wp\/v2\/posts"}],"about":[{"href":"https:\/\/www.europesays.com\/fr\/wp-json\/wp\/v2\/types\/post"}],"author":[{"embeddable":true,"href":"https:\/\/www.europesays.com\/fr\/wp-json\/wp\/v2\/users\/2"}],"replies":[{"embeddable":true,"href":"https:\/\/www.europesays.com\/fr\/wp-json\/wp\/v2\/comments?post=523444"}],"version-history":[{"count":0,"href":"https:\/\/www.europesays.com\/fr\/wp-json\/wp\/v2\/posts\/523444\/revisions"}],"wp:featuredmedia":[{"embeddable":true,"href":"https:\/\/www.europesays.com\/fr\/wp-json\/wp\/v2\/media\/523445"}],"wp:attachment":[{"href":"https:\/\/www.europesays.com\/fr\/wp-json\/wp\/v2\/media?parent=523444"}],"wp:term":[{"taxonomy":"category","embeddable":true,"href":"https:\/\/www.europesays.com\/fr\/wp-json\/wp\/v2\/categories?post=523444"},{"taxonomy":"post_tag","embeddable":true,"href":"https:\/\/www.europesays.com\/fr\/wp-json\/wp\/v2\/tags?post=523444"}],"curies":[{"name":"wp","href":"https:\/\/api.w.org\/{rel}","templated":true}]}}