{"id":523458,"date":"2025-11-09T20:16:21","date_gmt":"2025-11-09T20:16:21","guid":{"rendered":"https:\/\/www.europesays.com\/fr\/523458\/"},"modified":"2025-11-09T20:16:21","modified_gmt":"2025-11-09T20:16:21","slug":"drones-suspects-en-belgique-le-royaume-uni-envoie-une-equipe-speciale-pour-aider-bruxelles","status":"publish","type":"post","link":"https:\/\/www.europesays.com\/fr\/523458\/","title":{"rendered":"Drones suspects en Belgique : le Royaume-Uni envoie une \u00e9quipe sp\u00e9ciale pour aider Bruxelles"},"content":{"rendered":"<p class=\"mb-4 text-lg md:leading-8 break-words\">Le Royaume-Uni va envoyer du mat\u00e9riel et du personnel anti-drones en Belgique <a href=\"https:\/\/fr.news.yahoo.com\/belgique-plusieurs-a%C3%A9roports-ferm%C3%A9s-apr%C3%A8s-162414433.html\" data-ylk=\"slk:apr\u00e8s une s\u00e9rie d&#039;observations \u00e0 proximit\u00e9 d&#039;a\u00e9roports et de bases militaires au;elm:context_link;itc:0;sec:content-canvas;outcm:mb_qualified_link;_E:mb_qualified_link;ct:story;\" class=\"link  yahoo-link\" rel=\"nofollow noopener\" target=\"_blank\"><strong>apr\u00e8s une s\u00e9rie d&rsquo;observations \u00e0 proximit\u00e9 d&rsquo;a\u00e9roports et de bases militaires au<\/strong><\/a> cours des derni\u00e8res semaines. C&rsquo;est ce qu&rsquo;a d\u00e9clar\u00e9 le Chef d&rsquo;\u00c9tat-Major des arm\u00e9es du Royaume-Uni <strong>Richard Knighton<\/strong>, lors d&rsquo;une interview t\u00e9l\u00e9vis\u00e9e dimanche.<\/p>\n<p class=\"mb-4 text-lg md:leading-8 break-words\">Au cours de la semaine \u00e9coul\u00e9e, le principal a\u00e9roport international de Bruxelles et celui de Li\u00e8ge, l&rsquo;un des plus grands a\u00e9roports de fret d&rsquo;Europe, ont \u00e9t\u00e9 contraints de fermer temporairement leurs portes en raison d&rsquo;incursions de drones. Ces mesures ont \u00e9t\u00e9 prises apr\u00e8s <strong>une s\u00e9rie de vols de drones non identifi\u00e9s<\/strong> \u00e0 proximit\u00e9 d&rsquo;une base militaire o\u00f9 sont stock\u00e9es des armes nucl\u00e9aires am\u00e9ricaines.<\/p>\n<p class=\"mb-4 text-lg md:leading-8 break-words\"><b class=\"c-widget-related__title__text\">Related<\/b><\/p>\n<p class=\"mb-4 text-lg md:leading-8 break-words\">Richard Knighton a d\u00e9clar\u00e9 que le Royaume-Uni avait accept\u00e9 de \u00ab\u00a0d\u00e9ployer du personnel et du mat\u00e9riel en Belgique pour les aider\u00a0\u00bb, \u00e0 la suite d&rsquo;une demande des autorit\u00e9s belges.<\/p>\n<p class=\"mb-4 text-lg md:leading-8 break-words\">Nous ne savons pas &#8211; et les Belges ne savent pas encore &#8211; d&rsquo;o\u00f9 viennent ces drones, <strong>mais nous les aiderons en leur fournissant notre \u00e9quipement et nos capacit\u00e9s<\/strong>, qui ont d\u00e9j\u00e0 commenc\u00e9 \u00e0 \u00eatre d\u00e9ploy\u00e9s pour aider la Belgique\u00a0\u00bb, a-t-il d\u00e9clar\u00e9 lors d&rsquo;une interview sur la BBC.<\/p>\n<p><strong>Des sp\u00e9cialistes venus de Londres pour arr\u00eater les drones en Belgique<\/strong><\/p>\n<p class=\"mb-4 text-lg md:leading-8 break-words\">Le ministre de la D\u00e9fense, <strong>John Healey<\/strong>, a d\u00e9clar\u00e9 que le Royaume-Uni envoyait une \u00e9quipe de sp\u00e9cialistes de la Royal Air Force en Belgique, pays alli\u00e9 de l&rsquo;OTAN,<strong>\u00ab\u00a0pour contrer les activit\u00e9s de drones non autoris\u00e9es<\/strong>\u00ab\u00a0.<\/p>\n<p class=\"mb-4 text-lg md:leading-8 break-words\">\u00ab\u00a0Alors que les menaces hybrides se multiplient, notre force r\u00e9side dans nos alliances et notre d\u00e9termination collective \u00e0 d\u00e9fendre, dissuader et prot\u00e9ger nos infrastructures critiques et notre espace a\u00e9rien\u00a0\u00bb, a-t-il d\u00e9clar\u00e9.<\/p>\n<p class=\"mb-4 text-lg md:leading-8 break-words\">Ces derniers mois, des incidents li\u00e9s \u00e0 des drones survenus dans toute l&rsquo;Europe ont contraint des a\u00e9roports \u00e0 suspendre leurs vols au m\u00eame moment. La Russie a \u00e9t\u00e9 accus\u00e9e dans certains cas, mais <strong>la Belgique n&rsquo;a pas pr\u00e9cis\u00e9 qui pilotait les drones<\/strong>.<\/p>\n<p class=\"mb-4 text-lg md:leading-8 break-words\">Le ministre belge de la D\u00e9fense, <strong>Theo Francken<\/strong>, a d\u00e9clar\u00e9 qu&rsquo;il pensait que certains incidents faisaient partie d&rsquo;une \u00a0\u00bb <strong>op\u00e9ration d&rsquo;espionnage<\/strong>\u00a0\u00bb qui n&rsquo;aurait pas pu \u00eatre men\u00e9e par des amateurs. Nous remercions nos amis britanniques pour leur soutien rapide et leur solidarit\u00e9. L&rsquo;envoi d&rsquo;une \u00e9quipe britannique anti-drones en Belgique renforce notre s\u00e9curit\u00e9 collective et d\u00e9montre notre unit\u00e9 dans la lutte contre les menaces hybrides\u00a0\u00bb, a-t-il \u00e9crit sur X ce dimanche.<\/p>\n<p class=\"mb-4 text-lg md:leading-8 break-words\">La Belgique abrite les si\u00e8ges de l&rsquo;OTAN et de l&rsquo;UE, ainsi que <strong>la plus grande chambre de compensation financi\u00e8re d&rsquo;Europe<\/strong> , qui d\u00e9tient des dizaines de milliards d&rsquo;euros d&rsquo;actifs russes gel\u00e9s. De nombreux pays de l&rsquo;UE souhaitent utiliser ces actifs comme garantie pour accorder des pr\u00eats \u00e0 l&rsquo;Ukraine, mais la Belgique s&rsquo;y est oppos\u00e9e jusqu&rsquo;\u00e0 pr\u00e9sent.<\/p>\n","protected":false},"excerpt":{"rendered":"Le Royaume-Uni va envoyer du mat\u00e9riel et du personnel anti-drones en Belgique apr\u00e8s une s\u00e9rie d&rsquo;observations \u00e0 proximit\u00e9&hellip;\n","protected":false},"author":2,"featured_media":523459,"comment_status":"","ping_status":"","sticky":false,"template":"","format":"standard","meta":{"footnotes":""},"categories":[1588],"tags":[11,828,1777,674,64368,12,64369,473,1853,1851,1850,1852],"class_list":{"0":"post-523458","1":"post","2":"type-post","3":"status-publish","4":"format-standard","5":"has-post-thumbnail","7":"category-royaume-uni","8":"tag-actualites","9":"tag-belgique","10":"tag-eu","11":"tag-europe","12":"tag-la-belgique","13":"tag-news","14":"tag-richard-knighton","15":"tag-royaume-uni","16":"tag-royaume-uni-de-grande-bretagne-et-dirlande-du-nord","17":"tag-uk","18":"tag-united-kingdom","19":"tag-united-kingdom-of-great-britain-and-northern-ireland"},"share_on_mastodon":{"url":"https:\/\/pubeurope.com\/@fr\/115521584150166421","error":""},"_links":{"self":[{"href":"https:\/\/www.europesays.com\/fr\/wp-json\/wp\/v2\/posts\/523458","targetHints":{"allow":["GET"]}}],"collection":[{"href":"https:\/\/www.europesays.com\/fr\/wp-json\/wp\/v2\/posts"}],"about":[{"href":"https:\/\/www.europesays.com\/fr\/wp-json\/wp\/v2\/types\/post"}],"author":[{"embeddable":true,"href":"https:\/\/www.europesays.com\/fr\/wp-json\/wp\/v2\/users\/2"}],"replies":[{"embeddable":true,"href":"https:\/\/www.europesays.com\/fr\/wp-json\/wp\/v2\/comments?post=523458"}],"version-history":[{"count":0,"href":"https:\/\/www.europesays.com\/fr\/wp-json\/wp\/v2\/posts\/523458\/revisions"}],"wp:featuredmedia":[{"embeddable":true,"href":"https:\/\/www.europesays.com\/fr\/wp-json\/wp\/v2\/media\/523459"}],"wp:attachment":[{"href":"https:\/\/www.europesays.com\/fr\/wp-json\/wp\/v2\/media?parent=523458"}],"wp:term":[{"taxonomy":"category","embeddable":true,"href":"https:\/\/www.europesays.com\/fr\/wp-json\/wp\/v2\/categories?post=523458"},{"taxonomy":"post_tag","embeddable":true,"href":"https:\/\/www.europesays.com\/fr\/wp-json\/wp\/v2\/tags?post=523458"}],"curies":[{"name":"wp","href":"https:\/\/api.w.org\/{rel}","templated":true}]}}