{"id":523460,"date":"2025-11-09T20:17:27","date_gmt":"2025-11-09T20:17:27","guid":{"rendered":"https:\/\/www.europesays.com\/fr\/523460\/"},"modified":"2025-11-09T20:17:27","modified_gmt":"2025-11-09T20:17:27","slug":"des-camions-de-rothkegel-incendies-%f0%9f%94%b4-info-libertaire","status":"publish","type":"post","link":"https:\/\/www.europesays.com\/fr\/523460\/","title":{"rendered":"Des camions de Rothkegel incendi\u00e9s \u2013 \ud83d\udd34 Info Libertaire"},"content":{"rendered":"<p><\/p>\n<p><a href=\"http:\/\/knackriotpvczb6xja67gsmbks35n7mvwfxcdj5tlqhfictgz42vjvad.onion\/14045\" target=\"_blank\" rel=\"noopener\">knack.news<\/a> \/ samedi 8 novembre 2025<\/p>\n<p><a href=\"https:\/\/attaque.noblogs.org\/files\/2025\/11\/LE-Knauthain.jpg\" target=\"_blank\" rel=\"noopener\"><img loading=\"lazy\" decoding=\"async\" class=\" wp-image-61313 alignright\" src=\"https:\/\/www.europesays.com\/fr\/wp-content\/uploads\/2025\/11\/LE-Knauthain.jpg\" alt=\"\" width=\"169\" height=\"126\"\/><\/a>La nuit derni\u00e8re, on s\u2019est retrouv\u00e9.es dans le quartier de Knauthain, dans l\u2019ouest de Leipzig. Au cours de notre excursion nocturne, nous avons aper\u00e7u deux camions de l\u2019entreprise [de mat\u00e9riaux de construction\u00a0; NdAtt.] Rothkegel. Par hasard, nous avions justement dans nos sacs des engins incendiaires, que nous avons plac\u00e9s pr\u00e8s des camions.<br \/>Vous pourriez vous demander : \u00ab Pourquoi tout cela ? \u00bb<br \/>Nous pouvons volontiers tout vous raconter. Claus-Uwe Rothkegel est un ancien conseiller municipal de la CDU* et, le 2 octobre 2025, il a mis \u00e0 disposition son entrep\u00f4t, situ\u00e9 au 11 de la Salzstra\u00dfe, pour la \u00ab Sin City Fight Night \u00bb. En r\u00e9sum\u00e9, on peut dire que, lors de cet \u00e9v\u00e9nement, ont d\u00e9fil\u00e9 des n\u00e9onazis organis\u00e9s, des bikers et d\u2019autres personnages infectes. La Fight Night a \u00e9t\u00e9 organis\u00e9e par la \u00ab Sin City Boxgym \u00bb, qui est connue depuis longtemps pour son fort ancrage dans le milieu nazi de Leipzig. C\u2019est une chose av\u00e9r\u00e9e que le directeur actuel de cette entreprise de mat\u00e9riaux de construction, Richard Rothkeg, a des liens avec des n\u00e9onazis et qu\u2019il est mont\u00e9 sur le ring lors de cet \u00e9v\u00e9nement. Plus d\u2019informations sur cet \u00e9v\u00e9nement <a href=\"http:\/\/knackriotpvczb6xja67gsmbks35n7mvwfxcdj5tlqhfictgz42vjvad.onion\/13711\" target=\"_blank\" rel=\"noopener\">ici<\/a>.<\/p>\n<p>Les collusions entre la CDU et les fascistes ont une longue tradition. Actuellement, on voit comme la CDU joue de plus en plus la politique raciste de l\u2019AfD [Alternative f\u00fcr Deutschland, le principal parti d\u2019extr\u00eame droite allemand\u00a0; NdAtt.]\u00a0; \u00e0 la campagne, sa coop\u00e9ration avec l\u2019AfD est courante et aussi au niveau f\u00e9d\u00e9ral\/des L\u00e4nder il ne faudra plus longtemps avant que les derni\u00e8res inhibitions tombent. M\u00eame si nous ne nous attendons pas \u00e0 ce que ce jeu d\u2019\u00e9quipe ait lieu bient\u00f4t, il faut constater que, depuis des ann\u00e9es, la CDU se trouve sur une ligne de plus en plus autoritaire. Merz a f\u00eat\u00e9 sa victoire avec l\u2019annonce de la fin de la gauche. Avec Dobrindt, si\u00e8ge au minist\u00e8re de l\u2019Int\u00e9rieur quelqu\u2019un qui ne cesse de fantasmer sur la \u00ab\u00a0r\u00e9volution conservatrice\u00a0\u00bb. Weimer, le ministre \u00e0 la Culture, assimile le mouvement antifa aux nazis et m\u00e8ne depuis des ann\u00e9es une lutte contre le \u00ab wokisme \u00bb.<br \/>Les appels \u00e0 la r\u00e9migration r\u00e9sonnent, quand l\u2019AfD d\u00e9file dans les rues. Mais en ce moment c\u2019est la CDU qui, une fois de plus, attaque massivement le droit d\u2019asile et parle d\u2019expulsions massives vers la Syrie. Ils s\u2019en fichent des gens qui doivent fuir. Ce sujet est ainsi utilis\u00e9 dans la lutte pour le pouvoir, afin de ne pas laisser tous les racistes \u00e0 l\u2019AfD. Nous ne devons pas oublier, en nous focalisant sur l\u2019AfD, qu\u2019un \u00c9tat autoritaire ne na\u00eet pas de nulle part, il faut un glissement constant en cette direction. Et, ici, tous les partis peuvent \u00eatre tenus pour responsables, ce que les durcissements l\u00e9gislatifs des derni\u00e8res ann\u00e9es montrent clairement. Mais de toute fa\u00e7on, le parlementarisme, on s\u2019en fout.<\/p>\n<p>Il y a cinq ans, avec le proc\u00e8s Antifa Ost, a commenc\u00e9 la plus grande offensive contre les structures antifascistes depuis fort longtemps. Une d\u00e9marche sur laquelle tous les partis, des Verts jusqu\u2019\u00e0 l\u2019AfD, sont compl\u00e8tement d\u2019accord. Et la r\u00e9pression marche : il y a plus de personnes en taule que depuis longtemps et la peur s\u2019est r\u00e9pandue dans une grande partie du milieu. Pr\u00e9cis\u00e9ment quand il serait si n\u00e9cessaire d\u2019agir contre la mont\u00e9e du fascisme et de l\u2019\u00c9tat autoritaire, la gauche autonome est massivement sur la d\u00e9fensive.<br \/>Le pr\u00e9sent semble sombre, mais l\u2019avenir ne le sera pas forcement.<br \/>Sortons de la d\u00e9fensive, regardons l\u00e0 o\u00f9 les fascistes et les conservateurs se r\u00e9unissent, attaquons leurs liens \u00e9conomiques. Nous rejoignons les gens de Hambourg [voir <a href=\"https:\/\/attaque.noblogs.org\/post\/2025\/11\/05\/hambourg-allemagne-attaque-incendiaire-contre-la-voiture-du-president-du-groupe-parlementaire-de-lafd\/\" target=\"_blank\" rel=\"noopener\">ici<\/a> ; NdAtt.] : que ce soit avec un marteau ou avec du feu, antifascisme signifie attaque !<\/p>\n<p>Il y a cinq ans, Lina a \u00e9t\u00e9 plac\u00e9e en d\u00e9tention provisoire et a d\u00fb y rester jusqu\u2019\u00e0 la fin du proc\u00e8s\u00a0; maintenant, elle et les autres accus\u00e9s sont de nouveau en taule, pour purger leur peine. Nous leur d\u00e9dions ce feu !<br \/>Libert\u00e9 pour Maja, Nanuk, Luca, Nele, Paula, Paul, Johann, Hanna, Tobi, Emmi et tou.tes les antifas !<br \/>Libert\u00e9 pour tou.tes les prisonnier.es\u00a0!<br \/>Une accolade \u00e0 celles\/ceux qui ont d\u00fb partir en cavale !<\/p>\n<p>* Note d\u2019Attaque\u00a0:<br \/>La Christlich Demokratische Union (Union chr\u00e9tienne d\u00e9mocrate) est, en association avec sa d\u00e9clinaison bavaroise, la CSU (Christlich-Soziale Union, Union chr\u00e9tienne-sociale), le principal parti de droite allemand. Le leader de la CDU, Friedrich Merz, est actuellement chancelier f\u00e9d\u00e9ral. Alexander Dobrindt, membre de la CSU, est ministre f\u00e9d\u00e9ral de l\u2019Int\u00e9rieur.<\/p>\n<p><strong>Source:<\/strong> <a href=\"https:\/\/attaque.noblogs.org\/post\/2025\/11\/09\/leipzig-allemagne-des-camions-de-rothkegel-incendies\/\" target=\"_blank\" rel=\"nofollow noopener\">Attaque.noblogs.org<\/a><br \/>\n\t\t<\/p>\n","protected":false},"excerpt":{"rendered":"knack.news \/ samedi 8 novembre 2025 La nuit derni\u00e8re, on s\u2019est retrouv\u00e9.es dans le quartier de Knauthain, dans&hellip;\n","protected":false},"author":2,"featured_media":523461,"comment_status":"","ping_status":"","sticky":false,"template":"","format":"standard","meta":{"footnotes":""},"categories":[1587],"tags":[11,672,1804,1805,1803,1777,674,1801,12,1802],"class_list":{"0":"post-523460","1":"post","2":"type-post","3":"status-publish","4":"format-standard","5":"has-post-thumbnail","7":"category-allemagne","8":"tag-actualites","9":"tag-allemagne","10":"tag-bundesrepublik-deutschland","11":"tag-de","12":"tag-deutschland","13":"tag-eu","14":"tag-europe","15":"tag-germany","16":"tag-news","17":"tag-republique-federale-dallemagne"},"share_on_mastodon":{"url":"https:\/\/pubeurope.com\/@fr\/115521589084004873","error":""},"_links":{"self":[{"href":"https:\/\/www.europesays.com\/fr\/wp-json\/wp\/v2\/posts\/523460","targetHints":{"allow":["GET"]}}],"collection":[{"href":"https:\/\/www.europesays.com\/fr\/wp-json\/wp\/v2\/posts"}],"about":[{"href":"https:\/\/www.europesays.com\/fr\/wp-json\/wp\/v2\/types\/post"}],"author":[{"embeddable":true,"href":"https:\/\/www.europesays.com\/fr\/wp-json\/wp\/v2\/users\/2"}],"replies":[{"embeddable":true,"href":"https:\/\/www.europesays.com\/fr\/wp-json\/wp\/v2\/comments?post=523460"}],"version-history":[{"count":0,"href":"https:\/\/www.europesays.com\/fr\/wp-json\/wp\/v2\/posts\/523460\/revisions"}],"wp:featuredmedia":[{"embeddable":true,"href":"https:\/\/www.europesays.com\/fr\/wp-json\/wp\/v2\/media\/523461"}],"wp:attachment":[{"href":"https:\/\/www.europesays.com\/fr\/wp-json\/wp\/v2\/media?parent=523460"}],"wp:term":[{"taxonomy":"category","embeddable":true,"href":"https:\/\/www.europesays.com\/fr\/wp-json\/wp\/v2\/categories?post=523460"},{"taxonomy":"post_tag","embeddable":true,"href":"https:\/\/www.europesays.com\/fr\/wp-json\/wp\/v2\/tags?post=523460"}],"curies":[{"name":"wp","href":"https:\/\/api.w.org\/{rel}","templated":true}]}}