{"id":523464,"date":"2025-11-09T20:19:13","date_gmt":"2025-11-09T20:19:13","guid":{"rendered":"https:\/\/www.europesays.com\/fr\/523464\/"},"modified":"2025-11-09T20:19:13","modified_gmt":"2025-11-09T20:19:13","slug":"celac-kaja-kallas-appelle-au-respect-du-droit-international-apres-les-attaques-americaines-en-mer","status":"publish","type":"post","link":"https:\/\/www.europesays.com\/fr\/523464\/","title":{"rendered":"CELAC : Kaja Kallas appelle au respect du droit international apr\u00e8s les attaques am\u00e9ricaines en mer"},"content":{"rendered":"<p>  Par&amp;nbsp<a href=\"https:\/\/fr.euronews.com\/profils\/1142\" rel=\"nofollow noopener\" target=\"_blank\">Sertac Aktan<\/a>&amp;nbspavec&amp;nbsp<b>EBU and AP<\/b><\/p>\n<p>\n         Publi\u00e9 le<br \/>\n            09\/11\/2025 &#8211; 20:15 UTC+1\n            <\/p>\n<p>Le quatri\u00e8me sommet de la <strong>Communaut\u00e9 des \u00c9tats d&rsquo;Am\u00e9rique latine et des Cara\u00efbes<\/strong> (<strong>CELAC<\/strong>) et de <strong>l&rsquo;Union europ\u00e9enne<\/strong> (UE) s&rsquo;est ouvert aujourd&rsquo;hui \u00e0 Santa Marta, en Colombie.<\/p>\n<p>La responsable de la politique \u00e9trang\u00e8re de l&rsquo;UE, <strong>Kaja Kallas<\/strong>, fait partie des dirigeants de l&rsquo;Union qui participent \u00e0 cette r\u00e9union.<\/p>\n<p>S&rsquo;exprimant \u00e0 son arriv\u00e9e, elle a d\u00e9clar\u00e9 que la position de l&rsquo;UE sur les attaques am\u00e9ricaines dans les Cara\u00efbes et le Pacifique consistait \u00e0 faire respecter le droit international, ce qui signifie que le recours \u00e0 la force n&rsquo;est justifi\u00e9 qu&rsquo;en cas de l\u00e9gitime d\u00e9fense ou en vertu d&rsquo;une r\u00e9solution du Conseil de s\u00e9curit\u00e9 de l&rsquo;ONU.<\/p>\n<p>Le Premier ministre n\u00e9erlandais, <strong>Dick Schoof<\/strong>, a d\u00e9clar\u00e9 qu&rsquo;il \u00e9tait important de r\u00e9tablir le calme dans la mer des Cara\u00efbes et a exhort\u00e9 les dirigeants \u00e0 s&rsquo;efforcer de r\u00e9duire les tensions.<\/p>\n<p>Le secr\u00e9taire mexicain aux affaires \u00e9trang\u00e8res, <strong>Juan Ramon de la Fuente<\/strong>, a \u00e9galement comment\u00e9 les attaques am\u00e9ricaines contre des navires dans la mer des Cara\u00efbes, d\u00e9clarant que la position du Mexique visait \u00e0 respecter \u00ab\u00a0la souverainet\u00e9 des peuples et leur autod\u00e9termination\u00a0\u00bb.<\/p>\n<p>Selon le secr\u00e9taire am\u00e9ricain \u00e0 la d\u00e9fense, <strong>Pete Hegseth<\/strong>, les \u00c9tats-Unis auraient effectu\u00e9 14 frappes depuis septembre sur des bateaux pr\u00e8s des c\u00f4tes v\u00e9n\u00e9zu\u00e9liennes et dans l&rsquo;est de l&rsquo;oc\u00e9an Pacifique.<\/p>\n<p>Les sources ont d\u00e9clar\u00e9 que 69 personnes ont \u00e9t\u00e9 tu\u00e9es lors de ces attaques sur des navires pr\u00e9sum\u00e9s de contrebande de drogue.<\/p>\n<p>Le pr\u00e9sident colombien Gustavo Petro a qualifi\u00e9 ces d\u00e9c\u00e8s d'\u00a0\u00bbex\u00e9cutions extrajudiciaires\u00a0\u00bb et a identifi\u00e9 au moins une des personnes tu\u00e9es comme \u00e9tant un citoyen colombien. L&rsquo;un des deux survivants connus des attaques est \u00e9galement colombien.<\/p>\n<p>Absence de dignitaires de haut rang<\/p>\n<p>Avec ce sommet, les repr\u00e9sentants des nations europ\u00e9ennes, latino-am\u00e9ricaines et carib\u00e9ennes tentent de renforcer leurs liens dans un contexte de divisions au sein de l&rsquo;h\u00e9misph\u00e8re occidental \u00e0 propos de l&rsquo;op\u00e9ration militaire am\u00e9ricaine ciblant des navires pr\u00e9sum\u00e9s transporteurs de drogue.<\/p>\n<p>Mais la pertinence du sommet de deux jours de la Communaut\u00e9 des \u00c9tats d&rsquo;Am\u00e9rique latine et des Cara\u00efbes et de l&rsquo;Union europ\u00e9enne a \u00e9t\u00e9 remise en question en raison de l&rsquo;absence de chefs d&rsquo;\u00c9tat et de hauts fonctionnaires, dont la pr\u00e9sidente de la Commission europ\u00e9enne, Ursula von der Leyen, et le chancelier allemand, Friedrich Merz.<\/p>\n","protected":false},"excerpt":{"rendered":"Par&amp;nbspSertac Aktan&amp;nbspavec&amp;nbspEBU and AP Publi\u00e9 le 09\/11\/2025 &#8211; 20:15 UTC+1 Le quatri\u00e8me sommet de la Communaut\u00e9 des \u00c9tats&hellip;\n","protected":false},"author":2,"featured_media":523465,"comment_status":"","ping_status":"","sticky":false,"template":"","format":"standard","meta":{"footnotes":""},"categories":[1586],"tags":[11,9395,64371,1777,674,1779,1011,27,5229,12,25,2764,1778,364],"class_list":{"0":"post-523464","1":"post","2":"type-post","3":"status-publish","4":"format-standard","5":"has-post-thumbnail","7":"category-europe","8":"tag-actualites","9":"tag-colombie","10":"tag-communaute-des-etats-damerique-latine-et-des-caraibes-celac","11":"tag-eu","12":"tag-europe","13":"tag-european-union","14":"tag-fr","15":"tag-france","16":"tag-kaja-kallas","17":"tag-news","18":"tag-republique-francaise","19":"tag-sommet","20":"tag-ue","21":"tag-union-europeenne"},"share_on_mastodon":{"url":"https:\/\/pubeurope.com\/@fr\/115521595815155768","error":""},"_links":{"self":[{"href":"https:\/\/www.europesays.com\/fr\/wp-json\/wp\/v2\/posts\/523464","targetHints":{"allow":["GET"]}}],"collection":[{"href":"https:\/\/www.europesays.com\/fr\/wp-json\/wp\/v2\/posts"}],"about":[{"href":"https:\/\/www.europesays.com\/fr\/wp-json\/wp\/v2\/types\/post"}],"author":[{"embeddable":true,"href":"https:\/\/www.europesays.com\/fr\/wp-json\/wp\/v2\/users\/2"}],"replies":[{"embeddable":true,"href":"https:\/\/www.europesays.com\/fr\/wp-json\/wp\/v2\/comments?post=523464"}],"version-history":[{"count":0,"href":"https:\/\/www.europesays.com\/fr\/wp-json\/wp\/v2\/posts\/523464\/revisions"}],"wp:featuredmedia":[{"embeddable":true,"href":"https:\/\/www.europesays.com\/fr\/wp-json\/wp\/v2\/media\/523465"}],"wp:attachment":[{"href":"https:\/\/www.europesays.com\/fr\/wp-json\/wp\/v2\/media?parent=523464"}],"wp:term":[{"taxonomy":"category","embeddable":true,"href":"https:\/\/www.europesays.com\/fr\/wp-json\/wp\/v2\/categories?post=523464"},{"taxonomy":"post_tag","embeddable":true,"href":"https:\/\/www.europesays.com\/fr\/wp-json\/wp\/v2\/tags?post=523464"}],"curies":[{"name":"wp","href":"https:\/\/api.w.org\/{rel}","templated":true}]}}