{"id":523472,"date":"2025-11-09T20:23:17","date_gmt":"2025-11-09T20:23:17","guid":{"rendered":"https:\/\/www.europesays.com\/fr\/523472\/"},"modified":"2025-11-09T20:23:17","modified_gmt":"2025-11-09T20:23:17","slug":"les-francais-freines-garrick-higgo-dechaine","status":"publish","type":"post","link":"https:\/\/www.europesays.com\/fr\/523472\/","title":{"rendered":"Les Fran\u00e7ais frein\u00e9s, Garrick Higgo d\u00e9chain\u00e9 !"},"content":{"rendered":"<p>\t\t\t\t\t\t<img width=\"770\" height=\"552\" src=\"https:\/\/www.europesays.com\/fr\/wp-content\/uploads\/2025\/11\/garrick-higgo-pga-tour-770x552.jpg\" class=\"img-responsive wp-post-image\" alt=\"Garrick Higgo Photo by Alex Slitz \/ GETTY IMAGES NORTH AMERICA \/ Getty Images via AFP\" decoding=\"async\" fetchpriority=\"high\"  \/>\t\t\t\t\t<\/p>\n<p>\t\t\t\t\t\t Partager cet article <\/p>\n<p class=\"screen-reader-text juiz_sps_maybe_hidden_text\">Partager la publication \u00ab\u00a0Les Fran\u00e7ais frein\u00e9s, Garrick Higgo d\u00e9chain\u00e9 !\u00a0\u00bb<\/p>\n<p><strong>Moins \u00e0 leur avantage que la veille, Matthieu Pavon et Victor Perez ont recul\u00e9 samedi au Mexique tandis que le gaucher sud-africain Garrick Higgo (photo) a \u00e9gal\u00e9 le record du parcours pour se hisser en t\u00eate du tournoi \u00e0 la veille du dernier tour !<\/strong><\/p>\n<p>Victorieux au printemps dans le tournoi Alternate du <strong>PGA<\/strong> <strong>Tour<\/strong> \u00e0 Punta Cana, <strong>Garrick Higgo<\/strong> n\u2019a pas jou\u00e9 autant de tournois qu\u2019il le souhaitait cette saison (14) en raison d\u2019une blessure \u00e0 la hanche qui le handicape.<\/p>\n<p><a href=\"https:\/\/www.golfplanete.com\/live-scoring\/\" rel=\"nofollow noopener\" target=\"_blank\">Retrouvez le classement complet &gt;&gt;<\/a><\/p>\n<p>Mais celui qui avait <a href=\"https:\/\/www.golfplanete.com\/actualites\/circuits-pros\/premier-tournoi-et-premiere-victoire-sur-le-pga-tour-pour-le-phenomenal-garrick-higgo\/\" rel=\"nofollow noopener\" target=\"_blank\">subjugu\u00e9 la plan\u00e8te golf en remportant son premier tournoi \u00e0 sa premi\u00e8re participation \u00e0 une \u00e9preuve du PGA Tour<\/a> en 2021 a semble-t-il retrouv\u00e9 la forme ces derni\u00e8res semaines. L\u2019\u00e9l\u00e8ve de <strong>Sean Foley<\/strong>, qui a pr\u00e9f\u00e9r\u00e9 changer son swing plut\u00f4t que de se faire op\u00e9rer, reste en effet sur 3 top 10 dont <a href=\"https:\/\/www.golfplanete.com\/actualites\/steven-fisk-remporte-son-premier-titre-et-sauve-sa-carte-rasmus-hojgaard-sur-le-podium-et-top-15-pour-victor-perez\/\" rel=\"nofollow noopener\" target=\"_blank\">une deuxi\u00e8me place au Sanderson Championship.<\/a><\/p>\n<p>Dimanche, il pourrait inscrire \u00e0 26 ans une 3e victoire \u00e0 son palmar\u00e8s apr\u00e8s un \u201cMoving Day\u201d tout feu tout flamme sur le parcours d\u2019<strong>El Cardonal at Diamante de Los Cabos<\/strong>.\u00a0<\/p>\n<blockquote data-service=\"twitter\" data-category=\"marketing\" data-placeholder-image=\"https:\/\/www.golfplanete.com\/wp-content\/plugins\/complianz-gdpr-premium\/assets\/images\/placeholders\/twitter-minimal.jpg\" class=\"cmplz-placeholder-element twitter-tweet\" data-media-max-width=\"560\"><p>&#13;<\/p>\n<p dir=\"ltr\" lang=\"es\">Una clinica con el driver cortes\u00eda de Garrick Higgo. \ud83e\udd29 <a href=\"https:\/\/t.co\/uvcRTqKIwm\" rel=\"nofollow\">pic.twitter.com\/uvcRTqKIwm<\/a><\/p>\n<p>&#13;<br \/>\n&#13;<br \/>\n\u2014 PGATOUResp (@pgatouresp) <a href=\"https:\/\/twitter.com\/pgatouresp\/status\/1987304899399307520?ref_src=twsrc%5Etfw\" rel=\"nofollow noopener\" target=\"_blank\">November 8, 2025<\/a><\/p><\/blockquote>\n<p>Le natif de Johannesburg a d\u00e9but\u00e9 sa journ\u00e9e pied au plancher avec un eagle d\u2019entr\u00e9e et une s\u00e9rie de cinq birdies cons\u00e9cutifs. Sa carte record de 61 l\u2019a propuls\u00e9 au sommet du classement et personne n\u2019a ensuite r\u00e9ussi \u00e0 le d\u00e9loger de la premi\u00e8re place.<\/p>\n<p>Ben Griffin lorgne sur un troisi\u00e8me succ\u00e8s<\/p>\n<p>Attention cependant, il ne compte que deux coups d\u2019avance sur le meilleur joueur du champ pr\u00e9sent cette semaine au Mexique. <strong>Ben<\/strong> <strong>Griffin<\/strong>, qui vise un troisi\u00e8me titre cette ann\u00e9e, a de nouveau rendu une copie tr\u00e8s propre et r\u00eave d\u2019une victoire en revenant de l\u2019arri\u00e8re.<\/p>\n<p>\u00ab Je suis ravi de ne pas \u00eatre dans le dernier groupe et de n\u2019avoir que deux coups de retard. Je peux faire un eagle au premier trou demain et me retrouver \u00e0 \u00e9galit\u00e9 en t\u00eate. J\u2019ai vraiment h\u00e2te ! J\u2019ai h\u00e2te de r\u00e9aliser un bon score et, je l\u2019esp\u00e8re, de mettre la pression sur les joueurs derri\u00e8re moi, ou tout simplement de faire un score suffisamment bas pour ne plus avoir \u00e0 m\u2019en soucier \u00bb, a d\u00e9clar\u00e9 la r\u00e9v\u00e9lation de la saison \u00e0 l\u2019issue du troisi\u00e8me tour.<\/p>\n<p>\t\t\t\t\t<a id=\"189447\" href=\"https:\/\/golfplus.fr\/content\/57-programme-de-fidelite\" target=\"_blank\" rel=\"sponsorised nofollow noopener\"><img fetchpriority=\"high\" decoding=\"async\" src=\"https:\/\/www.europesays.com\/fr\/wp-content\/uploads\/2025\/10\/golfplus-e28-programme-fidelite-1170x275-1.jpg\" class=\"img-responsive\" alt=\"\"\/><\/a><br \/>\nPerez et Pavon jouent sous le par mais reculent<\/p>\n<p>Malheureusement, malgr\u00e9 de bonnes conditions de jeu \u00e0 nouveau, les deux tricolores qualifi\u00e9s pour les deux derniers tours du 5e tournoi des <a href=\"https:\/\/www.golfplanete.com\/tag\/fedex-cup-fall\/\" rel=\"nofollow noopener\" target=\"_blank\">Fedex Cup Fall<\/a> ont enregistr\u00e9 un recul au classement.<\/p>\n<p>Pourtant bien parti avec 3 birdies en 10 trous, <strong>Victor Perez<\/strong> a flanch\u00e9 dans le dernier tiers avec un double bogey au 14 (un par 5, 3e trou le plus facile du tournoi) et un bogey au 15, un par 4 rendu tr\u00e8s pi\u00e9geux par une position de drapeau d\u00e9licate qui a fait beaucoup de d\u00e9g\u00e2ts samedi.<\/p>\n<p>Avec sa carte de 71, le Tarbais sort du top 10 mais conserve de bonnes chances de bien terminer dimanche pour r\u00e9int\u00e9grer le top 100 de la FedEx Cup synonyme de saison 2026 sur le grand circuit am\u00e9ricain.<\/p>\n<p>Pas concern\u00e9 par ce classement g\u00e9n\u00e9ral puisque b\u00e9n\u00e9ficiant d\u2019une exemption courant jusqu\u2019\u00e0 fin 2026 sur le PGA Tour, <strong>Matthieu Pavon<\/strong> a fait suivre son 64 de la veille par un 70. Auteur de quatre birdies en 14 trous, le Girondin a tr\u00e9buch\u00e9 sur le 15 enregistrant l\u2019un des 14 double-bogeys ou plus recens\u00e9s lors du troisi\u00e8me tour. Un seul birdie a \u00e9t\u00e9 sign\u00e9 sur ce trou, il est l\u2019\u0153uvre de l\u2019Am\u00e9ricain <strong>Trevor Cone<\/strong>.<\/p>\n<blockquote data-service=\"twitter\" data-category=\"marketing\" data-placeholder-image=\"https:\/\/www.golfplanete.com\/wp-content\/plugins\/complianz-gdpr-premium\/assets\/images\/placeholders\/twitter-minimal.jpg\" class=\"cmplz-placeholder-element twitter-tweet\"><p>&#13;<\/p>\n<p dir=\"ltr\" lang=\"en\">67 players have played the 15th hole <a href=\"https:\/\/twitter.com\/WTTChampionship?ref_src=twsrc%5Etfw\" rel=\"nofollow noopener\" target=\"_blank\">@WTTChampionship<\/a> \u2026 Trevor Cone is the only one to make birdie \ud83d\ude31<\/p>\n<p>The 462-yard par 4 is playing .812 strokes over par today.<\/p>\n<p>\ud83d\udcfa Golf Channel <a href=\"https:\/\/t.co\/NB9QnFnGDS\" rel=\"nofollow\">pic.twitter.com\/NB9QnFnGDS<\/a><\/p>\n<p>&#13;<br \/>\n&#13;<br \/>\n\u2014 PGA TOUR (@PGATOUR) <a href=\"https:\/\/twitter.com\/PGATOUR\/status\/1987276195931824248?ref_src=twsrc%5Etfw\" rel=\"nofollow noopener\" target=\"_blank\">November 8, 2025<\/a><\/p><\/blockquote>\n<p>Rappelons que le Parisien <strong>Antoine Rozner<\/strong> a enchain\u00e9 avec un 4e cut cons\u00e9cutif manqu\u00e9 sur le PGA Tour. Le joueur du <strong>RCF<\/strong> n\u2019a plus le droit \u00e0 l\u2019erreur lors des deux prochains tournois puisqu\u2019il navigue d\u00e9sormais au-del\u00e0 de la 160e place <a href=\"https:\/\/www.pgatour.com\/fedexcup\" target=\"_blank\" rel=\"noopener nofollow\">de la FedEx Cup<\/a>, tr\u00e8s loin du top 100 qu\u2019il doit int\u00e9grer \u00e0 tout prix s\u2019il souhaite poursuivre sa carri\u00e8re sur le PGA Tour l\u2019an prochain.<\/p>\n<p>\t\t\t\t\t<a id=\"190113\" href=\"https:\/\/abacussportswear.com\/en\/france\" target=\"_blank\" rel=\"sponsorised nofollow noopener\"><img decoding=\"async\" src=\"data:image\/svg+xml,%3Csvg%20xmlns=\" http:=\"\" class=\"img-responsive\" alt=\"\" data-lazy-src=\"https:\/\/www.europesays.com\/fr\/wp-content\/uploads\/2025\/10\/abacus-e06-portrush-1170x275-1.gif\"\/><\/a><br \/>\nLe leaderboard<\/p>\n<p><img loading=\"lazy\" decoding=\"async\" class=\"alignnone size-image-largeur-770 wp-image-191151\" src=\"data:image\/svg+xml,%3Csvg%20xmlns=\" http:=\"\" alt=\"\" width=\"770\" height=\"759\" data-lazy- data-lazy- data-lazy-src=\"https:\/\/www.europesays.com\/fr\/wp-content\/uploads\/2025\/11\/capture-2025-11-09-a-04.23.23-770x759.jpg\"\/><\/p>\n<p>\u00a0Photo \u00a9 Alex Slitz \/ GETTY IMAGES NORTH AMERICA \/ Getty Images via AFP<\/p>\n<p>\t\t\t<script async src=\"https:\/\/platform.twitter.com\/widgets.js\" charset=\"utf-8\"><\/script><\/p>\n","protected":false},"excerpt":{"rendered":"Partager cet article Partager la publication \u00ab\u00a0Les Fran\u00e7ais frein\u00e9s, Garrick Higgo d\u00e9chain\u00e9 !\u00a0\u00bb Moins \u00e0 leur avantage que&hellip;\n","protected":false},"author":2,"featured_media":523473,"comment_status":"","ping_status":"","sticky":false,"template":"","format":"standard","meta":{"footnotes":""},"categories":[1418],"tags":[1011,27,1472,60],"class_list":{"0":"post-523472","1":"post","2":"type-post","3":"status-publish","4":"format-standard","5":"has-post-thumbnail","7":"category-golf","8":"tag-fr","9":"tag-france","10":"tag-golf","11":"tag-sports"},"share_on_mastodon":{"url":"https:\/\/pubeurope.com\/@fr\/115521612625096226","error":""},"_links":{"self":[{"href":"https:\/\/www.europesays.com\/fr\/wp-json\/wp\/v2\/posts\/523472","targetHints":{"allow":["GET"]}}],"collection":[{"href":"https:\/\/www.europesays.com\/fr\/wp-json\/wp\/v2\/posts"}],"about":[{"href":"https:\/\/www.europesays.com\/fr\/wp-json\/wp\/v2\/types\/post"}],"author":[{"embeddable":true,"href":"https:\/\/www.europesays.com\/fr\/wp-json\/wp\/v2\/users\/2"}],"replies":[{"embeddable":true,"href":"https:\/\/www.europesays.com\/fr\/wp-json\/wp\/v2\/comments?post=523472"}],"version-history":[{"count":0,"href":"https:\/\/www.europesays.com\/fr\/wp-json\/wp\/v2\/posts\/523472\/revisions"}],"wp:featuredmedia":[{"embeddable":true,"href":"https:\/\/www.europesays.com\/fr\/wp-json\/wp\/v2\/media\/523473"}],"wp:attachment":[{"href":"https:\/\/www.europesays.com\/fr\/wp-json\/wp\/v2\/media?parent=523472"}],"wp:term":[{"taxonomy":"category","embeddable":true,"href":"https:\/\/www.europesays.com\/fr\/wp-json\/wp\/v2\/categories?post=523472"},{"taxonomy":"post_tag","embeddable":true,"href":"https:\/\/www.europesays.com\/fr\/wp-json\/wp\/v2\/tags?post=523472"}],"curies":[{"name":"wp","href":"https:\/\/api.w.org\/{rel}","templated":true}]}}